{"id":135439,"date":"2025-05-28T23:00:11","date_gmt":"2025-05-28T23:00:11","guid":{"rendered":"https:\/\/www.europesays.com\/fr\/135439\/"},"modified":"2025-05-28T23:00:11","modified_gmt":"2025-05-28T23:00:11","slug":"lemir-retire-la-nationalite-a-plus-de-37-000-habitants-surtout-des-femmes-et-inquiete-lonu","status":"publish","type":"post","link":"https:\/\/www.europesays.com\/fr\/135439\/","title":{"rendered":"L\u2019\u00e9mir retire la nationalit\u00e9 \u00e0 plus de 37.000 habitants (surtout des femmes) et inqui\u00e8te l\u2019ONU"},"content":{"rendered":"<p>Le <a href=\"https:\/\/www.20minutes.fr\/monde\/onu\/\" target=\"_blank\" class=\"color-ultramarine c-link\" rel=\"noopener\">Haut-Commissariat des Nations Unies<\/a> aux droits de l\u2019homme alerte sur une vague sans pr\u00e9c\u00e9dent de <a href=\"https:\/\/www.20minutes.fr\/societe\/decheance_de_nationalite\/\" target=\"_blank\" class=\"color-ultramarine c-link\" rel=\"noopener\">d\u00e9ch\u00e9ances de nationalit\u00e9<\/a> au <a href=\"https:\/\/www.20minutes.fr\/monde\/koweit\/\" target=\"_blank\" class=\"color-ultramarine c-link\" rel=\"noopener\">Kowe\u00eft<\/a>, frappant plus de 37.000 personnes depuis ao\u00fbt\u00a02024, dont une large majorit\u00e9 de femmes. Ces d\u00e9cisions, prises sans possibilit\u00e9 de recours judiciaire, inqui\u00e8tent profond\u00e9ment la communaut\u00e9 internationale et les d\u00e9fenseurs des <a href=\"https:\/\/www.20minutes.fr\/monde\/droits_de_l_homme-1\/\" target=\"_blank\" class=\"color-ultramarine c-link\" rel=\"noopener\">droits humains<\/a>.<\/p>\n<p>Selon les chiffres officiels, au moins 26.000 femmes ont \u00e9t\u00e9 touch\u00e9es par ces r\u00e9vocations, un chiffre qui pourrait \u00eatre sous-estim\u00e9. Cette campagne radicale s\u2019inscrit dans les r\u00e9formes men\u00e9es par l\u2019\u00e9mir cheikh Mechal al-Ahmad al-Sabah, arriv\u00e9 au pouvoir fin\u00a02023. Depuis son investiture, il a dissous le Parlement, suspendu partiellement la <a href=\"https:\/\/www.20minutes.fr\/dossier\/constitution\" target=\"_blank\" class=\"color-ultramarine c-link\" rel=\"noopener\">Constitution<\/a> et engag\u00e9 une red\u00e9finition de la citoyennet\u00e9 fond\u00e9e sur les liens de sang.<\/p>\n<\/p>\n<p>Les binationaux \u00e9galement vis\u00e9s<\/p>\n<p>\u00ab\u00a0Nous sommes profond\u00e9ment pr\u00e9occup\u00e9s par les r\u00e9centes r\u00e9vocations de nationalit\u00e9 d\u00e9cid\u00e9es par le Kowe\u00eft, en particulier concernant les personnes ayant renonc\u00e9 \u00e0 leur <a href=\"https:\/\/www.20minutes.fr\/dossier\/citoyennete\" target=\"_blank\" class=\"color-ultramarine c-link\" rel=\"noopener\">citoyennet\u00e9<\/a> ant\u00e9rieure, et par l\u2019extension de ces r\u00e9vocations \u00e0 leurs proches\u00a0\u00bb, a d\u00e9clar\u00e9 \u00e0 l\u2019AFP Seif Magango, porte-parole du Haut-Commissariat aux droits de l\u2019homme.<\/p>\n<p><a href=\"https:\/\/www.20minutes.fr\/monde\/koweit\/\" target=\"_blank\" class=\"c-link c-btn c-btn--primary\" rel=\"noopener\">Notre dossier sur le Kowe\u00eft<\/a><\/p>\n<p>Le nouveau cadre l\u00e9gal a notamment supprim\u00e9 la naturalisation par mariage \u2013 jusqu\u2019ici r\u00e9serv\u00e9e aux femmes \u2013 r\u00e9troactivement jusqu\u2019\u00e0\u00a01987, entra\u00eenant la perte de nationalit\u00e9 de milliers d\u2019\u00e9pouses. Sont \u00e9galement vis\u00e9s les binationaux, malgr\u00e9 l\u2019interdiction de la double nationalit\u00e9 au Kowe\u00eft, les personnes accus\u00e9es de naturalisation frauduleuse ainsi que des figures publiques naturalis\u00e9es en raison de leur contribution \u00e0 la soci\u00e9t\u00e9, comme des artistes.<\/p>\n","protected":false},"excerpt":{"rendered":"Le Haut-Commissariat des Nations Unies aux droits de l\u2019homme alerte sur une vague sans pr\u00e9c\u00e9dent de d\u00e9ch\u00e9ances de&hellip;\n","protected":false},"author":2,"featured_media":135440,"comment_status":"","ping_status":"","sticky":false,"template":"","format":"standard","meta":{"footnotes":""},"categories":[5],"tags":[47,11,15964,26138,6121,4625,1294,1011,27,14,26137,74,9112,12,3521,28],"class_list":{"0":"post-135439","1":"post","2":"type-post","3":"status-publish","4":"format-standard","5":"has-post-thumbnail","7":"category-international","8":"tag-actualite","9":"tag-actualites","10":"tag-citoyennete","11":"tag-decheance-de-nationalite","12":"tag-droits-des-femmes","13":"tag-droits-humains","14":"tag-femme","15":"tag-fr","16":"tag-france","17":"tag-international","18":"tag-koweit","19":"tag-monde","20":"tag-nationalite","21":"tag-news","22":"tag-onu","23":"tag-world"},"share_on_mastodon":{"url":"https:\/\/pubeurope.com\/@fr\/114587947763136420","error":""},"_links":{"self":[{"href":"https:\/\/www.europesays.com\/fr\/wp-json\/wp\/v2\/posts\/135439","targetHints":{"allow":["GET"]}}],"collection":[{"href":"https:\/\/www.europesays.com\/fr\/wp-json\/wp\/v2\/posts"}],"about":[{"href":"https:\/\/www.europesays.com\/fr\/wp-json\/wp\/v2\/types\/post"}],"author":[{"embeddable":true,"href":"https:\/\/www.europesays.com\/fr\/wp-json\/wp\/v2\/users\/2"}],"replies":[{"embeddable":true,"href":"https:\/\/www.europesays.com\/fr\/wp-json\/wp\/v2\/comments?post=135439"}],"version-history":[{"count":0,"href":"https:\/\/www.europesays.com\/fr\/wp-json\/wp\/v2\/posts\/135439\/revisions"}],"wp:featuredmedia":[{"embeddable":true,"href":"https:\/\/www.europesays.com\/fr\/wp-json\/wp\/v2\/media\/135440"}],"wp:attachment":[{"href":"https:\/\/www.europesays.com\/fr\/wp-json\/wp\/v2\/media?parent=135439"}],"wp:term":[{"taxonomy":"category","embeddable":true,"href":"https:\/\/www.europesays.com\/fr\/wp-json\/wp\/v2\/categories?post=135439"},{"taxonomy":"post_tag","embeddable":true,"href":"https:\/\/www.europesays.com\/fr\/wp-json\/wp\/v2\/tags?post=135439"}],"curies":[{"name":"wp","href":"https:\/\/api.w.org\/{rel}","templated":true}]}}