{"id":135441,"date":"2025-05-28T23:01:09","date_gmt":"2025-05-28T23:01:09","guid":{"rendered":"https:\/\/www.europesays.com\/fr\/135441\/"},"modified":"2025-05-28T23:01:09","modified_gmt":"2025-05-28T23:01:09","slug":"interdiction-des-couteaux-zombies-traque-sur-les-reseaux-videosurveillance-ce-que-propose-le-rapport-sur-les-violences-par-armes-blanches-chez-les-mineurs","status":"publish","type":"post","link":"https:\/\/www.europesays.com\/fr\/135441\/","title":{"rendered":"Interdiction des couteaux zombies, \u00abtraque\u00bb sur les r\u00e9seaux, vid\u00e9osurveillance&#8230; Ce que propose le rapport sur les violences par armes blanches chez les mineurs"},"content":{"rendered":"<p>Ce document, transmis \u00e0 Matignon ce mercredi, pointe une \u00abviolence juv\u00e9nile de plus en plus arm\u00e9e\u00bb et souligne qu\u2019une arme blanche est impliqu\u00e9e dans 57% des homicides commis par des mineurs.<\/p>\n<p class=\"fig-paragraph\"><a href=\"http:\/\/www.lefigaro.fr\/faits-divers\/meurtre-de-matisse-a-chateauroux-un-mineur-afghan-condamne-a-8-ans-de-prison-ferme-20250528\" target=\"_blank\" data-fig-type=\"NewsFlash\" rel=\"noopener\" data-gtm-custom-categorie=\"navigation\" data-gtm-custom-action=\"crossclick\" data-gtm-custom-label=\"Contextuel\" data-gtm-event=\"customEventSPE\" data-fig-domain=\"LEFIGARO\">Matisse<\/a>\u00a0\u00e0 Ch\u00e2teauroux, Hasan \u00e0\u00a0<a href=\"http:\/\/www.lefigaro.fr\/faits-divers\/adolescent-tue-dans-l-oise-la-mise-en-examen-pour-meurtre-en-bande-organisee-requise-pour-trois-suspects-20250522\" target=\"_blank\" data-fig-type=\"NewsFlash\" rel=\"noopener\" data-gtm-custom-categorie=\"navigation\" data-gtm-custom-action=\"crossclick\" data-gtm-custom-label=\"Contextuel\" data-gtm-event=\"customEventSPE\" data-fig-domain=\"LEFIGARO\">Nogent-sur-Oise<\/a>,\u00a0<a href=\"http:\/\/www.lefigaro.fr\/actualite-france\/dossier\/attaque-mortelle-a-crepol-tout-savoir-sur-le-meurtre-de-thomas-et-l-avancee-de-l-enquete-sur-les-agresseurs\" target=\"_blank\" data-fig-type=\"Topic\" rel=\"noopener\" data-gtm-custom-categorie=\"navigation\" data-gtm-custom-action=\"crossclick\" data-gtm-custom-label=\"Contextuel\" data-gtm-event=\"customEventSPE\" data-fig-domain=\"LEFIGARO\">Thomas \u00e0 Cr\u00e9pol<\/a>&#8230; Les adolescents sont de plus en plus victimes d\u2019agressions violentes \u00e0 l\u2019<a href=\"http:\/\/www.lefigaro.fr\/nice\/alpes-maritimes-un-trentenaire-tue-par-arme-blanche-sa-compagne-en-garde-a-vue-20250509\" target=\"_blank\" data-fig-type=\"NewsFlash\" rel=\"noopener\" data-gtm-custom-categorie=\"navigation\" data-gtm-custom-action=\"crossclick\" data-gtm-custom-label=\"Contextuel\" data-gtm-event=\"customEventSPE\" data-fig-domain=\"LEFIGARO\">arme blanche<\/a>, commises par d\u2019autres mineurs et se soldant, parfois, par de dramatiques\u00a0<a href=\"http:\/\/www.lefigaro.fr\/faits-divers\/un-gamin-plein-d-humour-le-pere-de-matisse-poignarde-a-mort-a-chateauroux-il-y-a-un-an-lui-rend-hommage-avant-le-proces-20250526\" target=\"_blank\" data-fig-type=\"NewsFlash\" rel=\"noopener\" data-gtm-custom-categorie=\"navigation\" data-gtm-custom-action=\"crossclick\" data-gtm-custom-label=\"Contextuel\" data-gtm-event=\"customEventSPE\" data-fig-domain=\"LEFIGARO\">d\u00e9c\u00e8s<\/a>. Conscient de ce fl\u00e9au, le premier ministre\u00a0<a href=\"http:\/\/www.lefigaro.fr\/politique\/aide-a-mourir-pourquoi-francois-bayrou-maintient-ses-interrogations-20250527\" target=\"_blank\" data-fig-type=\"Article\" rel=\"noopener\" data-gtm-custom-categorie=\"navigation\" data-gtm-custom-action=\"crossclick\" data-gtm-custom-label=\"Contextuel\" data-gtm-event=\"customEventSPE\" data-fig-domain=\"LEFIGARO\">Fran\u00e7ois Bayrou<\/a>\u00a0a lanc\u00e9 \u00e0 la fin du mois d\u2019avril, peu apr\u00e8s une attaque au couteau dans le lyc\u00e9e\u00a0<a href=\"http:\/\/www.lefigaro.fr\/faits-divers\/lyceenne-tuee-a-nantes-comment-deceler-les-problemes-de-sante-mentale-chez-les-adolescents-20250425\" target=\"_blank\" data-fig-type=\"Article\" rel=\"noopener\" data-gtm-custom-categorie=\"navigation\" data-gtm-custom-action=\"crossclick\" data-gtm-custom-label=\"Contextuel\" data-gtm-event=\"customEventSPE\" data-fig-domain=\"LEFIGARO\">Notre-Dame de Toutes-Aides<\/a>\u00a0de Nantes o\u00f9 une lyc\u00e9enne a trouv\u00e9 la mort, une mission nomm\u00e9e \u00abMineurs-Armes blanche\u00bb.<\/p>\n<p class=\"fig-paragraph\">Confi\u00e9e \u00e0 la vice-pr\u00e9sidente de l\u2019Assembl\u00e9e nationale Na\u00efma Moutchou et l\u2019ancien pr\u00e9fet de Savoie Fran\u00e7ois Ravier, cette mission a donn\u00e9 lieu \u00e0 un rapport, envoy\u00e9 ce mercredi 28 mai \u00e0 Matignon, selon nos confr\u00e8res de\u00a0<a href=\"https:\/\/www.bfmtv.com\/police-justice\/vente-interdite-videoprotection-devant-les-ecoles-les-propositions-du-rapport-sur-les-mineurs-et-les-armes-blanches_AN-202505280762.html\" target=\"_blank\" rel=\"noopener\" data-gtm-custom-categorie=\"navigation\" data-gtm-custom-action=\"crossclick\" data-gtm-custom-label=\"Contextuel\" data-gtm-event=\"customEventSPE\">BFMTV<\/a>\u00a0et\u00a0<a href=\"https:\/\/www.rtl.fr\/actu\/politique\/mission-mineurs-et-armes-blanches-decouvrez-les-propositions-du-rapport-remis-a-francois-bayrou-7900510325\" target=\"_blank\" rel=\"noopener\" data-gtm-custom-categorie=\"navigation\" data-gtm-custom-action=\"crossclick\" data-gtm-custom-label=\"Contextuel\" data-gtm-event=\"customEventSPE\">RTL<\/a>. Ce document, qui pointe une \u00abviolence juv\u00e9nile de plus en plus arm\u00e9e\u00bb, souligne en pr\u00e9ambule que 31% des auteurs pr\u00e9sum\u00e9s de vols avec armes sont des mineurs de 13 \u00e0 17 ans, selon des donn\u00e9es de 2024. En outre, une arme blanche est impliqu\u00e9e dans 57% des homicides commis par des mineurs.<\/p>\n<p class=\"fig-paragraph\">Une trentaine d\u2019auditions ont \u00e9t\u00e9 men\u00e9es pour \u00e9laborer ce rapport, d\u00e9coup\u00e9 en cinq parties. Plusieurs propositions visant \u00e0 \u00abexaminer les \u00e9volutions normatives n\u00e9cessaires, le renforcement de la s\u00e9curit\u00e9 scolaire, les leviers de r\u00e9ponse p\u00e9nale, et enfin les dispositifs \u00e0 mettre en place pour mieux prot\u00e9ger notre jeunesse\u00bb y sont formul\u00e9es.<\/p>\n<p class=\"fig-paragraph\">Il pr\u00e9conise notamment une interdiction \u00ab\u00e0 la vente comme en ligne\u00bb des armes zombies, ces lames d\u2019une vingtaine de centim\u00e8tres, g\u00e9n\u00e9ralement incurv\u00e9es et \u00e0 double tranchant, con\u00e7ues pour pouvoir r\u00e9sister \u00e0 une invasion fictive de ces cr\u00e9atures de r\u00e9cit d\u2019horreur. Le rapport conseille de les classer en \u00abcat\u00e9gorie A\u00bb, aux c\u00f4t\u00e9s des armes de guerre.<\/p>\n<p>\u00abTraque\u00bb sur les r\u00e9seaux sociaux<\/p>\n<p class=\"fig-paragraph\">Le document appelle en outre \u00e0 organiser une \u00abtraque\u00bb sur les r\u00e9seaux sociaux, o\u00f9 la \u00abvente de\u00a0<a href=\"http:\/\/www.lefigaro.fr\/international\/les-juges-avaient-le-couteau-sous-la-gorge-en-tunisie-la-societe-civile-denonce-l-instrumentalisation-de-la-justice-20250525\" target=\"_blank\" data-fig-type=\"Article\" rel=\"noopener\" data-gtm-custom-categorie=\"navigation\" data-gtm-custom-action=\"crossclick\" data-gtm-custom-label=\"Contextuel\" data-gtm-event=\"customEventSPE\" data-fig-domain=\"LEFIGARO\">couteaux<\/a> \u00bb serait organis\u00e9e en toute impunit\u00e9. Il propose aussi le d\u00e9ploiement obligatoire de la vid\u00e9osurveillance \u00e0 l\u2019entr\u00e9e des \u00e9tablissements scolaires, avec la possibilit\u00e9 d\u2019une exp\u00e9rimentation pour les collectivit\u00e9s volontaires.<\/p>\n<p class=\"fig-paragraph\">Autres mesures \u00e9voqu\u00e9es, l\u2019obligation de la \u00absaisine du conseil de discipline d\u00e8s lors qu\u2019un \u00e9l\u00e8ve est en possession d\u2019une arme par nature ou par destination sans motif l\u00e9gitime\u00bb, l\u2019extension de \u00abl\u2019interdiction des t\u00e9l\u00e9phones portables au sein des \u00e9tablissements scolaires\u00bb, ainsi que la \u00abcr\u00e9ation d\u2019une circonstance aggravante au d\u00e9lit de port d\u2019une arme sans motif l\u00e9gitime\u00bb.<\/p>\n<p class=\"fig-paragraph\">Les propositions du rapport n\u2019ont pour l\u2019heure pas \u00e9t\u00e9 arbitr\u00e9es par le premier ministre. Toujours est-il que, selon nos informations, une r\u00e9union s\u2019est tenue ce mardi soir \u00e0 ce sujet, \u00e0 Matignon.<\/p>\n","protected":false},"excerpt":{"rendered":"Ce document, transmis \u00e0 Matignon ce mercredi, pointe une \u00abviolence juv\u00e9nile de plus en plus arm\u00e9e\u00bb et souligne&hellip;\n","protected":false},"author":2,"featured_media":135442,"comment_status":"","ping_status":"","sticky":false,"template":"","format":"standard","meta":{"footnotes":""},"categories":[4],"tags":[47,1058,1054,1059,1060,1055,11,5264,1057,118,1011,27,1061,303,12,1062,25,656,104,1056,809],"class_list":{"0":"post-135441","1":"post","2":"type-post","3":"status-publish","4":"format-standard","5":"has-post-thumbnail","7":"category-france","8":"tag-actualite","9":"tag-actualite-education","10":"tag-actualite-france","11":"tag-actualite-justice","12":"tag-actualite-securite","13":"tag-actualite-societe","14":"tag-actualites","15":"tag-couteau","16":"tag-education","17":"tag-faits-divers","18":"tag-fr","19":"tag-france","20":"tag-immigration","21":"tag-justice","22":"tag-news","23":"tag-polemique","24":"tag-republique-francaise","25":"tag-securite","26":"tag-societe","27":"tag-societe-francaise","28":"tag-violence"},"share_on_mastodon":{"url":"https:\/\/pubeurope.com\/@fr\/114587951683033857","error":""},"_links":{"self":[{"href":"https:\/\/www.europesays.com\/fr\/wp-json\/wp\/v2\/posts\/135441","targetHints":{"allow":["GET"]}}],"collection":[{"href":"https:\/\/www.europesays.com\/fr\/wp-json\/wp\/v2\/posts"}],"about":[{"href":"https:\/\/www.europesays.com\/fr\/wp-json\/wp\/v2\/types\/post"}],"author":[{"embeddable":true,"href":"https:\/\/www.europesays.com\/fr\/wp-json\/wp\/v2\/users\/2"}],"replies":[{"embeddable":true,"href":"https:\/\/www.europesays.com\/fr\/wp-json\/wp\/v2\/comments?post=135441"}],"version-history":[{"count":0,"href":"https:\/\/www.europesays.com\/fr\/wp-json\/wp\/v2\/posts\/135441\/revisions"}],"wp:featuredmedia":[{"embeddable":true,"href":"https:\/\/www.europesays.com\/fr\/wp-json\/wp\/v2\/media\/135442"}],"wp:attachment":[{"href":"https:\/\/www.europesays.com\/fr\/wp-json\/wp\/v2\/media?parent=135441"}],"wp:term":[{"taxonomy":"category","embeddable":true,"href":"https:\/\/www.europesays.com\/fr\/wp-json\/wp\/v2\/categories?post=135441"},{"taxonomy":"post_tag","embeddable":true,"href":"https:\/\/www.europesays.com\/fr\/wp-json\/wp\/v2\/tags?post=135441"}],"curies":[{"name":"wp","href":"https:\/\/api.w.org\/{rel}","templated":true}]}}