{"id":135443,"date":"2025-05-28T23:02:10","date_gmt":"2025-05-28T23:02:10","guid":{"rendered":"https:\/\/www.europesays.com\/fr\/135443\/"},"modified":"2025-05-28T23:02:10","modified_gmt":"2025-05-28T23:02:10","slug":"ladministration-trump-menace-de-remplacer-les-revues-scientifiques","status":"publish","type":"post","link":"https:\/\/www.europesays.com\/fr\/135443\/","title":{"rendered":"l\u2019administration Trump menace de remplacer les revues scientifiques"},"content":{"rendered":"<p>Le ministre am\u00e9ricain de la Sant\u00e9, Robert Kennedy Jr, s\u2019en est pris cette semaine aux grandes revues m\u00e9dicales qu\u2019il estime aux mains des laboratoires pharmaceutiques,<\/p>\n<p class=\"fig-paragraph\">Le ministre am\u00e9ricain de la Sant\u00e9, Robert Kennedy Jr, s&rsquo;en est pris cette semaine aux grandes revues m\u00e9dicales qu&rsquo;il estime aux mains des laboratoires pharmaceutiques, mena\u00e7ant d&rsquo;interdire la publication sur ces supports de travaux produits par des scientifiques gouvernementaux am\u00e9ricains.<br \/>\u00a0\u00abNous allons probablement cesser les publications dans le Lancet, le New England Journal of Medicine, JAMA et dans d&rsquo;autres revues parce qu&rsquo;elles sont toutes corrompues\u00bb, a lanc\u00e9 le ministre de\u00a0<a href=\"http:\/\/www.lefigaro.fr\/flash-actu\/trump-envisage-de-reduire-de-40-milliards-le-budget-du-ministere-de-la-sante-20250417\" data-fig-type=\"NewsFlash\" data-gtm-custom-categorie=\"navigation\" data-gtm-custom-action=\"crossclick\" data-gtm-custom-label=\"Contextuel\" data-gtm-event=\"customEventSPE\" data-fig-domain=\"LEFIGARO\" target=\"_blank\" rel=\"noopener\">Donald Trump<\/a>\u00a0dans un podcast diffus\u00e9 mardi, marquant une nouvelle \u00e9tape dans son offensive contre les autorit\u00e9s scientifiques \u00e9tablies.<\/p>\n<p class=\"fig-paragraph\">\u00ab\u00c0 moins que ces revues ne changent radicalement, nous allons emp\u00eacher les scientifiques des NIH (instituts f\u00e9d\u00e9raux en charge de la recherche m\u00e9dicale, NDLR) de publier dans ces revues et nous allons cr\u00e9er nos propres revues\u00bb, a-t-il poursuivi au micro de l&rsquo;influenceur Gary Brecka. Contest\u00e9 pour ses positions antivaccin et sa promotion de certaines id\u00e9es oppos\u00e9es au consensus scientifiques, RFK Jr d\u00e9nonce depuis des ann\u00e9es l&rsquo;influence accrue des g\u00e9ants pharmaceutiques dans le syst\u00e8me m\u00e9dical am\u00e9ricain et avait d\u00e9j\u00e0 mis en cause ces revues scientifiques, parmi les plus prestigieuses et influentes.<\/p>\n<p>Remise en cause de la recherche clinique<\/p>\n<p class=\"fig-paragraph\">Fond\u00e9es au XIXe si\u00e8cle, le Lancet, le New England Journal of Medicine (NEJM) et JAMA jouent un r\u00f4le central dans le\u00a0<a href=\"http:\/\/www.lefigaro.fr\/international\/aux-etats-unis-le-financement-public-de-la-recherche-medicale-soumis-a-des-coupes-budgetaires-20250209\" data-fig-type=\"NewsFlash\" data-gtm-custom-categorie=\"navigation\" data-gtm-custom-action=\"crossclick\" data-gtm-custom-label=\"Contextuel\" data-gtm-event=\"customEventSPE\" data-fig-domain=\"LEFIGARO\" target=\"_blank\" rel=\"noopener\">domaine de la recherche<\/a>\u00a0m\u00e9dicale. Les \u00e9tudes qu&rsquo;elles publient sont \u00ab\u00e9valu\u00e9es par les pairs\u00bb, c&rsquo;est-\u00e0-dire examin\u00e9es minutieusement par des experts sp\u00e9cialistes des sujets concern\u00e9s. Mais selon le ministre, qui met notamment en exergue le t\u00e9moignage de Marcia Angell, ancienne haute responsable du NEJM, ces grands titres ne seraient pas fiables, car aux mains des laboratoires pharmaceutiques. \u00abVous devez payer 10.000 dollars pour que l&rsquo;\u00e9tude soit publi\u00e9e. Donc l&rsquo;entreprise pharmaceutique concocte une \u00e9tude qui montre le r\u00e9sultat qu&rsquo;elle souhaite (&#8230;) et elle la publie\u00bb, a-t-il ainsi accus\u00e9.<\/p>\n<p class=\"fig-paragraph\">Au d\u00e9but des ann\u00e9es 2000, Marcia Angell avait publi\u00e9 un livre sur les g\u00e9ants pharmaceutiques dans lequel elle \u00e9crivait notamment qu&rsquo;il n&rsquo;\u00e9tait \u00abplus possible de croire une grande partie de la recherche clinique publi\u00e9e\u00bb. Robert Kennedy Jr accuse \u00e9galement plusieurs agences sanitaires qu&rsquo;il supervise d&rsquo;\u00eatre aux mains des g\u00e9ants pharmaceutiques et a initi\u00e9 une profonde refonte de son minist\u00e8re visant selon lui \u00e0 lutter contre une \u00abprolif\u00e9ration bureaucratique\u00bb et \u00e0 restaurer la confiance de la population dans les autorit\u00e9s.<\/p>\n","protected":false},"excerpt":{"rendered":"Le ministre am\u00e9ricain de la Sant\u00e9, Robert Kennedy Jr, s\u2019en est pris cette semaine aux grandes revues m\u00e9dicales&hellip;\n","protected":false},"author":2,"featured_media":135444,"comment_status":"","ping_status":"","sticky":false,"template":"","format":"standard","meta":{"footnotes":""},"categories":[2],"tags":[8704,47,8699,11,8707,8706,4988,1011,27,8705,8700,5362,226,224,8701,225,12,8702,298,71,8703,801,227],"class_list":{"0":"post-135443","1":"post","2":"type-post","3":"status-publish","4":"format-standard","5":"has-post-thumbnail","7":"category-actualites","8":"tag-actu-sante","9":"tag-actualite","10":"tag-actualite-sante","11":"tag-actualites","12":"tag-conseil-medical","13":"tag-conseils-medicaux","14":"tag-forme","15":"tag-fr","16":"tag-france","17":"tag-guide-des-medicaments","18":"tag-info-sante","19":"tag-magazine-sante","20":"tag-maladie","21":"tag-medecine","22":"tag-medical","23":"tag-medicament","24":"tag-news","25":"tag-nutrition-et-sante","26":"tag-psychologie","27":"tag-sante","28":"tag-sexualite","29":"tag-social","30":"tag-traitement"},"share_on_mastodon":{"url":"https:\/\/pubeurope.com\/@fr\/114587955627856105","error":""},"_links":{"self":[{"href":"https:\/\/www.europesays.com\/fr\/wp-json\/wp\/v2\/posts\/135443","targetHints":{"allow":["GET"]}}],"collection":[{"href":"https:\/\/www.europesays.com\/fr\/wp-json\/wp\/v2\/posts"}],"about":[{"href":"https:\/\/www.europesays.com\/fr\/wp-json\/wp\/v2\/types\/post"}],"author":[{"embeddable":true,"href":"https:\/\/www.europesays.com\/fr\/wp-json\/wp\/v2\/users\/2"}],"replies":[{"embeddable":true,"href":"https:\/\/www.europesays.com\/fr\/wp-json\/wp\/v2\/comments?post=135443"}],"version-history":[{"count":0,"href":"https:\/\/www.europesays.com\/fr\/wp-json\/wp\/v2\/posts\/135443\/revisions"}],"wp:featuredmedia":[{"embeddable":true,"href":"https:\/\/www.europesays.com\/fr\/wp-json\/wp\/v2\/media\/135444"}],"wp:attachment":[{"href":"https:\/\/www.europesays.com\/fr\/wp-json\/wp\/v2\/media?parent=135443"}],"wp:term":[{"taxonomy":"category","embeddable":true,"href":"https:\/\/www.europesays.com\/fr\/wp-json\/wp\/v2\/categories?post=135443"},{"taxonomy":"post_tag","embeddable":true,"href":"https:\/\/www.europesays.com\/fr\/wp-json\/wp\/v2\/tags?post=135443"}],"curies":[{"name":"wp","href":"https:\/\/api.w.org\/{rel}","templated":true}]}}