{"id":135449,"date":"2025-05-28T23:05:50","date_gmt":"2025-05-28T23:05:50","guid":{"rendered":"https:\/\/www.europesays.com\/fr\/135449\/"},"modified":"2025-05-28T23:05:50","modified_gmt":"2025-05-28T23:05:50","slug":"je-nai-plus-de-vie","status":"publish","type":"post","link":"https:\/\/www.europesays.com\/fr\/135449\/","title":{"rendered":"\u00ab\u00a0Je n\u2019ai plus de vie\u00a0\u00bb"},"content":{"rendered":"<p>C\u00e9line Wilbois ne parvient pas \u00e0 retenir son \u00e9motion. Lorsque cette m\u00e8re de famille de <a href=\"https:\/\/www.estrepublicain.fr\/recherche?q=Saulxures-l%C3%A8s-Nancy&amp;x=0&amp;y=0&amp;x=1&amp;y=1\" target=\"_blank\" rel=\"noopener\">Saulxures-l\u00e8s-Nancy<\/a> raconte son histoire, sa gorge se noue r\u00e9guli\u00e8rement. Les mots n\u2019arrivent plus \u00e0 sortir. Ses yeux rougissent et des larmes coulent.<\/p>\n<p>\u00ab\u00a0J\u2019\u00e9tais quelqu\u2019un de dynamique. \u00c7a wattait avec moi. Et regardez ce que je suis maintenant\u00a0: une loque. Je n\u2019ai plus de vie\u00a0\u00bb, l\u00e2che cette femme de 48 ans qui peine \u00e0 marcher et \u00e0 soutenir une conversation. C\u2019est le <a href=\"https:\/\/www.estrepublicain.fr\/sante\/coronavirus\" target=\"_blank\" rel=\"noopener\">Covid-19 <\/a>qui l\u2019a foudroy\u00e9e. Elle a \u00e9t\u00e9 contamin\u00e9e trois fois. En f\u00e9vrier\u00a02020, juin\u00a02022 et septembre\u00a02023.<\/p>\n<p>La maladie n\u2019a pas pris des formes s\u00e9v\u00e8res. La quadrag\u00e9naire ne s\u2019est pas retrouv\u00e9e en&#8230;<\/p>\n","protected":false},"excerpt":{"rendered":"C\u00e9line Wilbois ne parvient pas \u00e0 retenir son \u00e9motion. Lorsque cette m\u00e8re de famille de Saulxures-l\u00e8s-Nancy raconte son&hellip;\n","protected":false},"author":2,"featured_media":135450,"comment_status":"","ping_status":"","sticky":false,"template":"","format":"standard","meta":{"footnotes":""},"categories":[9635],"tags":[1111,11,25367,1707,1704,1706,1705,1777,674,107,1011,27,775,3457,1702,1703,12,25,71],"class_list":{"0":"post-135449","1":"post","2":"type-post","3":"status-publish","4":"format-standard","5":"has-post-thumbnail","7":"category-nancy","8":"tag-actu","9":"tag-actualites","10":"tag-covid-coronavirus","11":"tag-edition-luneville","12":"tag-edition-nancy-et-agglomeration","13":"tag-edition-pont-a-mousson","14":"tag-edition-toul","15":"tag-eu","16":"tag-europe","17":"tag-fil-info","18":"tag-fr","19":"tag-france","20":"tag-grand-est","21":"tag-meurthe-et-moselle","22":"tag-nancy","23":"tag-nancy-ville-54b","24":"tag-news","25":"tag-republique-francaise","26":"tag-sante"},"share_on_mastodon":{"url":"https:\/\/pubeurope.com\/@fr\/114587971333687101","error":""},"_links":{"self":[{"href":"https:\/\/www.europesays.com\/fr\/wp-json\/wp\/v2\/posts\/135449","targetHints":{"allow":["GET"]}}],"collection":[{"href":"https:\/\/www.europesays.com\/fr\/wp-json\/wp\/v2\/posts"}],"about":[{"href":"https:\/\/www.europesays.com\/fr\/wp-json\/wp\/v2\/types\/post"}],"author":[{"embeddable":true,"href":"https:\/\/www.europesays.com\/fr\/wp-json\/wp\/v2\/users\/2"}],"replies":[{"embeddable":true,"href":"https:\/\/www.europesays.com\/fr\/wp-json\/wp\/v2\/comments?post=135449"}],"version-history":[{"count":0,"href":"https:\/\/www.europesays.com\/fr\/wp-json\/wp\/v2\/posts\/135449\/revisions"}],"wp:featuredmedia":[{"embeddable":true,"href":"https:\/\/www.europesays.com\/fr\/wp-json\/wp\/v2\/media\/135450"}],"wp:attachment":[{"href":"https:\/\/www.europesays.com\/fr\/wp-json\/wp\/v2\/media?parent=135449"}],"wp:term":[{"taxonomy":"category","embeddable":true,"href":"https:\/\/www.europesays.com\/fr\/wp-json\/wp\/v2\/categories?post=135449"},{"taxonomy":"post_tag","embeddable":true,"href":"https:\/\/www.europesays.com\/fr\/wp-json\/wp\/v2\/tags?post=135449"}],"curies":[{"name":"wp","href":"https:\/\/api.w.org\/{rel}","templated":true}]}}