{"id":135453,"date":"2025-05-28T23:07:10","date_gmt":"2025-05-28T23:07:10","guid":{"rendered":"https:\/\/www.europesays.com\/fr\/135453\/"},"modified":"2025-05-28T23:07:10","modified_gmt":"2025-05-28T23:07:10","slug":"a-la-garde-la-maison-des-parents-a-fete-son-1er-anniversaire","status":"publish","type":"post","link":"https:\/\/www.europesays.com\/fr\/135453\/","title":{"rendered":"\u00c0 La Garde, la Maison des Parents a f\u00eat\u00e9 son 1er anniversaire"},"content":{"rendered":"<p>                    <img loading=\"lazy\" decoding=\"async\" src=\"https:\/\/www.europesays.com\/fr\/wp-content\/uploads\/2025\/05\/35ef42de87330f501af1a757c9ccc7.jpg\" class=\"img-responsive post-image\" width=\"680\" height=\"510\" alt=\"\u00c0 La Garde, la Maison (\u2026)\" title=\"\u00c0 La Garde, la Maison des Parents a f\u00eat\u00e9 son 1er anniversaire\"\/><\/p>\n<p class=\"chapo\">Le 22 mars, la Maison des Parents a c\u00e9l\u00e9br\u00e9 son premier anniversaire avec un \u00e9v\u00e9nement exceptionnel, r\u00e9unissant parents, enfants et professionnels autour de nombreuses activit\u00e9s et ateliers.<\/p>\n<p>Lors de cette journ\u00e9e d\u00e9di\u00e9e \u00e0 la parentalit\u00e9 et au bien-\u00eatre familial, ce fut l\u2019occasion pour les familles de d\u00e9couvrir des solutions pratiques et de rencontrer des experts du domaine de la parentalit\u00e9, dans une ambiance chaleureuse et conviviale.<\/p>\n<p>VILLAGE DES PARENTS<\/p>\n<p>Le programme \u00e9tait riche et vari\u00e9 avec de nombreuses animations et des rencontres enrichissantes. Les visiteurs ont explor\u00e9 le Village des Parents, un espace o\u00f9 chacun a pu jouer, cr\u00e9er, se d\u00e9tendre et \u00e9changer. Parmi les ateliers, les participants ont pu tester le graff d\u2019Alex Z, participer \u00e0 un grand jeu num\u00e9rique organis\u00e9 par l\u2019association Horizon Multim\u00e9dia ou profiter de moments de d\u00e9tente avec des s\u00e9ances de yoga, de danse-th\u00e9rapie, de sophrologie et m\u00eame d\u2019initiation aux gestes de premiers secours, anim\u00e9es par la Mutualit\u00e9 fran\u00e7aise.<\/p>\n<p>Lors de cette journ\u00e9e, les familles ont pu trouver des r\u00e9ponses pratiques \u00e0 leurs pr\u00e9occupations quotidiennes. Que ce soit pour des conseils en lactation et p\u00e9rinatalit\u00e9, des informations sur les modes de garde ou pour aborder des sujets comme le portage physiologique ou le bain sensoriel pour b\u00e9b\u00e9, la diversit\u00e9 des intervenants a permis de couvrir une large gamme de sujets essentiels \u00e0 la parentalit\u00e9.<\/p>\n<p>Dans le village, les professionnels ont abord\u00e9 de nombreuses th\u00e9matiques (handicap, l\u2019autisme, protection de l\u2019enfance, droits des femmes, m\u00e9diation num\u00e9rique, etc.). Une th\u00e9rapeute familiale, sp\u00e9cialis\u00e9e dans les probl\u00e9matiques li\u00e9es aux adolescents, a \u00e9galement \u00e9chang\u00e9 autour des th\u00e8mes de la phobie, de la m\u00e9diation et de l\u2019hypnose.<\/p>\n<p>L\u2019un des moments forts de la journ\u00e9e a \u00e9t\u00e9 la conf\u00e9rence du p\u00e9dopsychiatre Patrick Ben Soussan, auteur de plusieurs ouvrages sur la parentalit\u00e9 et le handicap. Cet expert, \u00e0 la t\u00eate de la \u00ab\u00a0Cr\u00e8che \u00e0 la Friche\u00a0\u00bb \u00e0 Marseille, a partag\u00e9 son exp\u00e9rience unique en mati\u00e8re d\u2019\u00e9veil culturel et artistique des tout-petits, en mettant l\u2019accent sur la mixit\u00e9 sociale.<\/p>\n<p><strong>\u00c0 NOTER&#8230;<\/strong><\/p>\n<p>Maison des Parents<br class=\"autobr\"\/><br \/>\n200 avenue Jean Bartolini<br class=\"autobr\"\/><br \/>\n04 98 01 15 67<br class=\"autobr\"\/><br \/>\n<a href=\"https:\/\/www.petitesaffiches.fr\/cdn-cgi\/l\/email-protection\" class=\"__cf_email__\" data-cfemail=\"5f2f3e2d3a312b3e33362b3a1f293633333a72333e383e2d3b3a71392d\" rel=\"nofollow noopener\" target=\"_blank\">[email\u00a0protected]<\/a><br class=\"autobr\"\/><br \/>\nOuverture\u00a0: Mardi, mercredi, vendredi de 9h \u00e0 12h et de 14h \u00e0 18h le jeudi et un samedi par mois de 12h30 \u00e0 18h.<\/p>\n<p>Photo de Une\u00a0: \u00a9PRESSE AGENCE<\/p>\n","protected":false},"excerpt":{"rendered":"Le 22 mars, la Maison des Parents a c\u00e9l\u00e9br\u00e9 son premier anniversaire avec un \u00e9v\u00e9nement exceptionnel, r\u00e9unissant parents,&hellip;\n","protected":false},"author":2,"featured_media":135454,"comment_status":"","ping_status":"","sticky":false,"template":"","format":"standard","meta":{"footnotes":""},"categories":[9619],"tags":[1111,11,2408,1777,674,1011,27,12,882,25,2310],"class_list":{"0":"post-135453","1":"post","2":"type-post","3":"status-publish","4":"format-standard","5":"has-post-thumbnail","7":"category-toulon","8":"tag-actu","9":"tag-actualites","10":"tag-appels-d","11":"tag-eu","12":"tag-europe","13":"tag-fr","14":"tag-france","15":"tag-news","16":"tag-provence-alpes-cote-dazur","17":"tag-republique-francaise","18":"tag-toulon"},"share_on_mastodon":{"url":"https:\/\/pubeurope.com\/@fr\/114587975365412059","error":""},"_links":{"self":[{"href":"https:\/\/www.europesays.com\/fr\/wp-json\/wp\/v2\/posts\/135453","targetHints":{"allow":["GET"]}}],"collection":[{"href":"https:\/\/www.europesays.com\/fr\/wp-json\/wp\/v2\/posts"}],"about":[{"href":"https:\/\/www.europesays.com\/fr\/wp-json\/wp\/v2\/types\/post"}],"author":[{"embeddable":true,"href":"https:\/\/www.europesays.com\/fr\/wp-json\/wp\/v2\/users\/2"}],"replies":[{"embeddable":true,"href":"https:\/\/www.europesays.com\/fr\/wp-json\/wp\/v2\/comments?post=135453"}],"version-history":[{"count":0,"href":"https:\/\/www.europesays.com\/fr\/wp-json\/wp\/v2\/posts\/135453\/revisions"}],"wp:featuredmedia":[{"embeddable":true,"href":"https:\/\/www.europesays.com\/fr\/wp-json\/wp\/v2\/media\/135454"}],"wp:attachment":[{"href":"https:\/\/www.europesays.com\/fr\/wp-json\/wp\/v2\/media?parent=135453"}],"wp:term":[{"taxonomy":"category","embeddable":true,"href":"https:\/\/www.europesays.com\/fr\/wp-json\/wp\/v2\/categories?post=135453"},{"taxonomy":"post_tag","embeddable":true,"href":"https:\/\/www.europesays.com\/fr\/wp-json\/wp\/v2\/tags?post=135453"}],"curies":[{"name":"wp","href":"https:\/\/api.w.org\/{rel}","templated":true}]}}