{"id":135465,"date":"2025-05-28T23:14:14","date_gmt":"2025-05-28T23:14:14","guid":{"rendered":"https:\/\/www.europesays.com\/fr\/135465\/"},"modified":"2025-05-28T23:14:14","modified_gmt":"2025-05-28T23:14:14","slug":"pro-d2-hulleu-de-retour-un-poids-lourd-absent-la-compo-du-fcg-pour-la-demi-finale-face-a-provence","status":"publish","type":"post","link":"https:\/\/www.europesays.com\/fr\/135465\/","title":{"rendered":"Pro D2. Hulleu de retour, un poids lourd absent\u00a0: la compo du FCG pour la demi-finale face \u00e0 Provence"},"content":{"rendered":"<p class=\"insetTitle\">Provence avec les m\u00eames<\/p>\n<p>Le staff de Provence Rugby a d\u00e9cid\u00e9 de reconduire le m\u00eame quinze de d\u00e9part que lors du<a href=\"https:\/\/www.ledauphine.com\/sport\/2025\/05\/22\/le-fcg-affrontera-provence-pour-une-place-en-finale-de-pro-d2\" target=\"_blank\" rel=\"noopener\"> barrage victorieux face \u00e0 Soyaux\/Angoul\u00eame (49-22).<\/a> George North, touch\u00e9 au genou et oblig\u00e9 de sortir au stade Maurice-David jeudi dernier, a \u00e9t\u00e9 jug\u00e9 bon pour le service. La star galloise formera une redoutable paire de centres avec le Fidjien Kaveinga Finau.<br \/>Seul changement op\u00e9r\u00e9 par Mauricio Reggiardo et les entra\u00eeneurs aixois\u00a0: L\u00e9o Drouet, trop juste pour le barrage, revient sur le banc des rempla\u00e7ants. L\u2019ex-champion du monde -20 ans (10 essais en 22 matchs) sera une menace de plus pour les Rouge et Bleu.<\/p>\n<p class=\"note\"><strong>XV de d\u00e9part<\/strong>\u00a0: Soulan \u2013 Bouhedjeur, North, K. Finau, Lap\u00e8gue \u2013 (o) Gopperth, (m) Coville (cap) \u2013 Gambini, Harrison, Piazzoli \u2013 Rodda, Zafra Taragona \u2013 Mallez, Pifeleti, Wegrzyn.<br \/><strong>Rempla\u00e7ants<\/strong>\u00a0: Sauveterre, Toth, Yemsi, Youyoute, Jalagonia, J. Cazenave, M. Salles, Drouet.<\/p>\n","protected":false},"excerpt":{"rendered":"Provence avec les m\u00eames Le staff de Provence Rugby a d\u00e9cid\u00e9 de reconduire le m\u00eame quinze de d\u00e9part&hellip;\n","protected":false},"author":2,"featured_media":135466,"comment_status":"","ping_status":"","sticky":false,"template":"","format":"standard","meta":{"footnotes":""},"categories":[9566],"tags":[1111,11,2430,112,113,114,1777,674,2727,107,1701,1011,27,2731,2732,108,12,2308,25,479,517],"class_list":{"0":"post-135465","1":"post","2":"type-post","3":"status-publish","4":"format-standard","5":"has-post-thumbnail","7":"category-grenoble","8":"tag-actu","9":"tag-actualites","10":"tag-auvergne-rhone-alpes","11":"tag-edition-grenoble-agglomeration","12":"tag-edition-gresivaudan-oisans","13":"tag-edition-voiron-saint-marcellin","14":"tag-eu","15":"tag-europe","16":"tag-fcg-fc-grenoble-rugby","17":"tag-fil-info","18":"tag-fil-info-sport","19":"tag-fr","20":"tag-france","21":"tag-grenoble","22":"tag-grenoble-bassin","23":"tag-isere","24":"tag-news","25":"tag-pro-d2","26":"tag-republique-francaise","27":"tag-rugby","28":"tag-sport"},"share_on_mastodon":{"url":"https:\/\/pubeurope.com\/@fr\/114588002760163959","error":""},"_links":{"self":[{"href":"https:\/\/www.europesays.com\/fr\/wp-json\/wp\/v2\/posts\/135465","targetHints":{"allow":["GET"]}}],"collection":[{"href":"https:\/\/www.europesays.com\/fr\/wp-json\/wp\/v2\/posts"}],"about":[{"href":"https:\/\/www.europesays.com\/fr\/wp-json\/wp\/v2\/types\/post"}],"author":[{"embeddable":true,"href":"https:\/\/www.europesays.com\/fr\/wp-json\/wp\/v2\/users\/2"}],"replies":[{"embeddable":true,"href":"https:\/\/www.europesays.com\/fr\/wp-json\/wp\/v2\/comments?post=135465"}],"version-history":[{"count":0,"href":"https:\/\/www.europesays.com\/fr\/wp-json\/wp\/v2\/posts\/135465\/revisions"}],"wp:featuredmedia":[{"embeddable":true,"href":"https:\/\/www.europesays.com\/fr\/wp-json\/wp\/v2\/media\/135466"}],"wp:attachment":[{"href":"https:\/\/www.europesays.com\/fr\/wp-json\/wp\/v2\/media?parent=135465"}],"wp:term":[{"taxonomy":"category","embeddable":true,"href":"https:\/\/www.europesays.com\/fr\/wp-json\/wp\/v2\/categories?post=135465"},{"taxonomy":"post_tag","embeddable":true,"href":"https:\/\/www.europesays.com\/fr\/wp-json\/wp\/v2\/tags?post=135465"}],"curies":[{"name":"wp","href":"https:\/\/api.w.org\/{rel}","templated":true}]}}