{"id":135467,"date":"2025-05-28T23:16:30","date_gmt":"2025-05-28T23:16:30","guid":{"rendered":"https:\/\/www.europesays.com\/fr\/135467\/"},"modified":"2025-05-28T23:16:30","modified_gmt":"2025-05-28T23:16:30","slug":"agroalimentaire-pres-de-rennes-solina-signe-une-nouvelle-acquisition","status":"publish","type":"post","link":"https:\/\/www.europesays.com\/fr\/135467\/","title":{"rendered":"Agroalimentaire\u00a0: pr\u00e8s de Rennes, Solina signe une nouvelle acquisition"},"content":{"rendered":"<p>Solina poursuit ses emplettes. Bas\u00e9 \u00e0 Br\u00e9al-sous-Monfort (35), pr\u00e8s de Rennes, le groupe sp\u00e9cialis\u00e9 dans les sauces et ingr\u00e9dients sal\u00e9s encha\u00eene les acquisitions depuis plusieurs mois. Apr\u00e8s <a href=\"https:\/\/www.letelegramme.fr\/economie\/agroalimentaire-pres-de-rennes-solina-rachete-une-entreprise-italienne-6728260.php\" target=\"_blank\" rel=\"noopener\">l\u2019Italie<\/a>, l\u2019Europe du Nord, le Royaume-Uni ou <a href=\"https:\/\/www.letelegramme.fr\/ille-et-vilaine\/rennes-35000\/pres-de-rennes-lindustriel-agroalimentaire-solina-fait-deux-acquisitions-aux-etats-unis-6761985.php\" target=\"_blank\" rel=\"noopener\">les \u00c9tats-Unis<\/a>, il annonce cette fois-ci une prise de participation majoritaire (51 %) au capital de l\u2019espagnol Eurocebollas. Une entreprise d\u2019environ 200 salari\u00e9s dont il \u00e9tait actionnaire minoritaire depuis 2023, aux c\u00f4t\u00e9s du fonds Portobello Capital.<\/p>\n<p>Dans un communiqu\u00e9, Solina pr\u00e9cise que sa mont\u00e9e au capital d\u2019Eurocebollas est encore soumise au feu vert des autorit\u00e9s de la concurrence concern\u00e9es. Aucun d\u00e9tail financier n\u2019est d\u00e9voil\u00e9. Ancien actionnaire majoritaire, le P.-D.G de l\u2019entreprise espagnole, Francisco Alberola, conserve son poste et reste au capital.<\/p>\n<p>Bas\u00e9e \u00e0 Valence, Eurocebollas &#8211; qui annonce son changement de nom au profit de Solions &#8211; produit principalement des ingr\u00e9dients culinaires \u00e0 base d\u2019oignon pour l\u2019industrie agroalimentaire et la restauration collective. Il est aussi pr\u00e9sent sur le segment des ingr\u00e9dients \u00e0 base d\u2019ail, de courgette, d\u2019aubergine et de poivron. Le groupe affichait un chiffre d\u2019affaires de plus de 42 M\u20ac en 2022 (dernier chiffre disponible) et pr\u00e9voyait d\u2019atteindre les 55 M\u20ac en 2023. Solina, de son c\u00f4t\u00e9, g\u00e9n\u00e8re un chiffre d\u2019affaires annuel de 1,6 milliard d\u2019euros. Il emploie plus de 5 000 salari\u00e9s sur 49 sites de production dans le monde.<\/p>\n","protected":false},"excerpt":{"rendered":"Solina poursuit ses emplettes. Bas\u00e9 \u00e0 Br\u00e9al-sous-Monfort (35), pr\u00e8s de Rennes, le groupe sp\u00e9cialis\u00e9 dans les sauces et&hellip;\n","protected":false},"author":2,"featured_media":135468,"comment_status":"","ping_status":"","sticky":false,"template":"","format":"standard","meta":{"footnotes":""},"categories":[2821],"tags":[1111,11,829,1777,674,1011,27,848,4555,12,584,25],"class_list":{"0":"post-135467","1":"post","2":"type-post","3":"status-publish","4":"format-standard","5":"has-post-thumbnail","7":"category-rennes","8":"tag-actu","9":"tag-actualites","10":"tag-bretagne","11":"tag-eu","12":"tag-europe","13":"tag-fr","14":"tag-france","15":"tag-ille-et-vilaine","16":"tag-local","17":"tag-news","18":"tag-rennes","19":"tag-republique-francaise"},"share_on_mastodon":{"url":"https:\/\/pubeurope.com\/@fr\/114588011093248962","error":""},"_links":{"self":[{"href":"https:\/\/www.europesays.com\/fr\/wp-json\/wp\/v2\/posts\/135467","targetHints":{"allow":["GET"]}}],"collection":[{"href":"https:\/\/www.europesays.com\/fr\/wp-json\/wp\/v2\/posts"}],"about":[{"href":"https:\/\/www.europesays.com\/fr\/wp-json\/wp\/v2\/types\/post"}],"author":[{"embeddable":true,"href":"https:\/\/www.europesays.com\/fr\/wp-json\/wp\/v2\/users\/2"}],"replies":[{"embeddable":true,"href":"https:\/\/www.europesays.com\/fr\/wp-json\/wp\/v2\/comments?post=135467"}],"version-history":[{"count":0,"href":"https:\/\/www.europesays.com\/fr\/wp-json\/wp\/v2\/posts\/135467\/revisions"}],"wp:featuredmedia":[{"embeddable":true,"href":"https:\/\/www.europesays.com\/fr\/wp-json\/wp\/v2\/media\/135468"}],"wp:attachment":[{"href":"https:\/\/www.europesays.com\/fr\/wp-json\/wp\/v2\/media?parent=135467"}],"wp:term":[{"taxonomy":"category","embeddable":true,"href":"https:\/\/www.europesays.com\/fr\/wp-json\/wp\/v2\/categories?post=135467"},{"taxonomy":"post_tag","embeddable":true,"href":"https:\/\/www.europesays.com\/fr\/wp-json\/wp\/v2\/tags?post=135467"}],"curies":[{"name":"wp","href":"https:\/\/api.w.org\/{rel}","templated":true}]}}