{"id":13547,"date":"2025-04-09T21:02:12","date_gmt":"2025-04-09T21:02:12","guid":{"rendered":"https:\/\/www.europesays.com\/fr\/13547\/"},"modified":"2025-04-09T21:02:12","modified_gmt":"2025-04-09T21:02:12","slug":"les-valeurs-a-suivre-a-paris-et-en-europe-09-04-2025-a-0853","status":"publish","type":"post","link":"https:\/\/www.europesays.com\/fr\/13547\/","title":{"rendered":"Les valeurs \u00e0 suivre \u00e0 Paris et en Europe &#8211; 09\/04\/2025 \u00e0 08:53"},"content":{"rendered":"<p>\n * SECTEUR DE L&rsquo;EXPORTATION &#8211; Les droits de douane dits \u00ab\u00a0r\u00e9ciproques\u00a0\u00bb annonc\u00e9s la semaine derni\u00e8re par Donald Trump sont entr\u00e9s en vigueur ce mercredi devraient aggraver la guerre commerciale d\u00e9clench\u00e9e par le pr\u00e9sident am\u00e9ricain.\n<\/p>\n<p>\n * KERING<br \/>\n <a href=\"https:\/\/www.boursorama.com\/cours\/1rPKER\/\" rel=\"nofollow noopener\" target=\"_blank\"><br \/>\n  PRTP.PA<br \/>\n <\/a><br \/>\n &#8211; Deutsche Bank a abaiss\u00e9 sa recommandation sur la valeur \u00e0 \u00ab\u00a0conserver\u00a0\u00bb contre \u00ab\u00a0acheter\u00a0\u00bb.\n<\/p>\n<p>\n * SOCI\u00c9T\u00c9 G\u00c9N\u00c9RALE<br \/>\n <a href=\"https:\/\/www.boursorama.com\/cours\/1rPGLE\/\" rel=\"nofollow noopener\" target=\"_blank\"><br \/>\n  SOGN.PA<br \/>\n <\/a><br \/>\n a annonc\u00e9 mardi soir les r\u00e9sultats de l&rsquo;offre de rachat lanc\u00e9e sur certains titres de dette avec au total un montant nominal agr\u00e9g\u00e9 de 710.342.000 dollars de titres ayant \u00e9t\u00e9 accept\u00e9s pour ce rachat.\n<\/p>\n<p>\n * VOLKSWAGEN<br \/>\n <a href=\"https:\/\/www.boursorama.com\/cours\/1zVOW3\/\" rel=\"nofollow noopener\" target=\"_blank\"><br \/>\n  VOWG_p.DE<br \/>\n <\/a><br \/>\n &#8211; Le constructeur automobile allemand a annonc\u00e9 mercredi avoir plus que doubl\u00e9 ses livraisons de voitures \u00e9lectriques en Europe au premier trimestre, passant de 74.400 \u00e0 plus de 150.000 en rythme annuel.\n<\/p>\n<p>\n * RABOBANK RABOVR.UL a annonc\u00e9 mercredi n&rsquo;\u00eatre pas parvenu \u00e0 un accord avec le parquet n\u00e9erlandais dans le cadre de l&rsquo;enqu\u00eate sur l&rsquo;incapacit\u00e9 pr\u00e9sum\u00e9e de la banque \u00e0 emp\u00eacher le blanchiment d&rsquo;argent. Le dossier va d\u00e9sormais \u00eatre port\u00e9 devant les tribunaux, a indiqu\u00e9 le parquet.\n<\/p>\n<p>\n * SANTANDER<br \/>\n <a href=\"https:\/\/www.boursorama.com\/cours\/FF55-SAN\/\" rel=\"nofollow noopener\" target=\"_blank\"><br \/>\n  SAN.MC<br \/>\n <\/a><br \/>\n \u00e9tudie des options pour sa participation majoritaire d&rsquo;environ 8 milliards de dollars dans sa filiale polonaise, y compris une possible cession, a rapport\u00e9 mardi soir l&rsquo;agence Bloomberg, citant des sources proches du dossier.\n<\/p>\n<p>\n * ENDESA<br \/>\n <a href=\"https:\/\/www.boursorama.com\/cours\/FF55-ELE\/\" rel=\"nofollow noopener\" target=\"_blank\"><br \/>\n  ELE.MC<br \/>\n <\/a><br \/>\n &#8211; Le groupe espagnol de services aux collectivit\u00e9s Endesa a annonc\u00e9 mercredi avoir approuv\u00e9 la deuxi\u00e8me tranche de son programme de rachat d&rsquo;actions de 500 millions d&rsquo;euros. Sa maison m\u00e8re ENEL<br \/>\n <a href=\"https:\/\/www.boursorama.com\/cours\/1gENEL\/\" rel=\"nofollow noopener\" target=\"_blank\"><br \/>\n  ENEI.MI<br \/>\n <\/a><br \/>\n a r\u00e9it\u00e9r\u00e9 son refus de participer \u00e0 l&rsquo;op\u00e9ration.\n<\/p>\n<p>\n * ANGLO AMERICAN<br \/>\n <a href=\"https:\/\/www.boursorama.com\/cours\/1uAAL.L\/\" rel=\"nofollow noopener\" target=\"_blank\"><br \/>\n  AAL.L<br \/>\n <\/a><br \/>\n &#8211; Le Chili doit acc\u00e9l\u00e9rer ses proc\u00e9dures d&rsquo;autorisation pour permettre le d\u00e9veloppement de l&rsquo;exploitation mini\u00e8re du cuivre au regard d&rsquo;un important d\u00e9ficit d&rsquo;approvisionnement attendu dans les ann\u00e9es \u00e0 venir, a d\u00e9clar\u00e9 mardi le directeur g\u00e9n\u00e9ral de la filiale d&rsquo;Anglo American au Chili, Patricio Hidalgo.\n<\/p>\n<p>\n (R\u00e9dig\u00e9 par Claude Chendjou, \u00e9dit\u00e9 par Augustin Turpin)<\/p>\n","protected":false},"excerpt":{"rendered":"* SECTEUR DE L&rsquo;EXPORTATION &#8211; Les droits de douane dits \u00ab\u00a0r\u00e9ciproques\u00a0\u00bb annonc\u00e9s la semaine derni\u00e8re par Donald Trump&hellip;\n","protected":false},"author":2,"featured_media":2430,"comment_status":"","ping_status":"","sticky":false,"template":"","format":"standard","meta":{"footnotes":""},"categories":[1888],"tags":[400,1111,1928,11,1927,398,408,405,1777,674,1011,27,403,402,399,404,12,1926,626,1925,25,401,406,407],"class_list":{"0":"post-13547","1":"post","2":"type-post","3":"status-publish","4":"format-standard","5":"has-post-thumbnail","7":"category-paris","8":"tag-action-cac-40","9":"tag-actu","10":"tag-actu-paris","11":"tag-actualites","12":"tag-actualites-paris","13":"tag-bourse-de-paris","14":"tag-boursorama","15":"tag-cotations","16":"tag-eu","17":"tag-europe","18":"tag-fr","19":"tag-france","20":"tag-indices-devises","21":"tag-investir","22":"tag-investissement","23":"tag-marche-boursier","24":"tag-news","25":"tag-news-paris","26":"tag-paris","27":"tag-paris-news","28":"tag-republique-francaise","29":"tag-sicav","30":"tag-trackers","31":"tag-warrants"},"share_on_mastodon":{"url":"https:\/\/pubeurope.com\/@fr\/114310030648831894","error":""},"_links":{"self":[{"href":"https:\/\/www.europesays.com\/fr\/wp-json\/wp\/v2\/posts\/13547","targetHints":{"allow":["GET"]}}],"collection":[{"href":"https:\/\/www.europesays.com\/fr\/wp-json\/wp\/v2\/posts"}],"about":[{"href":"https:\/\/www.europesays.com\/fr\/wp-json\/wp\/v2\/types\/post"}],"author":[{"embeddable":true,"href":"https:\/\/www.europesays.com\/fr\/wp-json\/wp\/v2\/users\/2"}],"replies":[{"embeddable":true,"href":"https:\/\/www.europesays.com\/fr\/wp-json\/wp\/v2\/comments?post=13547"}],"version-history":[{"count":0,"href":"https:\/\/www.europesays.com\/fr\/wp-json\/wp\/v2\/posts\/13547\/revisions"}],"wp:featuredmedia":[{"embeddable":true,"href":"https:\/\/www.europesays.com\/fr\/wp-json\/wp\/v2\/media\/2430"}],"wp:attachment":[{"href":"https:\/\/www.europesays.com\/fr\/wp-json\/wp\/v2\/media?parent=13547"}],"wp:term":[{"taxonomy":"category","embeddable":true,"href":"https:\/\/www.europesays.com\/fr\/wp-json\/wp\/v2\/categories?post=13547"},{"taxonomy":"post_tag","embeddable":true,"href":"https:\/\/www.europesays.com\/fr\/wp-json\/wp\/v2\/tags?post=13547"}],"curies":[{"name":"wp","href":"https:\/\/api.w.org\/{rel}","templated":true}]}}