{"id":135471,"date":"2025-05-28T23:18:09","date_gmt":"2025-05-28T23:18:09","guid":{"rendered":"https:\/\/www.europesays.com\/fr\/135471\/"},"modified":"2025-05-28T23:18:09","modified_gmt":"2025-05-28T23:18:09","slug":"previsions-du-jeudi-29-mai-2025","status":"publish","type":"post","link":"https:\/\/www.europesays.com\/fr\/135471\/","title":{"rendered":"pr\u00e9visions du jeudi 29 mai 2025"},"content":{"rendered":"<p>Strasbourg ne verra pas imm\u00e9diatement le soleil aujourd&rsquo;hui en raison de nuages qui s&rsquo;attarderont dans le ciel. Les valeurs seront comprises entre 10 et 21\u00b0C. Dans la matin\u00e9e, des pluies \u00e9parses sont attendues. Un vent de sud-ouest soufflera l\u00e9g\u00e8rement. Le ciel sera assez lumineux, avec quelques \u00e9claircies l&rsquo;apr\u00e8s-midi. Les temp\u00e9ratures vont conna\u00eetre une augmentation de plusieurs degr\u00e9s. Les valeurs s&rsquo;\u00e9chelonneront de 20 \u00e0 21\u00b0C. Un ciel limpide est pr\u00e9vu dans la nuit reliant jeudi et vendredi.<\/p>\n<p>Un beau soleil est pr\u00e9vu demain \u00e0 Strasbourg. Une m\u00e9t\u00e9o plus chaude est attendue puisque les temp\u00e9ratures vont enregistrer une hausse. Le thermom\u00e8tre affichera 19\u00b0C en moyenne. Dans la matin\u00e9e, les temp\u00e9ratures tourneront autour des 20\u00b0C. Un vent de sud-ouest rafra\u00eechira quelque peu l&rsquo;atmosph\u00e8re. Le temps va se r\u00e9chauffer demain apr\u00e8s-midi avec une augmentation de plusieurs degr\u00e9s. Les valeurs s&rsquo;\u00e9chelonneront entre 25 et 26\u00b0C. Il fera environ 21\u00b0C, demain soir. Une modeste brise de nord-ouest sera ressentie par les habitants.<\/p>\n<p>Le temps des jours qui suivent va changer progressivement. La m\u00e9t\u00e9o perdurera samedi mais une d\u00e9gradation s&rsquo;ensuivra dimanche.<\/p>\n<p><\/p>\n","protected":false},"excerpt":{"rendered":"Strasbourg ne verra pas imm\u00e9diatement le soleil aujourd&rsquo;hui en raison de nuages qui s&rsquo;attarderont dans le ciel. Les&hellip;\n","protected":false},"author":2,"featured_media":135472,"comment_status":"","ping_status":"","sticky":false,"template":"","format":"standard","meta":{"footnotes":""},"categories":[2820],"tags":[1111,11,2389,2649,1777,674,1011,27,775,12,2119,25,640],"class_list":{"0":"post-135471","1":"post","2":"type-post","3":"status-publish","4":"format-standard","5":"has-post-thumbnail","7":"category-strasbourg","8":"tag-actu","9":"tag-actualites","10":"tag-alsace","11":"tag-bas-rhin","12":"tag-eu","13":"tag-europe","14":"tag-fr","15":"tag-france","16":"tag-grand-est","17":"tag-news","18":"tag-previsions-meteo","19":"tag-republique-francaise","20":"tag-strasbourg"},"share_on_mastodon":{"url":"https:\/\/pubeurope.com\/@fr\/114588019583622084","error":""},"_links":{"self":[{"href":"https:\/\/www.europesays.com\/fr\/wp-json\/wp\/v2\/posts\/135471","targetHints":{"allow":["GET"]}}],"collection":[{"href":"https:\/\/www.europesays.com\/fr\/wp-json\/wp\/v2\/posts"}],"about":[{"href":"https:\/\/www.europesays.com\/fr\/wp-json\/wp\/v2\/types\/post"}],"author":[{"embeddable":true,"href":"https:\/\/www.europesays.com\/fr\/wp-json\/wp\/v2\/users\/2"}],"replies":[{"embeddable":true,"href":"https:\/\/www.europesays.com\/fr\/wp-json\/wp\/v2\/comments?post=135471"}],"version-history":[{"count":0,"href":"https:\/\/www.europesays.com\/fr\/wp-json\/wp\/v2\/posts\/135471\/revisions"}],"wp:featuredmedia":[{"embeddable":true,"href":"https:\/\/www.europesays.com\/fr\/wp-json\/wp\/v2\/media\/135472"}],"wp:attachment":[{"href":"https:\/\/www.europesays.com\/fr\/wp-json\/wp\/v2\/media?parent=135471"}],"wp:term":[{"taxonomy":"category","embeddable":true,"href":"https:\/\/www.europesays.com\/fr\/wp-json\/wp\/v2\/categories?post=135471"},{"taxonomy":"post_tag","embeddable":true,"href":"https:\/\/www.europesays.com\/fr\/wp-json\/wp\/v2\/tags?post=135471"}],"curies":[{"name":"wp","href":"https:\/\/api.w.org\/{rel}","templated":true}]}}