{"id":135475,"date":"2025-05-28T23:20:10","date_gmt":"2025-05-28T23:20:10","guid":{"rendered":"https:\/\/www.europesays.com\/fr\/135475\/"},"modified":"2025-05-28T23:20:10","modified_gmt":"2025-05-28T23:20:10","slug":"previsions-du-jeudi-29-mai-2025-2","status":"publish","type":"post","link":"https:\/\/www.europesays.com\/fr\/135475\/","title":{"rendered":"pr\u00e9visions du jeudi 29 mai 2025"},"content":{"rendered":"<p>Nice aura la chance de pouvoir profiter d&rsquo;une superbe journ\u00e9e ensoleill\u00e9e. Le thermom\u00e8tre affichera 20\u00b0C en moyenne. Un vent de sud soufflera l\u00e9g\u00e8rement. Les valeurs seront comprises entre 19 et 23\u00b0C durant la matin\u00e9e. Les temp\u00e9ratures afficheront entre 22\u00b0C et 23\u00b0C dans l&rsquo;apr\u00e8s-midi. Les valeurs seront de 20\u00b0C au minimum et de 21\u00b0C au plus haut la soir\u00e9e. On s&rsquo;attend \u00e0 une nuit claire entre jeudi et vendredi.<\/p>\n<p>Demain, un grand soleil rayonnera sur Nice. Une m\u00e9t\u00e9o plus chaude est pr\u00e9vue puisque les temp\u00e9ratures vont conna\u00eetre une augmentation. Les valeurs s&rsquo;\u00e9chelonneront entre 19 et 23\u00b0C. Une petite brise de sud-est sera ressentie par les habitants. Les valeurs tourneront autour des 22\u00b0C dans la matin\u00e9e. Dans la soir\u00e9e, les temp\u00e9ratures seront de 21\u00b0C.<\/p>\n<p>Peu d&rsquo;\u00e9volutions pour la suite. Un ciel ensoleill\u00e9, avec des temp\u00e9ratures de 22\u00b0C environ, est \u00e0 pr\u00e9voir.<\/p>\n<p><\/p>\n","protected":false},"excerpt":{"rendered":"Nice aura la chance de pouvoir profiter d&rsquo;une superbe journ\u00e9e ensoleill\u00e9e. Le thermom\u00e8tre affichera 20\u00b0C en moyenne. Un&hellip;\n","protected":false},"author":2,"featured_media":135476,"comment_status":"","ping_status":"","sticky":false,"template":"","format":"standard","meta":{"footnotes":""},"categories":[2819],"tags":[1111,11,2898,1777,674,1011,27,12,2401,883,2119,882,25],"class_list":{"0":"post-135475","1":"post","2":"type-post","3":"status-publish","4":"format-standard","5":"has-post-thumbnail","7":"category-nice","8":"tag-actu","9":"tag-actualites","10":"tag-alpes-maritimes","11":"tag-eu","12":"tag-europe","13":"tag-fr","14":"tag-france","15":"tag-news","16":"tag-nice","17":"tag-paca","18":"tag-previsions-meteo","19":"tag-provence-alpes-cote-dazur","20":"tag-republique-francaise"},"share_on_mastodon":{"url":"","error":""},"_links":{"self":[{"href":"https:\/\/www.europesays.com\/fr\/wp-json\/wp\/v2\/posts\/135475","targetHints":{"allow":["GET"]}}],"collection":[{"href":"https:\/\/www.europesays.com\/fr\/wp-json\/wp\/v2\/posts"}],"about":[{"href":"https:\/\/www.europesays.com\/fr\/wp-json\/wp\/v2\/types\/post"}],"author":[{"embeddable":true,"href":"https:\/\/www.europesays.com\/fr\/wp-json\/wp\/v2\/users\/2"}],"replies":[{"embeddable":true,"href":"https:\/\/www.europesays.com\/fr\/wp-json\/wp\/v2\/comments?post=135475"}],"version-history":[{"count":0,"href":"https:\/\/www.europesays.com\/fr\/wp-json\/wp\/v2\/posts\/135475\/revisions"}],"wp:featuredmedia":[{"embeddable":true,"href":"https:\/\/www.europesays.com\/fr\/wp-json\/wp\/v2\/media\/135476"}],"wp:attachment":[{"href":"https:\/\/www.europesays.com\/fr\/wp-json\/wp\/v2\/media?parent=135475"}],"wp:term":[{"taxonomy":"category","embeddable":true,"href":"https:\/\/www.europesays.com\/fr\/wp-json\/wp\/v2\/categories?post=135475"},{"taxonomy":"post_tag","embeddable":true,"href":"https:\/\/www.europesays.com\/fr\/wp-json\/wp\/v2\/tags?post=135475"}],"curies":[{"name":"wp","href":"https:\/\/api.w.org\/{rel}","templated":true}]}}