{"id":13548,"date":"2025-04-09T21:03:16","date_gmt":"2025-04-09T21:03:16","guid":{"rendered":"https:\/\/www.europesays.com\/fr\/13548\/"},"modified":"2025-04-09T21:03:16","modified_gmt":"2025-04-09T21:03:16","slug":"on-nentre-pas-ici-pour-sennuyer-le-directeur-du-theatre-du-chatelet-devoile-sa-nouvelle-saison","status":"publish","type":"post","link":"https:\/\/www.europesays.com\/fr\/13548\/","title":{"rendered":"\u00ab\u00a0On n\u2019entre pas ici pour s\u2019ennuyer\u00a0\u00bb\u00a0: le directeur du th\u00e9\u00e2tre du Ch\u00e2telet d\u00e9voile sa nouvelle saison"},"content":{"rendered":"<p class=\"paragraph text_align_left\">\u00ab Le Ch\u00e2telet (Ier) n\u2019est pas une maison o\u00f9 on entre pour s\u2019ennuyer, il faut qu\u2019on puisse y aller les yeux ferm\u00e9s en se disant, je vais voir de belles choses \u00bb, souffle <a href=\"https:\/\/www.leparisien.fr\/culture-loisirs\/cinema\/le-moliere-imaginaire-le-sacre-trip-dolivier-py-14-02-2024-PKP64R4DI5F3VPAUMBLI2AYCDU.php\" target=\"_blank\" rel=\"nofollow noopener\">Olivier Py<\/a> en nous pr\u00e9sentant les grandes lignes de sa saison 25\/26, sa deuxi\u00e8me en tant que directeur du lieu. Avec 190 levers de rideau pr\u00e9vus pour une vingtaine de spectacles et trois festivals, cette saison s\u2019annonce \u00ab indisciplinaire et indisciplin\u00e9e, tr\u00e8s festive \u00bb, glisse-t-il.<\/p>\n<p class=\"paragraph text_align_left\">\u00ab Le Ch\u00e2telet, c\u2019est toutes les musiques, tous les th\u00e9\u00e2tres, toutes les danses pour tous les publics, l\u2019\u00e9ventail est particuli\u00e8rement grand. \u00bb On l\u2019ouvre avec lui. La billetterie s\u2019est ouverte ce mardi 8 avril \u00e0 19 heures.<\/p>\n","protected":false},"excerpt":{"rendered":"\u00ab Le Ch\u00e2telet (Ier) n\u2019est pas une maison o\u00f9 on entre pour s\u2019ennuyer, il faut qu\u2019on puisse y&hellip;\n","protected":false},"author":2,"featured_media":13549,"comment_status":"","ping_status":"","sticky":false,"template":"","format":"standard","meta":{"footnotes":""},"categories":[1888],"tags":[11,872,1777,674,1011,27,12,626,25,6047],"class_list":{"0":"post-13548","1":"post","2":"type-post","3":"status-publish","4":"format-standard","5":"has-post-thumbnail","7":"category-paris","8":"tag-actualites","9":"tag-culture-et-loisirs","10":"tag-eu","11":"tag-europe","12":"tag-fr","13":"tag-france","14":"tag-news","15":"tag-paris","16":"tag-republique-francaise","17":"tag-sortir-en-region-parisienne"},"share_on_mastodon":{"url":"https:\/\/pubeurope.com\/@fr\/114310034517815164","error":""},"_links":{"self":[{"href":"https:\/\/www.europesays.com\/fr\/wp-json\/wp\/v2\/posts\/13548","targetHints":{"allow":["GET"]}}],"collection":[{"href":"https:\/\/www.europesays.com\/fr\/wp-json\/wp\/v2\/posts"}],"about":[{"href":"https:\/\/www.europesays.com\/fr\/wp-json\/wp\/v2\/types\/post"}],"author":[{"embeddable":true,"href":"https:\/\/www.europesays.com\/fr\/wp-json\/wp\/v2\/users\/2"}],"replies":[{"embeddable":true,"href":"https:\/\/www.europesays.com\/fr\/wp-json\/wp\/v2\/comments?post=13548"}],"version-history":[{"count":0,"href":"https:\/\/www.europesays.com\/fr\/wp-json\/wp\/v2\/posts\/13548\/revisions"}],"wp:featuredmedia":[{"embeddable":true,"href":"https:\/\/www.europesays.com\/fr\/wp-json\/wp\/v2\/media\/13549"}],"wp:attachment":[{"href":"https:\/\/www.europesays.com\/fr\/wp-json\/wp\/v2\/media?parent=13548"}],"wp:term":[{"taxonomy":"category","embeddable":true,"href":"https:\/\/www.europesays.com\/fr\/wp-json\/wp\/v2\/categories?post=13548"},{"taxonomy":"post_tag","embeddable":true,"href":"https:\/\/www.europesays.com\/fr\/wp-json\/wp\/v2\/tags?post=13548"}],"curies":[{"name":"wp","href":"https:\/\/api.w.org\/{rel}","templated":true}]}}