{"id":135483,"date":"2025-05-28T23:24:09","date_gmt":"2025-05-28T23:24:09","guid":{"rendered":"https:\/\/www.europesays.com\/fr\/135483\/"},"modified":"2025-05-28T23:24:09","modified_gmt":"2025-05-28T23:24:09","slug":"previsions-du-jeudi-29-mai-2025-3","status":"publish","type":"post","link":"https:\/\/www.europesays.com\/fr\/135483\/","title":{"rendered":"pr\u00e9visions du jeudi 29 mai 2025"},"content":{"rendered":"<p>Bordeaux va \u00eatre baign\u00e9e de soleil durant cette journ\u00e9e. Il va faire 22\u00b0C en moyenne. Un vent de nord-est soufflera doucement dans la matin\u00e9e. Les temp\u00e9ratures vont grimper pendant l&rsquo;apr\u00e8s-midi de plusieurs degr\u00e9s. Les valeurs seront comprises entre 26 et 29\u00b0C. Il fera environ 24\u00b0C, le soir. Durant la nuit de jeudi \u00e0 vendredi, le ciel sera d\u00e9pourvu de nuages.<\/p>\n<p>C&rsquo;est un soleil \u00e9clatant qui va briller demain sur Bordeaux. L&rsquo;air ambiant va se r\u00e9chauffer avec une hausse de quelques degr\u00e9s. Attention \u00e0 la vague de chaud. Des valeurs de 17 \u00e0 33\u00b0C sont pr\u00e9vues. Les temp\u00e9ratures s&rsquo;\u00e9chelonneront entre 17 et 33\u00b0C. Un vent d&rsquo;est rafra\u00eechira l\u00e9g\u00e8rement l&rsquo;atmosph\u00e8re. Le matin, de tr\u00e8s fortes chaleurs (entre 19\u00b0C et 30\u00b0C) sont attendues. Demain apr\u00e8s-midi, c&rsquo;est une hausse de plusieurs degr\u00e9s que vont enregistrer les temp\u00e9ratures. Les grosses chaleurs sont pr\u00e9sentes. Avec des valeurs comprises entre 31 et 33\u00b0C. La ville va conna\u00eetre, demain soir, un passage d&rsquo;importantes chaleurs avec des temp\u00e9ratures qui rejoindront parfois les 30\u00b0C.<\/p>\n<p>Les conditions m\u00e9t\u00e9orologiques des jours suivants vont changer peu \u00e0 peu. M\u00eame si le beau temps perdurera un peu samedi, il faut pr\u00e9voir une d\u00e9gradation par la suite.<\/p>\n<p><\/p>\n","protected":false},"excerpt":{"rendered":"Bordeaux va \u00eatre baign\u00e9e de soleil durant cette journ\u00e9e. Il va faire 22\u00b0C en moyenne. Un vent de&hellip;\n","protected":false},"author":2,"featured_media":135484,"comment_status":"","ping_status":"","sticky":false,"template":"","format":"standard","meta":{"footnotes":""},"categories":[2817],"tags":[1111,11,3177,1997,1777,674,1011,27,2905,12,2219,2119,25],"class_list":{"0":"post-135483","1":"post","2":"type-post","3":"status-publish","4":"format-standard","5":"has-post-thumbnail","7":"category-bordeaux","8":"tag-actu","9":"tag-actualites","10":"tag-aquitaine","11":"tag-bordeaux","12":"tag-eu","13":"tag-europe","14":"tag-fr","15":"tag-france","16":"tag-gironde","17":"tag-news","18":"tag-nouvelle-aquitaine","19":"tag-previsions-meteo","20":"tag-republique-francaise"},"share_on_mastodon":{"url":"https:\/\/pubeurope.com\/@fr\/114588042333560303","error":""},"_links":{"self":[{"href":"https:\/\/www.europesays.com\/fr\/wp-json\/wp\/v2\/posts\/135483","targetHints":{"allow":["GET"]}}],"collection":[{"href":"https:\/\/www.europesays.com\/fr\/wp-json\/wp\/v2\/posts"}],"about":[{"href":"https:\/\/www.europesays.com\/fr\/wp-json\/wp\/v2\/types\/post"}],"author":[{"embeddable":true,"href":"https:\/\/www.europesays.com\/fr\/wp-json\/wp\/v2\/users\/2"}],"replies":[{"embeddable":true,"href":"https:\/\/www.europesays.com\/fr\/wp-json\/wp\/v2\/comments?post=135483"}],"version-history":[{"count":0,"href":"https:\/\/www.europesays.com\/fr\/wp-json\/wp\/v2\/posts\/135483\/revisions"}],"wp:featuredmedia":[{"embeddable":true,"href":"https:\/\/www.europesays.com\/fr\/wp-json\/wp\/v2\/media\/135484"}],"wp:attachment":[{"href":"https:\/\/www.europesays.com\/fr\/wp-json\/wp\/v2\/media?parent=135483"}],"wp:term":[{"taxonomy":"category","embeddable":true,"href":"https:\/\/www.europesays.com\/fr\/wp-json\/wp\/v2\/categories?post=135483"},{"taxonomy":"post_tag","embeddable":true,"href":"https:\/\/www.europesays.com\/fr\/wp-json\/wp\/v2\/tags?post=135483"}],"curies":[{"name":"wp","href":"https:\/\/api.w.org\/{rel}","templated":true}]}}