{"id":135487,"date":"2025-05-28T23:26:09","date_gmt":"2025-05-28T23:26:09","guid":{"rendered":"https:\/\/www.europesays.com\/fr\/135487\/"},"modified":"2025-05-28T23:26:09","modified_gmt":"2025-05-28T23:26:09","slug":"previsions-du-jeudi-29-mai-2025-4","status":"publish","type":"post","link":"https:\/\/www.europesays.com\/fr\/135487\/","title":{"rendered":"pr\u00e9visions du jeudi 29 mai 2025"},"content":{"rendered":"<p>Toulouse va \u00eatre baign\u00e9e de soleil durant cette journ\u00e9e. Les temp\u00e9ratures avoisineront les 20\u00b0C. Les valeurs avoisineront les 20\u00b0C au cours de la matin\u00e9e. Un petit vent de nord-ouest soufflera. Le temps va se r\u00e9chauffer l&rsquo;apr\u00e8s-midi avec une hausse de plusieurs degr\u00e9s. Les temp\u00e9ratures s&rsquo;\u00e9chelonneront entre 25 et 27\u00b0C. On s&rsquo;attend \u00e0 une nuit claire entre jeudi et vendredi.<\/p>\n<p>Un bel ensoleillement est pr\u00e9vu demain \u00e0 Toulouse. Une m\u00e9t\u00e9o plus chaude est \u00e0 pr\u00e9voir \u00e9tant donn\u00e9 que le mercure va enregistrer une augmentation. De tr\u00e8s fortes chaleurs (entre 16\u00b0C et 31\u00b0C) sont pr\u00e9vues. Les valeurs afficheront entre 16 et 31\u00b0C. Une modeste brise de sud-est sera ressentie par les habitants. Il fera environ 24\u00b0C, le matin. Les temp\u00e9ratures vont grimper pendant l&rsquo;apr\u00e8s-midi de plusieurs degr\u00e9s. Attention \u00e0 la vague de chaleur. Des temp\u00e9ratures de 30 \u00e0 31\u00b0C sont annonc\u00e9es.<\/p>\n<p>Le temps restera stable les jours \u00e0 venir. Il fera 23\u00b0C en moyenne pour des journ\u00e9es avec un ciel ensoleill\u00e9.<\/p>\n<p><\/p>\n","protected":false},"excerpt":{"rendered":"Toulouse va \u00eatre baign\u00e9e de soleil durant cette journ\u00e9e. Les temp\u00e9ratures avoisineront les 20\u00b0C. Les valeurs avoisineront les&hellip;\n","protected":false},"author":2,"featured_media":135488,"comment_status":"","ping_status":"","sticky":false,"template":"","format":"standard","meta":{"footnotes":""},"categories":[2816],"tags":[1111,11,1777,674,1011,27,2722,2721,12,2680,2119,25,2312],"class_list":{"0":"post-135487","1":"post","2":"type-post","3":"status-publish","4":"format-standard","5":"has-post-thumbnail","7":"category-toulouse","8":"tag-actu","9":"tag-actualites","10":"tag-eu","11":"tag-europe","12":"tag-fr","13":"tag-france","14":"tag-haute-garonne","15":"tag-midi-pyrenees","16":"tag-news","17":"tag-occitanie","18":"tag-previsions-meteo","19":"tag-republique-francaise","20":"tag-toulouse"},"share_on_mastodon":{"url":"https:\/\/pubeurope.com\/@fr\/114588049974847865","error":""},"_links":{"self":[{"href":"https:\/\/www.europesays.com\/fr\/wp-json\/wp\/v2\/posts\/135487","targetHints":{"allow":["GET"]}}],"collection":[{"href":"https:\/\/www.europesays.com\/fr\/wp-json\/wp\/v2\/posts"}],"about":[{"href":"https:\/\/www.europesays.com\/fr\/wp-json\/wp\/v2\/types\/post"}],"author":[{"embeddable":true,"href":"https:\/\/www.europesays.com\/fr\/wp-json\/wp\/v2\/users\/2"}],"replies":[{"embeddable":true,"href":"https:\/\/www.europesays.com\/fr\/wp-json\/wp\/v2\/comments?post=135487"}],"version-history":[{"count":0,"href":"https:\/\/www.europesays.com\/fr\/wp-json\/wp\/v2\/posts\/135487\/revisions"}],"wp:featuredmedia":[{"embeddable":true,"href":"https:\/\/www.europesays.com\/fr\/wp-json\/wp\/v2\/media\/135488"}],"wp:attachment":[{"href":"https:\/\/www.europesays.com\/fr\/wp-json\/wp\/v2\/media?parent=135487"}],"wp:term":[{"taxonomy":"category","embeddable":true,"href":"https:\/\/www.europesays.com\/fr\/wp-json\/wp\/v2\/categories?post=135487"},{"taxonomy":"post_tag","embeddable":true,"href":"https:\/\/www.europesays.com\/fr\/wp-json\/wp\/v2\/tags?post=135487"}],"curies":[{"name":"wp","href":"https:\/\/api.w.org\/{rel}","templated":true}]}}