{"id":135489,"date":"2025-05-28T23:27:10","date_gmt":"2025-05-28T23:27:10","guid":{"rendered":"https:\/\/www.europesays.com\/fr\/135489\/"},"modified":"2025-05-28T23:27:10","modified_gmt":"2025-05-28T23:27:10","slug":"roubaix-accueille-sa-toute-premiere-marche-des-fiertes","status":"publish","type":"post","link":"https:\/\/www.europesays.com\/fr\/135489\/","title":{"rendered":"Roubaix accueille sa toute premi\u00e8re Marche des fiert\u00e9s"},"content":{"rendered":"<p class=\"introduction\">Le jeudi 5 juin 2025, Roubaix marquera un tournant historique en organisant pour la premi\u00e8re fois une Marche des fiert\u00e9s. Un \u00e9v\u00e9nement festif, engag\u00e9 et ouvert \u00e0 toutes et tous, symbole fort d\u2019inclusion et de reconnaissance des diversit\u00e9s.<\/p>\n<p data-start=\"966\" data-end=\"1305\">Le d\u00e9part sera donn\u00e9 \u00e0 20h devant la gare Jean-Lebas. Le cort\u00e8ge empruntera l\u2019avenue du m\u00eame nom pour rejoindre l\u2019H\u00f4tel de Ville, un parcours d\u2019un kilom\u00e8tre au c\u0153ur de la ville. \u00c0 l\u2019arriv\u00e9e, les participants seront accueillis dans une ambiance conviviale avec des stands d\u2019information, des animations et une soir\u00e9e festive jusqu\u2019\u00e0 22h.<\/p>\n<p data-start=\"1307\" data-end=\"1632\">D\u00e8s 19h, un espace d\u2019accueil bienveillant sera propos\u00e9 \u00e0 celles et ceux qui souhaitent \u00e9changer, s\u2019informer ou simplement se retrouver avant le d\u00e9part. Une zone de pr\u00e9paration tranquille est \u00e9galement pr\u00e9vue \u00e0 la librairie Combo, entre 17h et 20h, pour permettre \u00e0 chacun de se sentir pr\u00eat \u00e0 participer en toute s\u00e9curit\u00e9.<\/p>\n<p data-start=\"1634\" data-end=\"1903\">La marche est ouverte \u00e0 toutes les personnes concern\u00e9es ou alli\u00e9es, dans un esprit de tol\u00e9rance, de respect et de partage. Des agents municipaux assureront la s\u00e9curit\u00e9 sur le parcours et aux abords des stations de m\u00e9tro, pour garantir le bon d\u00e9roulement de l\u2019\u00e9v\u00e9nement.<\/p>\n<p data-start=\"1905\" data-end=\"2245\">Cette initiative in\u00e9dite \u00e0 Roubaix refl\u00e8te une volont\u00e9 de porter haut les valeurs de libert\u00e9, de diversit\u00e9 et de visibilit\u00e9. Pour que cette premi\u00e8re soit un succ\u00e8s, un minimum de 200 participant\u00b7es est n\u00e9cessaire. Un appel est donc lanc\u00e9 \u00e0 toutes celles et ceux qui souhaitent marcher pour l\u2019\u00e9galit\u00e9, la dignit\u00e9 et le droit d\u2019\u00eatre soi-m\u00eame.<\/p>\n<p data-start=\"2247\" data-end=\"2545\"><strong data-start=\"2247\" data-end=\"2269\">\ud83d\udccd Infos pratiques<\/strong><br data-start=\"2269\" data-end=\"2272\"\/>\ud83d\udcc5 Jeudi 5 juin 2025<br data-start=\"2292\" data-end=\"2295\"\/>\ud83d\udd57 D\u00e9part \u00e0 20h, gare Jean-Lebas<br data-start=\"2327\" data-end=\"2330\"\/>\ud83c\udf89 Arriv\u00e9e \u00e0 l\u2019H\u00f4tel de Ville \u2013 animations jusqu\u2019\u00e0 22h<br data-start=\"2384\" data-end=\"2387\"\/>\ud83c\udff3\ufe0f\u200d\ud83c\udf08 Accueil d\u00e8s 19h dans un espace bienveillant<br data-start=\"2437\" data-end=\"2440\"\/>\ud83d\udc60 Espace de pr\u00e9paration safe place : Librairie Combo, 17h-20h<br data-start=\"2502\" data-end=\"2505\"\/>\ud83c\udfab \u00c9v\u00e9nement gratuit et ouvert \u00e0 tou\u00b7tes<\/p>\n","protected":false},"excerpt":{"rendered":"Le jeudi 5 juin 2025, Roubaix marquera un tournant historique en organisant pour la premi\u00e8re fois une Marche&hellip;\n","protected":false},"author":2,"featured_media":135490,"comment_status":"","ping_status":"","sticky":false,"template":"","format":"standard","meta":{"footnotes":""},"categories":[2815],"tags":[17,1111,11,1777,674,2087,1011,27,811,1307,24310,12,25],"class_list":{"0":"post-135489","1":"post","2":"type-post","3":"status-publish","4":"format-standard","5":"has-post-thumbnail","7":"category-lille","8":"tag-17","9":"tag-actu","10":"tag-actualites","11":"tag-eu","12":"tag-europe","13":"tag-evenement","14":"tag-fr","15":"tag-france","16":"tag-hauts-de-france","17":"tag-lille","18":"tag-marche-des-fiertes","19":"tag-news","20":"tag-republique-francaise"},"share_on_mastodon":{"url":"https:\/\/pubeurope.com\/@fr\/114588053872368987","error":""},"_links":{"self":[{"href":"https:\/\/www.europesays.com\/fr\/wp-json\/wp\/v2\/posts\/135489","targetHints":{"allow":["GET"]}}],"collection":[{"href":"https:\/\/www.europesays.com\/fr\/wp-json\/wp\/v2\/posts"}],"about":[{"href":"https:\/\/www.europesays.com\/fr\/wp-json\/wp\/v2\/types\/post"}],"author":[{"embeddable":true,"href":"https:\/\/www.europesays.com\/fr\/wp-json\/wp\/v2\/users\/2"}],"replies":[{"embeddable":true,"href":"https:\/\/www.europesays.com\/fr\/wp-json\/wp\/v2\/comments?post=135489"}],"version-history":[{"count":0,"href":"https:\/\/www.europesays.com\/fr\/wp-json\/wp\/v2\/posts\/135489\/revisions"}],"wp:featuredmedia":[{"embeddable":true,"href":"https:\/\/www.europesays.com\/fr\/wp-json\/wp\/v2\/media\/135490"}],"wp:attachment":[{"href":"https:\/\/www.europesays.com\/fr\/wp-json\/wp\/v2\/media?parent=135489"}],"wp:term":[{"taxonomy":"category","embeddable":true,"href":"https:\/\/www.europesays.com\/fr\/wp-json\/wp\/v2\/categories?post=135489"},{"taxonomy":"post_tag","embeddable":true,"href":"https:\/\/www.europesays.com\/fr\/wp-json\/wp\/v2\/tags?post=135489"}],"curies":[{"name":"wp","href":"https:\/\/api.w.org\/{rel}","templated":true}]}}