{"id":135491,"date":"2025-05-28T23:28:17","date_gmt":"2025-05-28T23:28:17","guid":{"rendered":"https:\/\/www.europesays.com\/fr\/135491\/"},"modified":"2025-05-28T23:28:17","modified_gmt":"2025-05-28T23:28:17","slug":"la-coordination-rurale-manifeste-en-tracteurs-dans-lille-3","status":"publish","type":"post","link":"https:\/\/www.europesays.com\/fr\/135491\/","title":{"rendered":"la Coordination rurale manifeste en tracteurs dans Lille"},"content":{"rendered":"<p>AFP Videos &#8211; France<\/p>\n<p><a class=\"Td(n) C($inherit) LineClamp(2,45px) D(f) rapidnofollow\" data-uuid=\"535eef41-9d27-30ea-b3e9-9ddccc4e13ff\" href=\"https:\/\/fr.news.yahoo.com\/chirurgien-p%C3%A9docriminel-scouarnec-lheure-verdict-110119410.html\" data-ylk=\"elm:hdln;itc:0;pos:1;sec:strm;subsec:moreforyou;cpos:12;ct:video;g:535eef41-9d27-30ea-b3e9-9ddccc4e13ff\" data-hosted-type=\"HOSTED\" target=\"_blank\" rel=\"noopener\">Pour le chirurgien p\u00e9docriminel Le Scouarnec, l&rsquo;heure du verdict approche<\/a><\/p>\n<p class=\"M(0) C($summaryColor) Fz(14px) Lh(1.43em) LineClamp(3,60px)\">L&rsquo;ex-chirurgien p\u00e9docriminel Jo\u00ebl Le Scouarnec, qui encourt la peine maximale de 20 ans de prison pour viols et agressions sexuelles, va conna\u00eetre mercredi le sort que lui r\u00e9serve la justice apr\u00e8s trois mois d&rsquo;audience devant la cour criminelle du Morbihan.Cet homme aujourd&rsquo;hui \u00e2g\u00e9 de 74 ans, qualifi\u00e9 de \u00ab\u00a0diable\u00a0\u00bb par l&rsquo;avocat g\u00e9n\u00e9ral, est accus\u00e9 d&rsquo;avoir commis des viols et agressions sexuelles sur 299 personnes, dont une large majorit\u00e9 de patients mineurs au moment des faits, de 1989 \u00e0 2014.\u00a0Il a reconnu l&rsquo;ensemble des faits, endossant \u00e9galement la responsabilit\u00e9 pour la mort de deux victimes, l&rsquo;une par overdose et l&rsquo;autre par suicide.\u00a0\u00bb\u00c0 la cour, je ne sollicite aucune mansu\u00e9tude. Accordez-moi simplement le droit de devenir meilleur et de reconqu\u00e9rir cette part d&rsquo;humanit\u00e9 qui m&rsquo;a tellement fait d\u00e9faut\u00a0\u00bb, a demand\u00e9 l&rsquo;accus\u00e9, invit\u00e9 lundi une derni\u00e8re fois \u00e0 prendre la parole au terme de ce proc\u00e8s d\u00e9but\u00e9 le 24 f\u00e9vrier.L&rsquo;avocat g\u00e9n\u00e9ral St\u00e9phane Kellenberger a requis contre lui la peine maximale de 20 ans de r\u00e9clusion assortie d&rsquo;une s\u00e9rie de mesures de s\u00fbret\u00e9 en raison de sa \u00ab\u00a0dangerosit\u00e9\u00a0\u00bb.Il a notamment requis une \u00ab\u00a0r\u00e9tention de s\u00fbret\u00e9\u00a0\u00bb, une mesure rare qui concerne essentiellement des d\u00e9linquants sexuels et qui permet de placer dans un centre unique en France un criminel pr\u00e9sentant un risque \u00e9lev\u00e9 de r\u00e9cidive apr\u00e8s la fin de sa peine.Pour Manon Lemoine, que Jo\u00ebl Le Scouarnec a reconnu avoir viol\u00e9e \u00e0 l&rsquo;\u00e2ge de 11 ans, l&rsquo;adoption de cette mesure par la cour est \u00ab\u00a0le v\u00e9ritable enjeu\u00a0\u00bb du verdict. \u00ab\u00a0Si (elle) n&rsquo;est pas prononc\u00e9e, c&rsquo;est une honte\u00a0\u00bb, a-t-elle d\u00e9clar\u00e9 \u00e0 l&rsquo;AFP.Son avocate, Me Marie Grimaud, a elle esp\u00e9r\u00e9 que \u00ab\u00a0la cour ne passera pas \u00e0 c\u00f4t\u00e9 (&#8230;) du risque de dangerosit\u00e9 extr\u00eamement important\u00a0\u00bb de Jo\u00ebl Le Scouarnec.\u00a0\u00bbArchi-coupable\u00a0\u00bb, il \u00ab\u00a0ne demande pas \u00e0 \u00e9chapper \u00e0 la peine requise par l&rsquo;avocat g\u00e9n\u00e9ral\u00a0\u00bb, a affirm\u00e9 l&rsquo;un des avocats de la d\u00e9fense, Me Maxime Tessier, estimant que son client est all\u00e9 \u00ab\u00a0le plus loin dans ce qu\u2019on peut attendre d&rsquo;un accus\u00e9 devant la cour criminelle\u00a0\u00bb.\u00a0Il a \u00ab\u00a0le droit \u00e0 la repentance\u00a0\u00bb, a-t-il rappel\u00e9.Le verdict, qui sera prononc\u00e9 par la pr\u00e9sidente de la cour Aude Buresi, est attendu au tribunal judiciaire de Vannes \u00e0 partir de 14H30, selon la cour d&rsquo;appel de Rennes.- \u00ab\u00a0Bombe atomique\u00a0\u00bb -Tout au long du proc\u00e8s, Jo\u00ebl Le Scouarnec a voulu \u00ab\u00a0avancer et r\u00e9parer\u00a0\u00bb, une \u00ab\u00a0d\u00e9marche volontaire\u00a0\u00bb, a plaid\u00e9 lundi Me Thibaut Kurzawa, l&rsquo;un de ses conseils.Certains avocats des parties civiles y ont vu eux un simple tour de passe-passe: \u00ab\u00a0reconna\u00eetre tout, c&rsquo;est ne rien reconna\u00eetre\u00a0\u00bb, a ainsi remarqu\u00e9 Me Giovanni Bertho-Briand.\u00a0\u00bbIl nous a \u00e9t\u00e9 martel\u00e9 votre grande repentance, la grande s\u00e9r\u00e9nade de +j&rsquo;ai chang\u00e9+\u00a0\u00bb, s&rsquo;est agac\u00e9 Me Delphine Caro. \u00ab\u00a0Mais \u00e0 qui ferez-vous croire que vous avez chang\u00e9?\u00a0\u00bb\u00a0\u00bbVous \u00eates le pire p\u00e9dophile de masse qui ait jamais exist\u00e9 (&#8230;) la bombe atomique de la p\u00e9dophilie\u00a0\u00bb, a lanc\u00e9 Me Thomas Delaby.D\u00e9but\u00e9 le 24 f\u00e9vrier, ce proc\u00e8s fleuve a r\u00e9uni quelque 60 avocats de parties civiles qui ont plaid\u00e9, tant\u00f4t individuellement, tant\u00f4t en se regroupant autour de th\u00e8mes pr\u00e9cis, pendant presque trois jours.Les victimes \u00ab\u00a0ne vous pardonneront jamais. Jamais\u00a0\u00bb, a ass\u00e9n\u00e9 \u00e0 l&rsquo;accus\u00e9 Me Delaby.\u00a0\u00bbAucune peine ne pourra \u00eatre \u00e0 la hauteur de la souffrance des parties civiles\u00a0\u00bb, a rappel\u00e9 Me Romane Codou.- \u00ab\u00a0Plus jamais \u00e7a\u00a0\u00bb -Ce proc\u00e8s ne sera vraisemblablement pas le dernier de l&rsquo;ex-chirurgien p\u00e9docriminel: \u00ab\u00a0il y aura probablement une autre proc\u00e9dure\u00a0\u00bb, notamment sur les victimes encore non identifi\u00e9es, a lanc\u00e9 l&rsquo;avocat g\u00e9n\u00e9ral lors de ses r\u00e9quisitions.Un collectif de victimes manifestera \u00e0 13H30 devant le tribunal judiciaire. Une rencontre aura lieu le 11 juin avec le ministre de la Sant\u00e9 Yannick Neuder, a annonc\u00e9 \u00e0 l&rsquo;AFP Manon Lemoine, membre de ce collectif qui d\u00e9nonce le \u00ab\u00a0silence politique\u00a0\u00bb entourant le proc\u00e8s.\u00a0\u00bbJe vais agir avec le ministre de la Justice (G\u00e9rald Darmanin, NDLR) pour que plus jamais (&#8230;) on ne puisse se retrouver \u00e0 avoir expos\u00e9 des patients, des enfants vuln\u00e9rables\u00a0\u00bb \u00e0 des \u00ab\u00a0pr\u00e9dateurs sexuels\u00a0\u00bb, a d\u00e9clar\u00e9 M. Neuder sur France Info, qui se propose au cours de cette rencontre de \u00ab\u00a0les \u00e9couter\u00a0\u00bb.\u00a0\u00bbCe qu&rsquo;on a envie de dire, c&rsquo;est plus jamais \u00e7a. Comment on a-t-on pu en arriver \u00e0 une situation comme celle-ci?\u00a0\u00bb, s&rsquo;est-il interrog\u00e9.all\/ban\/mb\/rhl<\/p>\n","protected":false},"excerpt":{"rendered":"AFP Videos &#8211; France Pour le chirurgien p\u00e9docriminel Le Scouarnec, l&rsquo;heure du verdict approche L&rsquo;ex-chirurgien p\u00e9docriminel Jo\u00ebl Le&hellip;\n","protected":false},"author":2,"featured_media":135492,"comment_status":"","ping_status":"","sticky":false,"template":"","format":"standard","meta":{"footnotes":""},"categories":[2815],"tags":[1111,11,26140,26141,26142,26139,1777,674,1011,27,811,26143,1307,12,25],"class_list":{"0":"post-135491","1":"post","2":"type-post","3":"status-publish","4":"format-standard","5":"has-post-thumbnail","7":"category-lille","8":"tag-actu","9":"tag-actualites","10":"tag-cite-administrative","11":"tag-coordination-rurale","12":"tag-ddtm","13":"tag-direction-departementale","14":"tag-eu","15":"tag-europe","16":"tag-fr","17":"tag-france","18":"tag-hauts-de-france","19":"tag-le-senateur","20":"tag-lille","21":"tag-news","22":"tag-republique-francaise"},"share_on_mastodon":{"url":"https:\/\/pubeurope.com\/@fr\/114588057793353348","error":""},"_links":{"self":[{"href":"https:\/\/www.europesays.com\/fr\/wp-json\/wp\/v2\/posts\/135491","targetHints":{"allow":["GET"]}}],"collection":[{"href":"https:\/\/www.europesays.com\/fr\/wp-json\/wp\/v2\/posts"}],"about":[{"href":"https:\/\/www.europesays.com\/fr\/wp-json\/wp\/v2\/types\/post"}],"author":[{"embeddable":true,"href":"https:\/\/www.europesays.com\/fr\/wp-json\/wp\/v2\/users\/2"}],"replies":[{"embeddable":true,"href":"https:\/\/www.europesays.com\/fr\/wp-json\/wp\/v2\/comments?post=135491"}],"version-history":[{"count":0,"href":"https:\/\/www.europesays.com\/fr\/wp-json\/wp\/v2\/posts\/135491\/revisions"}],"wp:featuredmedia":[{"embeddable":true,"href":"https:\/\/www.europesays.com\/fr\/wp-json\/wp\/v2\/media\/135492"}],"wp:attachment":[{"href":"https:\/\/www.europesays.com\/fr\/wp-json\/wp\/v2\/media?parent=135491"}],"wp:term":[{"taxonomy":"category","embeddable":true,"href":"https:\/\/www.europesays.com\/fr\/wp-json\/wp\/v2\/categories?post=135491"},{"taxonomy":"post_tag","embeddable":true,"href":"https:\/\/www.europesays.com\/fr\/wp-json\/wp\/v2\/tags?post=135491"}],"curies":[{"name":"wp","href":"https:\/\/api.w.org\/{rel}","templated":true}]}}