{"id":135499,"date":"2025-05-28T23:32:13","date_gmt":"2025-05-28T23:32:13","guid":{"rendered":"https:\/\/www.europesays.com\/fr\/135499\/"},"modified":"2025-05-28T23:32:13","modified_gmt":"2025-05-28T23:32:13","slug":"lyon-pourquoi-le-metro-b-a-t-il-ete-a-larret-ce-mercredi-apres-midi","status":"publish","type":"post","link":"https:\/\/www.europesays.com\/fr\/135499\/","title":{"rendered":"Lyon : pourquoi le m\u00e9tro B a-t-il \u00e9t\u00e9 \u00e0 l&rsquo;arr\u00eat ce mercredi apr\u00e8s-midi ?"},"content":{"rendered":"<p>Ce mercredi 28 mai, la ligne B du m\u00e9tro \u00e0 Lyon a \u00e9t\u00e9 interrompue en milieu d&rsquo;apr\u00e8s-midi. Un incident est survenu \u00e0 Jean Mac\u00e9.<\/p>\n<p>Nouvel \u00e9pisode de pagaille dans le m\u00e9tro \u00e0 Lyon. Ce mercredi 28 mai, un peu avant 17h, <b>la ligne B du m\u00e9tro a \u00e9t\u00e9 partiellement interrompue<\/b>, obligeant les passagers \u00e0 \u00e9vacuer dans un tunnel.<\/p>\n<p>Un acte de malveillance sur le m\u00e9tro B<\/p>\n<p>C&rsquo;est <b>un acte de malveillance<\/b>, survenu \u00e0 <b>Jean Mac\u00e9<\/b>, qui est en cause. Le m\u00e9tro ne pouvait plus desservir les stations entre Charpennes Charles Hernu et Debourg.<\/p>\n<p>Les TCL ont mis en place des bus relais entre Gerland et Part-Dieu pendant cette interruption temporaire pour permettre aux passagers de rejoindre leur destination.<\/p>\n<p>Le trafic a finalement repris <b>vers 17h20<\/b> sur la ligne B du m\u00e9tro.\u00a0<\/p>\n<p>Malgr\u00e9 cet acte de malveillance qui n&rsquo;est pas de leur ressort, les TCL ont pr\u00e9sent\u00e9 \u00ab\u00a0leurs excuses pour les d\u00e9sagr\u00e9ments occasionn\u00e9s\u00a0\u00bb.<\/p>\n<p><img loading=\"lazy\" decoding=\"async\" src=\"https:\/\/www.europesays.com\/fr\/wp-content\/uploads\/2025\/05\/1748475133_154_img\" width=\"350\" height=\"200\" border=\"0\" title=\"L'H\u00c3\u00b4tel de Ville de Lyon.\"\/><\/p>\n<p>\u25baSoci\u00e9t\u00e9<\/p>\n<p style=\"font-size: 22px;\"><b>Lyon : 60 nouvelles cam\u00e9ras seront d\u00e9ploy\u00e9es d&rsquo;ici \u00e0 2026<\/b><\/p>\n<p>Dans un communiqu\u00e9 publi\u00e9 ce mercredi 28 mai,&#8230;<\/p>\n<p><\/p>\n","protected":false},"excerpt":{"rendered":"Ce mercredi 28 mai, la ligne B du m\u00e9tro \u00e0 Lyon a \u00e9t\u00e9 interrompue en milieu d&rsquo;apr\u00e8s-midi. Un&hellip;\n","protected":false},"author":2,"featured_media":135500,"comment_status":"","ping_status":"","sticky":false,"template":"","format":"standard","meta":{"footnotes":""},"categories":[1889],"tags":[26144,1111,11,2430,1777,674,1011,27,10216,2428,10212,12,25,10213,2803],"class_list":{"0":"post-135499","1":"post","2":"type-post","3":"status-publish","4":"format-standard","5":"has-post-thumbnail","7":"category-lyon","8":"tag-acte-de-malveillance","9":"tag-actu","10":"tag-actualites","11":"tag-auvergne-rhone-alpes","12":"tag-eu","13":"tag-europe","14":"tag-fr","15":"tag-france","16":"tag-jean-mac","17":"tag-lyon","18":"tag-mtro-b","19":"tag-news","20":"tag-republique-francaise","21":"tag-tcl","22":"tag-transport"},"share_on_mastodon":{"url":"https:\/\/pubeurope.com\/@fr\/114588073894868512","error":""},"_links":{"self":[{"href":"https:\/\/www.europesays.com\/fr\/wp-json\/wp\/v2\/posts\/135499","targetHints":{"allow":["GET"]}}],"collection":[{"href":"https:\/\/www.europesays.com\/fr\/wp-json\/wp\/v2\/posts"}],"about":[{"href":"https:\/\/www.europesays.com\/fr\/wp-json\/wp\/v2\/types\/post"}],"author":[{"embeddable":true,"href":"https:\/\/www.europesays.com\/fr\/wp-json\/wp\/v2\/users\/2"}],"replies":[{"embeddable":true,"href":"https:\/\/www.europesays.com\/fr\/wp-json\/wp\/v2\/comments?post=135499"}],"version-history":[{"count":0,"href":"https:\/\/www.europesays.com\/fr\/wp-json\/wp\/v2\/posts\/135499\/revisions"}],"wp:featuredmedia":[{"embeddable":true,"href":"https:\/\/www.europesays.com\/fr\/wp-json\/wp\/v2\/media\/135500"}],"wp:attachment":[{"href":"https:\/\/www.europesays.com\/fr\/wp-json\/wp\/v2\/media?parent=135499"}],"wp:term":[{"taxonomy":"category","embeddable":true,"href":"https:\/\/www.europesays.com\/fr\/wp-json\/wp\/v2\/categories?post=135499"},{"taxonomy":"post_tag","embeddable":true,"href":"https:\/\/www.europesays.com\/fr\/wp-json\/wp\/v2\/tags?post=135499"}],"curies":[{"name":"wp","href":"https:\/\/api.w.org\/{rel}","templated":true}]}}