{"id":135504,"date":"2025-05-28T23:35:10","date_gmt":"2025-05-28T23:35:10","guid":{"rendered":"https:\/\/www.europesays.com\/fr\/135504\/"},"modified":"2025-05-28T23:35:10","modified_gmt":"2025-05-28T23:35:10","slug":"paris-devrait-perdre-2600-menages-par-an-jusquen-2050-et-passer-sous-la-barre-des-2-millions-dhabitants","status":"publish","type":"post","link":"https:\/\/www.europesays.com\/fr\/135504\/","title":{"rendered":"Paris devrait perdre 2600 m\u00e9nages par an jusqu\u2019en 2050 et passer sous la barre des 2 millions d\u2019habitants"},"content":{"rendered":"<p>Avec l\u2019exode des parisiens, la taille moyenne des foyers de la capitale continuera de se contracter dans les ann\u00e9es \u00e0 venir, d\u2019apr\u00e8s les projections de l\u2019Insee publi\u00e9es mardi.<\/p>\n<p class=\"fig-paragraph\">La tendance n\u2019est pas pr\u00e8s de s\u2019inverser. La population parisienne devrait poursuivre sa mutation dans les d\u00e9cennies \u00e0 venir, sur fond de saign\u00e9e d\u00e9mographique bien install\u00e9e. Les derniers exercices de projection de l\u2019Insee sur le nombre de m\u00e9nages parisiens \u2014 c\u2019est-\u00e0-dire un ensemble de personnes qui partagent la m\u00eame r\u00e9sidence principale \u2014 en t\u00e9moignent. L\u2019institut d\u00e9voile une nette acc\u00e9l\u00e9ration des tendances. Paris perdra en moyenne 2600 m\u00e9nages par an. Soit une baisse moyenne annuelle de 0,24% sur les 25 prochaines ann\u00e9es. Cette baisse annuelle moyenne contraste avec celle de 0,07% observ\u00e9e entre 2008 et 2018. Un signe du changement profond de la mani\u00e8re dont les Fran\u00e7ais vivent dans la capitale.<\/p>\n<p class=\"fig-body-link\">\n            \u00c0 lire aussi<br \/>\n        <a class=\"fig-body-link__link\" href=\"http:\/\/www.lefigaro.fr\/conjoncture\/toujours-aussi-attractive-pour-les-touristes-paris-perd-de-plus-en-plus-d-habitants-20241224\" target=\"_blank\" data-fig-type=\"NewsFlash\" rel=\"noopener\" data-gtm-custom-categorie=\"navigation\" data-gtm-custom-action=\"crossclick\" data-gtm-custom-label=\"Contextuel\" data-gtm-event=\"customEventSPE\" data-fig-domain=\"LEFIGARO\">Toujours aussi attractive pour les touristes, Paris perd de plus en plus d\u2019habitants<br \/>\n    <\/a>\n<\/p>\n<p>Entre chute d\u00e9mographique et \u00e9clatement des familles<\/p>\n<p class=\"fig-paragraph\">Elle est d\u2019abord li\u00e9e \u00e0 l\u2019exode des Parisiens, depuis le d\u00e9but des ann\u00e9es 2010. Paris a perdu plus de 100.000 habitants entre 2010 et 2021, soit une baisse de 5% en 11 ans. Ce sont principalement des jeunes actifs et des familles pouss\u00e9s par le co\u00fbt de l\u2019immobilier. \u00abFace \u00e0\u00a0<a href=\"https:\/\/www.lefigaro.fr\/fig-data\/partir-de-paris\/\" target=\"_blank\" rel=\"noopener\" data-gtm-custom-categorie=\"navigation\" data-gtm-custom-action=\"crossclick\" data-gtm-custom-label=\"Contextuel\" data-gtm-event=\"customEventSPE\">la flamb\u00e9e des prix de l\u2019immobilier et \u00e0 la saturation du b\u00e2ti<\/a> , les m\u00e9nages en qu\u00eate d\u2019un logement investissent des territoires auparavant peu attractifs, voire d\u00e9valoris\u00e9s\u00bb, expliquait Lydie Launay au Figaro en 2019. Une dynamique qui pourrait amener Paris\u00a0<a href=\"http:\/\/www.lefigaro.fr\/conjoncture\/paris-pourrait-repasser-sous-la-barre-des-deux-millions-d-habitants-entre-2050-et-2060-20221124\" target=\"_blank\" data-fig-type=\"NewsFlash\" rel=\"noopener\" data-gtm-custom-categorie=\"navigation\" data-gtm-custom-action=\"crossclick\" data-gtm-custom-label=\"Contextuel\" data-gtm-event=\"customEventSPE\" data-fig-domain=\"LEFIGARO\">sous la barre des 2 millions d\u2019habitants<\/a>\u00a0entre 2050 et 2060, d\u2019apr\u00e8s une autre \u00e9tude de l\u2019Insee. \u00abLa baisse d\u00e9mographique est enclench\u00e9e depuis 2011, entra\u00een\u00e9e par de nombreux d\u00e9parts au profit de la banlieue proche et de la province\u00bb, rappelle Marie Acs, cheffe de service adjointe au service des \u00e9tudes de la branche francilienne de l\u2019Insee.<\/p>\n<p class=\"fig-paragraph\">L\u2019\u00e9tude montre aussi que la composition des familles et des foyers parisiens va poursuivre sa mutation dans les ann\u00e9es \u00e0 venir. D\u2019abord avec le vieillissement des m\u00e9nages. Sur la p\u00e9riode, la part des 15-59 ans dans la population de la capitale a diminu\u00e9 au profit des personnes de plus de 60 ans. La part de ces derniers est pass\u00e9e de 19,9\u202f% \u00e0 22,6\u202f%, contre une baisse de 65,7\u202f% \u00e0 64,2\u202f% pour leurs cadets.<\/p>\n<p class=\"fig-paragraph\">De plus, entre 2018 et 2050, le nombre de personnes vivant seules devrait ainsi passer de 51,7% \u00e0 54,5%, tandis que la part des familles monoparentales passera, elle, de 7,4% \u00e0 7,6%. Au global, la taille moyenne des m\u00e9nages continuera de se contracter en passant de 1,88 \u00e0 1,76 personne par foyer. Un record, \u00e0 l\u2019\u00e9chelle de l\u2019Hexagone.<\/p>\n<p class=\"fig-paragraph\">\u00abQuand les foyers vieillissent, les enfants quittent le nid pour fonder leur propre foyer. C\u2019est la m\u00eame logique quand un couple se s\u00e9pare\u00a0: un foyer dispara\u00eet pour donner lieu \u00e0 deux nouveaux\u00bb, explique Marie Acs. Le vieillissement, ainsi que l\u2019augmentation du nombre de familles monoparentales et de personnes vivant seules, devraient ainsi entra\u00eener une hausse annuelle de 0,19% des m\u00e9nages. Mais cet \u00e9clatement ne suffit par ) compenser la d\u00e9croissance d\u00e9mographique de la capitale, estim\u00e9e \u00e0 -0,44% en moyenne annuelle.<\/p>\n<p class=\"fig-body-link\">\n            \u00c0 lire aussi<br \/>\n        <a class=\"fig-body-link__link fig-premium-mark\" href=\"http:\/\/www.lefigaro.fr\/conjoncture\/paris-pourrait-repasser-sous-la-barre-des-deux-millions-d-habitants-entre-2050-et-2060-20221124\" target=\"_blank\" data-fig-type=\"NewsFlash\" rel=\"noopener\" data-gtm-custom-categorie=\"navigation\" data-gtm-custom-action=\"crossclick\" data-gtm-custom-label=\"Contextuel\" data-gtm-event=\"customEventSPE\" data-fig-domain=\"LEFIGARO\">Paris pourrait repasser sous la barre des deux millions d&rsquo;habitants entre 2050 et 2060<br \/>\n    <\/a>\n<\/p>\n<p>L\u2019exception parisienne<\/p>\n<p class=\"fig-paragraph\">La tendance \u00e0 la baisse du nombre de m\u00e9nages n\u2019est pas nouvelle. D\u00e9j\u00e0, entre 2013 et 2018, Paris perdait en moyenne 2,3 m\u00e9nages pour mille chaque ann\u00e9e. Pourtant, entre 2008 et 2012, le nombre de m\u00e9nages \u00e9tait en croissance de 0,09% par an. Une inversion de tendance difficile \u00e0 caract\u00e9riser selon la statisticienne\u00a0: \u00abIl est difficile d\u2019expliquer ce retournement. Depuis 1968, le nombre de m\u00e9nages \u00e0 Paris a connu plusieurs \u00e9volutions, \u00e0 la hausse comme \u00e0 la baisse, avec des changements parfois brutaux.\u00bb \u00abD\u2019ailleurs, pr\u00e9cise-t-elle, notre note contient des projections et non des pr\u00e9visions. Nous ne faisons que \u201ctracer un trait\u201d en reproduisant les tendances d\u00e9j\u00e0 observ\u00e9es sur la p\u00e9riode 2013-2018.\u00bb Un sursaut est donc toujours possible.<\/p>\n<p class=\"fig-paragraph\">Par la plus faible taille moyenne de ses m\u00e9nages et par sa d\u00e9croissance d\u00e9mographique, Paris fait office d\u2019exception\u00a0<a href=\"http:\/\/www.lefigaro.fr\/actualite-france\/l-ile-de-france-est-surpeuplee-estiment-ses-habitants-20240221\" target=\"_blank\" data-fig-type=\"NewsFlash\" rel=\"noopener\" data-gtm-custom-categorie=\"navigation\" data-gtm-custom-action=\"crossclick\" data-gtm-custom-label=\"Contextuel\" data-gtm-event=\"customEventSPE\" data-fig-domain=\"LEFIGARO\">en \u00cele-de-France<\/a>. \u00abContrairement aux autres d\u00e9partements de la r\u00e9gion, Paris serait le seul \u00e0 conna\u00eetre une diminution du nombre de m\u00e9nages chaque ann\u00e9e entre 2018 et 2050\u00bb, souligne l\u2019Insee. \u00abEn effet, \u00e0 l\u2019exception de Paris (-0,24%), le nombre de m\u00e9nages progresserait entre 2018 et 2050 \u00e0 un rythme assez soutenu\u00a0: 0,49% en moyenne (hors Paris).\u00bb Port\u00e9s par leurs d\u00e9mographies tr\u00e8s dynamiques, \u00ab\u202fla Seine-Saint-Denis (+0,58%), la Seine-et-Marne (+0,53%) et le Val-d\u2019Oise (+0,50%) seraient les d\u00e9partements avec la croissance la plus \u00e9lev\u00e9e.\u00bb<\/p>\n","protected":false},"excerpt":{"rendered":"Avec l\u2019exode des parisiens, la taille moyenne des foyers de la capitale continuera de se contracter dans les&hellip;\n","protected":false},"author":2,"featured_media":135505,"comment_status":"","ping_status":"","sticky":false,"template":"","format":"standard","meta":{"footnotes":""},"categories":[1888],"tags":[1111,1928,339,11,1927,340,343,345,350,130,344,352,349,6969,33,341,313,1777,674,1011,27,346,342,2066,353,351,347,12,1926,626,1925,348,25,354],"class_list":{"0":"post-135504","1":"post","2":"type-post","3":"status-publish","4":"format-standard","5":"has-post-thumbnail","7":"category-paris","8":"tag-actu","9":"tag-actu-paris","10":"tag-actualite-economique","11":"tag-actualites","12":"tag-actualites-paris","13":"tag-bourse","14":"tag-cac-40","15":"tag-chef-dentreprise","16":"tag-concurrence","17":"tag-consommation","18":"tag-creation-dentreprise","19":"tag-crise","20":"tag-delocalisations","21":"tag-demographie","22":"tag-economie","23":"tag-emploi","24":"tag-entreprises","25":"tag-eu","26":"tag-europe","27":"tag-fr","28":"tag-france","29":"tag-grands-patrons","30":"tag-impots","31":"tag-insee","32":"tag-licenciements","33":"tag-monopole","34":"tag-multinationales","35":"tag-news","36":"tag-news-paris","37":"tag-paris","38":"tag-paris-news","39":"tag-privatisation","40":"tag-republique-francaise","41":"tag-unio"},"share_on_mastodon":{"url":"","error":"Validation failed: Text character limit of 500 exceeded"},"_links":{"self":[{"href":"https:\/\/www.europesays.com\/fr\/wp-json\/wp\/v2\/posts\/135504","targetHints":{"allow":["GET"]}}],"collection":[{"href":"https:\/\/www.europesays.com\/fr\/wp-json\/wp\/v2\/posts"}],"about":[{"href":"https:\/\/www.europesays.com\/fr\/wp-json\/wp\/v2\/types\/post"}],"author":[{"embeddable":true,"href":"https:\/\/www.europesays.com\/fr\/wp-json\/wp\/v2\/users\/2"}],"replies":[{"embeddable":true,"href":"https:\/\/www.europesays.com\/fr\/wp-json\/wp\/v2\/comments?post=135504"}],"version-history":[{"count":0,"href":"https:\/\/www.europesays.com\/fr\/wp-json\/wp\/v2\/posts\/135504\/revisions"}],"wp:featuredmedia":[{"embeddable":true,"href":"https:\/\/www.europesays.com\/fr\/wp-json\/wp\/v2\/media\/135505"}],"wp:attachment":[{"href":"https:\/\/www.europesays.com\/fr\/wp-json\/wp\/v2\/media?parent=135504"}],"wp:term":[{"taxonomy":"category","embeddable":true,"href":"https:\/\/www.europesays.com\/fr\/wp-json\/wp\/v2\/categories?post=135504"},{"taxonomy":"post_tag","embeddable":true,"href":"https:\/\/www.europesays.com\/fr\/wp-json\/wp\/v2\/tags?post=135504"}],"curies":[{"name":"wp","href":"https:\/\/api.w.org\/{rel}","templated":true}]}}