{"id":135510,"date":"2025-05-28T23:38:09","date_gmt":"2025-05-28T23:38:09","guid":{"rendered":"https:\/\/www.europesays.com\/fr\/135510\/"},"modified":"2025-05-28T23:38:09","modified_gmt":"2025-05-28T23:38:09","slug":"previsions-du-jeudi-29-mai-2025-5","status":"publish","type":"post","link":"https:\/\/www.europesays.com\/fr\/135510\/","title":{"rendered":"pr\u00e9visions du jeudi 29 mai 2025"},"content":{"rendered":"<p>\u00c0 Paris les valeurs s&rsquo;\u00e9chelonneront entre 11 et 25\u00b0C pendant la journ\u00e9e. Le soleil sera dominant, la garantie d&rsquo;une magnifique matin\u00e9e ! Les temp\u00e9ratures tourneront autour des 18\u00b0C. Un vent de sud-ouest soufflera l\u00e9g\u00e8rement. Le soleil appara\u00eet l\u00e9g\u00e8rement l&rsquo;apr\u00e8s-midi. Ces \u00e9claircies devraient r\u00e9jouir les habitants. Un temps plus chaud est \u00e0 pr\u00e9voir \u00e9tant donn\u00e9 que le mercure va enregistrer une hausse. Les temp\u00e9ratures s&rsquo;\u00e9chelonneront de 23 \u00e0 25\u00b0C. Il fera 21\u00b0C en moyenne le soir. Le ciel sera limpide dans la nuit de jeudi \u00e0 vendredi.<\/p>\n<p>Demain, c&rsquo;est une hausse de quelques degr\u00e9s que vont conna\u00eetre les temp\u00e9ratures dans la ville de Paris. Les valeurs seront comprises entre 15 et 29\u00b0C. Un vent de sud-ouest rafra\u00eechira l\u00e9g\u00e8rement l&rsquo;atmosph\u00e8re. Le matin, les Parisiens vont pouvoir profiter d&rsquo;un soleil radieux. Des \u00e9claircies sont pr\u00e9vues : on passera un apr\u00e8s-midi cl\u00e9ment. Les temp\u00e9ratures vont enregistrer une augmentation de plusieurs degr\u00e9s. Les valeurs afficheront entre 28\u00b0C et 29\u00b0C. Demain soir, le thermom\u00e8tre affichera 25\u00b0C en moyenne.<\/p>\n<p>Des changements sont pr\u00e9vus les jours qui suivent. Les conditions m\u00e9t\u00e9orologiques seront pluvieuses samedi mais elles conna\u00eetront une am\u00e9lioration dimanche.<\/p>\n<p><\/p>\n","protected":false},"excerpt":{"rendered":"\u00c0 Paris les valeurs s&rsquo;\u00e9chelonneront entre 11 et 25\u00b0C pendant la journ\u00e9e. Le soleil sera dominant, la garantie&hellip;\n","protected":false},"author":2,"featured_media":135511,"comment_status":"","ping_status":"","sticky":false,"template":"","format":"standard","meta":{"footnotes":""},"categories":[1888],"tags":[11,1777,674,1011,27,662,12,626,2119,25],"class_list":{"0":"post-135510","1":"post","2":"type-post","3":"status-publish","4":"format-standard","5":"has-post-thumbnail","7":"category-paris","8":"tag-actualites","9":"tag-eu","10":"tag-europe","11":"tag-fr","12":"tag-france","13":"tag-ile-de-france","14":"tag-news","15":"tag-paris","16":"tag-previsions-meteo","17":"tag-republique-francaise"},"share_on_mastodon":{"url":"https:\/\/pubeurope.com\/@fr\/114588097561987641","error":""},"_links":{"self":[{"href":"https:\/\/www.europesays.com\/fr\/wp-json\/wp\/v2\/posts\/135510","targetHints":{"allow":["GET"]}}],"collection":[{"href":"https:\/\/www.europesays.com\/fr\/wp-json\/wp\/v2\/posts"}],"about":[{"href":"https:\/\/www.europesays.com\/fr\/wp-json\/wp\/v2\/types\/post"}],"author":[{"embeddable":true,"href":"https:\/\/www.europesays.com\/fr\/wp-json\/wp\/v2\/users\/2"}],"replies":[{"embeddable":true,"href":"https:\/\/www.europesays.com\/fr\/wp-json\/wp\/v2\/comments?post=135510"}],"version-history":[{"count":0,"href":"https:\/\/www.europesays.com\/fr\/wp-json\/wp\/v2\/posts\/135510\/revisions"}],"wp:featuredmedia":[{"embeddable":true,"href":"https:\/\/www.europesays.com\/fr\/wp-json\/wp\/v2\/media\/135511"}],"wp:attachment":[{"href":"https:\/\/www.europesays.com\/fr\/wp-json\/wp\/v2\/media?parent=135510"}],"wp:term":[{"taxonomy":"category","embeddable":true,"href":"https:\/\/www.europesays.com\/fr\/wp-json\/wp\/v2\/categories?post=135510"},{"taxonomy":"post_tag","embeddable":true,"href":"https:\/\/www.europesays.com\/fr\/wp-json\/wp\/v2\/tags?post=135510"}],"curies":[{"name":"wp","href":"https:\/\/api.w.org\/{rel}","templated":true}]}}