{"id":135512,"date":"2025-05-28T23:39:11","date_gmt":"2025-05-28T23:39:11","guid":{"rendered":"https:\/\/www.europesays.com\/fr\/135512\/"},"modified":"2025-05-28T23:39:11","modified_gmt":"2025-05-28T23:39:11","slug":"la-turkiye-joue-un-role-cle-dans-le-processus-de-paix-russie-ukraine-selon-lotan","status":"publish","type":"post","link":"https:\/\/www.europesays.com\/fr\/135512\/","title":{"rendered":"La T\u00fcrkiye joue un r\u00f4le cl\u00e9 dans le processus de paix Russie-Ukraine, selon l\u2019OTAN"},"content":{"rendered":"<p>AA \/ Istanbul \/ Muhammet Tarhan et Asiye Latife Yilmaz<\/p>\n<p>Le pr\u00e9sident du Comit\u00e9 militaire de l\u2019OTAN, l\u2019amiral Giuseppe Cavo Dragone, a affirm\u00e9 mercredi que la T\u00fcrkiye serait l\u2019un des acteurs cl\u00e9s du processus de paix entre la Russie et l\u2019Ukraine.<\/p>\n<p>\u00ab La T\u00fcrkiye apporte \u00e9norm\u00e9ment \u00e0 l\u2019Alliance. Elle en constitue la 2e arm\u00e9e. On ne peut l\u2019ignorer, cela a du poids. Et en mati\u00e8re de pr\u00e9paration au combat, d\u2019efficacit\u00e9 et d\u2019\u00e9tat d\u2019alerte, les forces arm\u00e9es turques figurent sans aucun doute parmi les meilleures \u00bb, a-t-il d\u00e9clar\u00e9 lors d\u2019un point presse \u00e0 l\u2019issue de la 18e Conf\u00e9rence des chefs d\u2019\u00e9tat-major des pays des Balkans, organis\u00e9e au Centre de commandement multinational des op\u00e9rations interarm\u00e9es \u00e0 Istanbul.<\/p>\n<p>Insistant sur les capacit\u00e9s op\u00e9rationnelles de la T\u00fcrkiye et sa contribution aux missions de l\u2019OTAN, notamment dans les zones de conflit, Dragone a qualifi\u00e9 Ankara de \u00ab pilier solide, r\u00e9f\u00e9rence forte, alli\u00e9 fiable \u00bb.<\/p>\n<p>Il a \u00e9galement soulign\u00e9 que la T\u00fcrkiye constitue un \u00e9l\u00e9ment fondamental de la strat\u00e9gie globale de l\u2019OTAN, en rappelant sa participation active \u00e0 la Force pour le Kosovo (KFOR), dont elle prendra le commandement \u00e0 partir d\u2019octobre.<\/p>\n<p>\u00ab Cela montre \u00e0 quel point la T\u00fcrkiye est importante et forte pour nous, pour l\u2019Alliance, et combien l\u2019OTAN s\u2019appuie sur elle. C\u2019est un fait. Et l\u2019exemple de la KFOR n\u2019est qu\u2019un parmi d\u2019autres \u00bb, a-t-il ajout\u00e9.<\/p>\n<p>Selon Dragone, \u00ab la posture de l\u2019OTAN est forte, plus forte que jamais \u00bb, pr\u00e9cisant que l\u2019Alliance fait face \u00e0 deux menaces principales : la Russie et les groupes terroristes. \u00ab Ce n\u2019est pas dans leur int\u00e9r\u00eat de nous attaquer. La strat\u00e9gie de l\u2019OTAN est donc d\u2019\u00eatre pr\u00eate. \u00bb<\/p>\n<p>\u00ab Nous renfor\u00e7ons cette strat\u00e9gie de d\u00e9fense, car nous avons d\u00e9cid\u00e9 de l\u2019adapter aux d\u00e9fis actuels, tirant les le\u00e7ons du conflit en Ukraine, et aussi en vue de l\u2019avenir, afin d\u2019\u00eatre r\u00e9actifs et capables de faire face \u00e0 l\u2019\u00e9volution de l\u2019environnement et des menaces, qui, il faut le reconna\u00eetre, changent avec le temps \u00bb, a-t-il conclu.<\/p>\n<p>&#8211; La T\u00fcrkiye parmi les leaders dans les drones militaires<\/p>\n<p>l\u2019amiral Giuseppe Cavo Dragone a salu\u00e9 mercredi la T\u00fcrkiye pour avoir compris tr\u00e8s t\u00f4t l\u2019importance strat\u00e9gique des drones militaires, en soulignant leur r\u00f4le essentiel sur les zones de combat.<\/p>\n<p>\u00ab La T\u00fcrkiye a compris parmi les premi\u00e8res l\u2019importance et le potentiel de croissance des drones. Gr\u00e2ce \u00e0 eux, de nombreuses vies sont probablement \u00e9pargn\u00e9es, qu\u2019il s\u2019agisse de pilotes, de marins ou de soldats \u00bb, a-t-il d\u00e9clar\u00e9, en marge de la Conf\u00e9rence des chefs d\u2019\u00e9tat-major des pays des Balkans \u00e0 Istanbul.<\/p>\n<p>Il a reconnu que, sans parler encore d\u2019un \u00ab\u00a0avenir tout drone\u00a0\u00bb, ces technologies repr\u00e9sentaient d\u00e9sormais un \u00e9l\u00e9ment central dans l\u2019\u00e9volution des champs de bataille.<\/p>\n<p>\u00c9voquant le succ\u00e8s des drones turcs, Dragone a affirm\u00e9 : \u00ab Les v\u00f4tres sont au sommet. Ils ont fait leurs preuves au combat, et cela signifie beaucoup. \u00bb<\/p>\n<p>Il a mis en avant leur efficacit\u00e9 op\u00e9rationnelle dans les airs, sur terre et en mer, en insistant sur l\u2019usage maritime, encore nouveau mais strat\u00e9giquement prometteur.<\/p>\n<p>L\u2019amiral a \u00e9galement soulign\u00e9 l\u2019apport des drones sous-marins, capables d\u2019assurer \u00e0 moindre co\u00fbt des missions de patrouille, d\u2019intervention et de dissuasion.<\/p>\n<p>S\u2019exprimant sur l\u2019industrie de d\u00e9fense, Dragone a appel\u00e9 les fabricants \u00e0 adapter leur approche pour r\u00e9pondre aux besoins de l\u2019OTAN : \u00ab L\u2019industrie de d\u00e9fense doit changer de mentalit\u00e9. Elle ne doit plus seulement chercher le profit, mais s\u2019int\u00e9grer pleinement au syst\u00e8me de d\u00e9fense. \u00bb<\/p>\n<p>Enfin, il a salu\u00e9 cette rencontre r\u00e9gionale comme une occasion \u00ab pr\u00e9cieuse \u00bb pour les chefs militaires des Balkans de renforcer la compr\u00e9hension mutuelle et de partager une vision commune pour la stabilit\u00e9 de la r\u00e9gion.<\/p>\n<p>* Traduit de l&rsquo;anglais par Adama Bamba<\/p>\n<p>                            &#13;<br \/>\n                                <a href=\"https:\/\/www.aa.com.tr\/fr\/p\/abonnement\/1001\" target=\"_blank\" style=\"font-size:12px; color:#444; text-decoration:none;\" rel=\"noopener\">&#13;<br \/>\n                                    Seulement une partie des d\u00e9p\u00eaches, que l&rsquo;Agence Anadolu diffuse \u00e0 ses abonn\u00e9s via le Syst\u00e8me de Diffusion interne (HAS), est diffus\u00e9e sur le site de l&rsquo;AA, de mani\u00e8re r\u00e9sum\u00e9e. <b style=\"color:#1897F7\">Contactez-nous s&rsquo;il vous pla\u00eet pour vous abonner.<\/b>&#13;<br \/>\n                                <\/a>&#13;<\/p>\n","protected":false},"excerpt":{"rendered":"AA \/ Istanbul \/ Muhammet Tarhan et Asiye Latife Yilmaz Le pr\u00e9sident du Comit\u00e9 militaire de l\u2019OTAN, l\u2019amiral&hellip;\n","protected":false},"author":2,"featured_media":135513,"comment_status":"","ping_status":"","sticky":false,"template":"","format":"standard","meta":{"footnotes":""},"categories":[1591],"tags":[11,1785,1887,12,26145,1885,1886,132,1906],"class_list":{"0":"post-135512","1":"post","2":"type-post","3":"status-publish","4":"format-standard","5":"has-post-thumbnail","7":"category-russie","8":"tag-actualites","9":"tag-anadolu-ajansi","10":"tag-federation-de-russie","11":"tag-news","12":"tag-organisation-du-trait-de-latlantique-nord-otan","13":"tag-russia","14":"tag-russian-federation","15":"tag-russie","16":"tag-trkiye"},"share_on_mastodon":{"url":"https:\/\/pubeurope.com\/@fr\/114588101214470275","error":""},"_links":{"self":[{"href":"https:\/\/www.europesays.com\/fr\/wp-json\/wp\/v2\/posts\/135512","targetHints":{"allow":["GET"]}}],"collection":[{"href":"https:\/\/www.europesays.com\/fr\/wp-json\/wp\/v2\/posts"}],"about":[{"href":"https:\/\/www.europesays.com\/fr\/wp-json\/wp\/v2\/types\/post"}],"author":[{"embeddable":true,"href":"https:\/\/www.europesays.com\/fr\/wp-json\/wp\/v2\/users\/2"}],"replies":[{"embeddable":true,"href":"https:\/\/www.europesays.com\/fr\/wp-json\/wp\/v2\/comments?post=135512"}],"version-history":[{"count":0,"href":"https:\/\/www.europesays.com\/fr\/wp-json\/wp\/v2\/posts\/135512\/revisions"}],"wp:featuredmedia":[{"embeddable":true,"href":"https:\/\/www.europesays.com\/fr\/wp-json\/wp\/v2\/media\/135513"}],"wp:attachment":[{"href":"https:\/\/www.europesays.com\/fr\/wp-json\/wp\/v2\/media?parent=135512"}],"wp:term":[{"taxonomy":"category","embeddable":true,"href":"https:\/\/www.europesays.com\/fr\/wp-json\/wp\/v2\/categories?post=135512"},{"taxonomy":"post_tag","embeddable":true,"href":"https:\/\/www.europesays.com\/fr\/wp-json\/wp\/v2\/tags?post=135512"}],"curies":[{"name":"wp","href":"https:\/\/api.w.org\/{rel}","templated":true}]}}