{"id":135514,"date":"2025-05-28T23:40:09","date_gmt":"2025-05-28T23:40:09","guid":{"rendered":"https:\/\/www.europesays.com\/fr\/135514\/"},"modified":"2025-05-28T23:40:09","modified_gmt":"2025-05-28T23:40:09","slug":"lonu-pointe-les-attaques-de-drones-russes-sur-kherson-et-evoque-des-crimes-contre-lhumanite","status":"publish","type":"post","link":"https:\/\/www.europesays.com\/fr\/135514\/","title":{"rendered":"l&rsquo;ONU pointe les attaques de drones russes sur Kherson et \u00e9voque des \u00abcrimes contre l&rsquo;humanit\u00e9\u00bb"},"content":{"rendered":"<p>Une commission d&rsquo;enqu\u00eate de l&rsquo;ONU a accus\u00e9 mercredi 28 mai la Russie de commettre des crimes de guerre et des crimes contre l&rsquo;humanit\u00e9 avec ses drones qui s&rsquo;en prennent d\u00e9lib\u00e9r\u00e9ment aux civils. Une accusation qui vient s&rsquo;ajouter \u00e0 la longue liste des crimes commis depuis l&rsquo;invasion de l&rsquo;Ukraine.<\/p>\n<p>Avec notre correspondant \u00e0 Gen\u00e8ve, <strong>J\u00e9r\u00e9mie Lanche<\/strong><\/p>\n<p>Toute l<strong>&lsquo;<a href=\"https:\/\/www.rfi.fr\/fr\/tag\/ukraine\/\" class=\"link \" rel=\"nofollow noopener\" target=\"_blank\" data-ylk=\"slk:Ukraine;elm:context_link;itc:0;sec:content-canvas\">Ukraine<\/a><\/strong> est concern\u00e9e par les attaques de drones, mais les enqu\u00eateurs de l&rsquo;<strong><a href=\"https:\/\/www.rfi.fr\/fr\/tag\/onu\/\" class=\"link \" rel=\"nofollow noopener\" target=\"_blank\" data-ylk=\"slk:ONU;elm:context_link;itc:0;sec:content-canvas\">ONU<\/a><\/strong> se sont concentr\u00e9s sur la r\u00e9gion de Kherson, en plein sur la ligne de front.<\/p>\n<p>\u00ab Les forces arm\u00e9es russes ont commis des crimes contre l&rsquo;humanit\u00e9, notamment des meurtres, et des crimes de guerre, en attaquant des civils, au cours de plusieurs mois d&rsquo;attaques de drones ciblant des civils sur la rive droite du Dniepr, dans la province de Kherson \u00bb, a conclu l&rsquo;enqu\u00eate (<strong><a href=\"https:\/\/www.ohchr.org\/sites\/default\/files\/documents\/hrbodies\/hrcouncil\/coiukraine\/a-hrc-59-crp2-en.pdf\" rel=\"nofollow noopener\" target=\"_blank\" data-ylk=\"slk:\u00e0 consulter ici;elm:context_link;itc:0;sec:content-canvas\" class=\"link \">\u00e0 consulter ici<\/a><\/strong>, en anglais), men\u00e9e par la Commission d&rsquo;enqu\u00eate internationale ind\u00e9pendante des Nations unies sur l&rsquo;Ukraine.<\/p>\n<p>Des civils pris pour cible<\/p>\n<p>Un homme interrog\u00e9 par la commission rapporte m\u00eame comment il a \u00e9t\u00e9 bombard\u00e9 une premi\u00e8re fois par un drone avant d&rsquo;\u00eatre bombard\u00e9 une deuxi\u00e8me fois dans l&rsquo;ambulance qui le transportait. Les drones peuvent aussi se jeter sur leurs cibles et exploser \u00e0 leur contact.<\/p>\n<p><a href=\"https:\/\/www.rfi.fr\/fr\/europe\/20250528-ukraine-l-onu-pointe-les-attaques-de-drones-russes-sur-kherson-et-%C3%A9voque-des-crimes-contre-l-humanit%C3%A9\" rel=\"nofollow noopener\" target=\"_blank\" data-ylk=\"slk:Lire la suite sur RFI;elm:context_link;itc:0;sec:content-canvas\" class=\"link \">Lire la suite sur RFI<\/a><\/p>\n","protected":false},"excerpt":{"rendered":"Une commission d&rsquo;enqu\u00eate de l&rsquo;ONU a accus\u00e9 mercredi 28 mai la Russie de commettre des crimes de guerre&hellip;\n","protected":false},"author":2,"featured_media":135515,"comment_status":"","ping_status":"","sticky":false,"template":"","format":"standard","meta":{"footnotes":""},"categories":[1590],"tags":[11,5137,26146,1081,2024,1777,674,5493,12,220],"class_list":{"0":"post-135514","1":"post","2":"type-post","3":"status-publish","4":"format-standard","5":"has-post-thumbnail","7":"category-ukraine","8":"tag-actualites","9":"tag-commission-denquete","10":"tag-crimes-contre-lhumanite","11":"tag-crimes-de-guerre","12":"tag-drones","13":"tag-eu","14":"tag-europe","15":"tag-lukraine","16":"tag-news","17":"tag-ukraine"},"share_on_mastodon":{"url":"https:\/\/pubeurope.com\/@fr\/114588105088601796","error":""},"_links":{"self":[{"href":"https:\/\/www.europesays.com\/fr\/wp-json\/wp\/v2\/posts\/135514","targetHints":{"allow":["GET"]}}],"collection":[{"href":"https:\/\/www.europesays.com\/fr\/wp-json\/wp\/v2\/posts"}],"about":[{"href":"https:\/\/www.europesays.com\/fr\/wp-json\/wp\/v2\/types\/post"}],"author":[{"embeddable":true,"href":"https:\/\/www.europesays.com\/fr\/wp-json\/wp\/v2\/users\/2"}],"replies":[{"embeddable":true,"href":"https:\/\/www.europesays.com\/fr\/wp-json\/wp\/v2\/comments?post=135514"}],"version-history":[{"count":0,"href":"https:\/\/www.europesays.com\/fr\/wp-json\/wp\/v2\/posts\/135514\/revisions"}],"wp:featuredmedia":[{"embeddable":true,"href":"https:\/\/www.europesays.com\/fr\/wp-json\/wp\/v2\/media\/135515"}],"wp:attachment":[{"href":"https:\/\/www.europesays.com\/fr\/wp-json\/wp\/v2\/media?parent=135514"}],"wp:term":[{"taxonomy":"category","embeddable":true,"href":"https:\/\/www.europesays.com\/fr\/wp-json\/wp\/v2\/categories?post=135514"},{"taxonomy":"post_tag","embeddable":true,"href":"https:\/\/www.europesays.com\/fr\/wp-json\/wp\/v2\/tags?post=135514"}],"curies":[{"name":"wp","href":"https:\/\/api.w.org\/{rel}","templated":true}]}}