{"id":135518,"date":"2025-05-28T23:42:11","date_gmt":"2025-05-28T23:42:11","guid":{"rendered":"https:\/\/www.europesays.com\/fr\/135518\/"},"modified":"2025-05-28T23:42:11","modified_gmt":"2025-05-28T23:42:11","slug":"les-freres-tate-accuses-de-viol-et-de-trafic-detres-humains-au-royaume-uni","status":"publish","type":"post","link":"https:\/\/www.europesays.com\/fr\/135518\/","title":{"rendered":"Les fr\u00e8res Tate accus\u00e9s de viol et de trafic d&rsquo;\u00eatres humains au Royaume-Uni"},"content":{"rendered":"<p>Les fr\u00e8res influenceurs Andrew et Tristan Tate ont \u00e9t\u00e9 accus\u00e9s de viol et d\u2019autres crimes au Royaume-Uni, ont annonc\u00e9 mercredi les procureurs.<\/p>\n<p>Les accusations avaient \u00e9t\u00e9 autoris\u00e9es en janvier dernier, mais n\u2019avaient pas \u00e9t\u00e9 rendues publiques, bien que les m\u00e9dias aient alors fait \u00e9tat d\u2019un mandat d\u2019arr\u00eat britannique \u00e9mis contre les fr\u00e8res Tate, deux citoyens am\u00e9ricano-britanniques install\u00e9s en Roumanie depuis 2016. Le Service des poursuites de la Couronne a d\u00e9clar\u00e9 que c\u2019\u00e9tait la premi\u00e8re fois qu\u2019il confirmait que les deux hommes \u00e9taient inculp\u00e9s p\u00e9nalement au Royaume-Uni.<\/p>\n<p>Andrew Tate, 38\u00a0ans, fait face \u00e0 dix chefs d\u2019accusation concernant trois femmes, dont viol, coups et blessures, trafic d\u2019\u00eatres humains et exploitation de la prostitution \u00e0 des fins lucratives. Tristan Tate, 36\u00a0ans, fait face \u00e0 onze chefs d\u2019accusation concernant une femme, qui comprennent le viol, le trafic d\u2019\u00eatres humains et des coups et blessures.<\/p>\n<p>Les fr\u00e8res sont tous deux d\u2019anciens kickboxeurs professionnels qui comptent des millions d\u2019abonn\u00e9s sur les r\u00e9seaux sociaux. Andrew est plus connu, ayant attir\u00e9 un public plus large gr\u00e2ce \u00e0 sa misogynie assum\u00e9e, qui attire des gar\u00e7ons et de jeunes hommes par le style de vie luxueux qu\u2019il projette.<\/p>\n<p>Contact\u00e9 par l\u2019Associated Press, un porte-parole des deux hommes n\u2019a pas souhait\u00e9 faire de commentaire imm\u00e9diat. Cependant, Andrew Tate a comment\u00e9 l\u2019article de la BBC sur les accusations port\u00e9es contre eux sur le r\u00e9seau social X.<\/p>\n<p>\u00abIls font \u00e7a \u00e0 tous les hommes qui se battent contre eux\u00bb, a \u00e9crit l\u2019a\u00een\u00e9 des fr\u00e8res Tate, en r\u00e9f\u00e9rence au gouvernement. \u00abN\u2019abandonnez jamais les gars. Ne c\u00e9dez jamais. N\u2019ayez pas peur.\u00bb<\/p>\n<p>Les Tate ont \u00e9t\u00e9 arr\u00eat\u00e9s en Roumanie fin 2022 et officiellement inculp\u00e9s l\u2019ann\u00e9e derni\u00e8re pour participation \u00e0 un r\u00e9seau criminel qui attirait des femmes dans ce pays, o\u00f9 elles auraient \u00e9t\u00e9 exploit\u00e9es sexuellement. Andrew Tate a \u00e9galement \u00e9t\u00e9 inculp\u00e9 de viol.<\/p>\n<p>Ils ont ni\u00e9 toutes les accusations en Roumanie.<\/p>\n<p>Les tribunaux roumains ont \u00e9mis une ordonnance d\u2019extradition des deux hommes vers le Royaume-Uni une fois leur proc\u00e8s termin\u00e9, ont indiqu\u00e9 les procureurs britanniques.<\/p>\n<p>Le mandat d\u2019arr\u00eat lanc\u00e9 l\u2019ann\u00e9e derni\u00e8re par la police du Bedfordshire contre la fratrie remonte \u00e0 des all\u00e9gations datant de 2012 \u00e0 2015.<\/p>\n<p>On ignore o\u00f9 se trouvent les fr\u00e8res. Ils ont \u00e9t\u00e9 photographi\u00e9s il y a une semaine devant un commissariat de police de Voluntari, en Roumanie, o\u00f9 ils doivent se pr\u00e9senter r\u00e9guli\u00e8rement en raison de leurs accusations.<\/p>\n<p>___<\/p>\n<p>Jill Lawless, r\u00e9dactrice \u00e0 l\u2019Associated Press, a contribu\u00e9 \u00e0 cette d\u00e9p\u00eache.<\/p>\n","protected":false},"excerpt":{"rendered":"Les fr\u00e8res influenceurs Andrew et Tristan Tate ont \u00e9t\u00e9 accus\u00e9s de viol et d\u2019autres crimes au Royaume-Uni, ont&hellip;\n","protected":false},"author":2,"featured_media":135519,"comment_status":"","ping_status":"","sticky":false,"template":"","format":"standard","meta":{"footnotes":""},"categories":[1588],"tags":[11,1777,674,25179,1854,20106,15225,12,473,1853,1851,1850,1852],"class_list":{"0":"post-135518","1":"post","2":"type-post","3":"status-publish","4":"format-standard","5":"has-post-thumbnail","7":"category-royaume-uni","8":"tag-actualites","9":"tag-eu","10":"tag-europe","11":"tag-https-lactualite-com-sujet-culture-arts","12":"tag-https-lactualite-com-sujet-international","13":"tag-https-lactualite-com-sujet-justice","14":"tag-https-lactualite-com-sujet-social","15":"tag-news","16":"tag-royaume-uni","17":"tag-royaume-uni-de-grande-bretagne-et-dirlande-du-nord","18":"tag-uk","19":"tag-united-kingdom","20":"tag-united-kingdom-of-great-britain-and-northern-ireland"},"share_on_mastodon":{"url":"https:\/\/pubeurope.com\/@fr\/114588113049013926","error":""},"_links":{"self":[{"href":"https:\/\/www.europesays.com\/fr\/wp-json\/wp\/v2\/posts\/135518","targetHints":{"allow":["GET"]}}],"collection":[{"href":"https:\/\/www.europesays.com\/fr\/wp-json\/wp\/v2\/posts"}],"about":[{"href":"https:\/\/www.europesays.com\/fr\/wp-json\/wp\/v2\/types\/post"}],"author":[{"embeddable":true,"href":"https:\/\/www.europesays.com\/fr\/wp-json\/wp\/v2\/users\/2"}],"replies":[{"embeddable":true,"href":"https:\/\/www.europesays.com\/fr\/wp-json\/wp\/v2\/comments?post=135518"}],"version-history":[{"count":0,"href":"https:\/\/www.europesays.com\/fr\/wp-json\/wp\/v2\/posts\/135518\/revisions"}],"wp:featuredmedia":[{"embeddable":true,"href":"https:\/\/www.europesays.com\/fr\/wp-json\/wp\/v2\/media\/135519"}],"wp:attachment":[{"href":"https:\/\/www.europesays.com\/fr\/wp-json\/wp\/v2\/media?parent=135518"}],"wp:term":[{"taxonomy":"category","embeddable":true,"href":"https:\/\/www.europesays.com\/fr\/wp-json\/wp\/v2\/categories?post=135518"},{"taxonomy":"post_tag","embeddable":true,"href":"https:\/\/www.europesays.com\/fr\/wp-json\/wp\/v2\/tags?post=135518"}],"curies":[{"name":"wp","href":"https:\/\/api.w.org\/{rel}","templated":true}]}}