{"id":135526,"date":"2025-05-28T23:46:09","date_gmt":"2025-05-28T23:46:09","guid":{"rendered":"https:\/\/www.europesays.com\/fr\/135526\/"},"modified":"2025-05-28T23:46:09","modified_gmt":"2025-05-28T23:46:09","slug":"lassemblee-nationale-approuve-la-suppression-des-zones-a-faible-emission","status":"publish","type":"post","link":"https:\/\/www.europesays.com\/fr\/135526\/","title":{"rendered":"l&rsquo;Assembl\u00e9e nationale approuve la suppression des \u00abzones \u00e0 faible \u00e9mission\u00bb"},"content":{"rendered":"<p>L\u2019article qui supprime les \u00abZFE\u00bb doit encore \u00eatre adopt\u00e9 par les d\u00e9put\u00e9s lors du vote de l\u2019int\u00e9gralit\u00e9 du projet de loi.<\/p>\n<p class=\"fig-paragraph\">L&rsquo;Assembl\u00e9e nationale a approuv\u00e9 mercredi soir\u00a0<a href=\"http:\/\/www.lefigaro.fr\/politique\/assemblee-la-suppression-des-zfe-reportee-apres-la-suspension-des-debats-sur-la-loi-simplification-20250502\" data-fig-type=\"NewsFlash\" data-gtm-custom-categorie=\"navigation\" data-gtm-custom-action=\"crossclick\" data-gtm-custom-label=\"Contextuel\" data-gtm-event=\"customEventSPE\" data-fig-domain=\"LEFIGARO\" target=\"_blank\" rel=\"noopener\">la suppression des<\/a>\u00a0\u00abzones \u00e0 faibles \u00e9missions\u00bb, qui restreignent la circulation de certains v\u00e9hicules thermiques, en adoptant un article du projet de loi de \u00absimplification\u00bb. L&rsquo;article, introduit en commission \u00e0 l&rsquo;initiative de LR et du RN, a \u00e9t\u00e9 adopt\u00e9 par 98 voix contre 51. Le vote devra encore \u00eatre confirm\u00e9 par l&rsquo;adoption du projet de loi dans son int\u00e9gralit\u00e9. Initi\u00e9es en 2019 pour limiter les \u00e9missions de particules fines, les ZFE sont une mesure embl\u00e9matique de la loi Climat et r\u00e9silience du premier quinquennat d\u2019Emmanuel Macron, excluant de leur p\u00e9rim\u00e8tre certains v\u00e9hicules tr\u00e8s anciens et polluants, identifi\u00e9s par les vignettes Crit\u2019Air 3 ou plus selon les villes.<\/p>\n<p class=\"fig-paragraph\">Mais leur\u00a0<a href=\"http:\/\/www.lefigaro.fr\/conjoncture\/qui-sont-les-gueux-ce-mouvement-anti-zfe-qui-appelle-a-la-manifestation-ce-samedi-20250517\" data-fig-type=\"NewsFlash\" data-gtm-custom-categorie=\"navigation\" data-gtm-custom-action=\"crossclick\" data-gtm-custom-label=\"Contextuel\" data-gtm-event=\"customEventSPE\" data-fig-domain=\"LEFIGARO\" target=\"_blank\" rel=\"noopener\">application est critiqu\u00e9e<\/a>\u00a0sur tous les bancs, y compris chez des macronistes et \u00e0 gauche, par des \u00e9lus qui consid\u00e8rent qu\u2019elles excluent des cat\u00e9gories de la population qui ne peuvent acheter des v\u00e9hicules moins polluants. \u00abTout le monde est pour am\u00e9liorer la qualit\u00e9 de l\u2019air. (Mais) nous pensons que \u00e7a ne peut pas se faire au prix de l\u2019exclusion sociale\u00bb, a soutenu Ian Boucard, d\u00e9put\u00e9 LR. Les ZFE \u00abne servent \u00e0 rien\u00bb, a estim\u00e9 quant \u00e0 lui Pierre Meurin (RN).<\/p>\n<p>\u00abUne mesure tr\u00e8s mal faite\u00bb<\/p>\n<p class=\"fig-paragraph\">\u00abLa pollution de l\u2019air est \u00e0 l\u2019origine de pr\u00e8s de 40.000 d\u00e9c\u00e8s pr\u00e9matur\u00e9s par an (&#8230;) Et les zones \u00e0 faibles \u00e9missions ont contribu\u00e9 \u00e0 baisser ces d\u00e9c\u00e8s pr\u00e9coces\u00bb, a affirm\u00e9 de son c\u00f4t\u00e9 la ministre macroniste de la Transition \u00e9cologique Agn\u00e8s Pannier-Runnacher. Elle a propos\u00e9 sans succ\u00e8s dans l\u2019h\u00e9micycle une solution de repli, inscrivant dans le marbre de la loi que les ZFE ne concerneraient que les agglom\u00e9rations lyonnaises et parisiennes, et pr\u00e9voyant toute une batterie d\u2019exceptions \u00e0 la main des collectivit\u00e9s qui souhaiteraient mettre en place des ZFE.<\/p>\n<p class=\"fig-paragraph\">\u00abAvec ce vote, ce ne sera pas possible de le faire m\u00eame pour ceux qui le souhaitent\u00bb, a d\u00e9plor\u00e9 le minist\u00e8re dans un communiqu\u00e9, prenant \u00abacte\u00bb de la d\u00e9cision des d\u00e9put\u00e9s, et d\u00e9plorant que des d\u00e9put\u00e9s de gauche aient vot\u00e9 pour. C\u00f4t\u00e9 LFI, Manon Meunier a d\u00e9plor\u00e9 \u00abune mesure tr\u00e8s mal faite, qui cr\u00e9e \u00e9norm\u00e9ment d\u2019in\u00e9galit\u00e9s sociales\u00bb en r\u00e9ponse \u00e0 un \u00abv\u00e9ritable probl\u00e8me que nous ne pouvons nier de pollution de l\u2019air\u00bb.<\/p>\n<p class=\"fig-paragraph\">C\u2019est \u00abun dispositif utile qu\u2019il faut \u00e9toffer avec des mesures d\u2019accompagnement pour que leur mise en \u0153uvre soit mieux accept\u00e9e\u00bb, a estim\u00e9 l\u2019\u00e9cologiste Lisa Belluco, dont le groupe a largement vot\u00e9 contre. Le vote de l\u2019article devra \u00eatre confirm\u00e9 par celui sur le projet de loi dans son int\u00e9gralit\u00e9, encore vis\u00e9 par plus de 600 amendements. Certains d\u00e9put\u00e9s estiment par ailleurs que l\u2019abrogation des ZFE pourrait \u00eatre censur\u00e9e en bout de course par le Conseil constitutionnel comme cavalier l\u00e9gislatif (une mesure trop \u00e9loign\u00e9e du texte initial).<\/p>\n","protected":false},"excerpt":{"rendered":"L\u2019article qui supprime les \u00abZFE\u00bb doit encore \u00eatre adopt\u00e9 par les d\u00e9put\u00e9s lors du vote de l\u2019int\u00e9gralit\u00e9 du&hellip;\n","protected":false},"author":2,"featured_media":135527,"comment_status":"","ping_status":"","sticky":false,"template":"","format":"standard","meta":{"footnotes":""},"categories":[2],"tags":[47,1058,1054,1059,1060,1055,11,416,1057,118,1011,27,1061,303,12,1062,25,656,104,1056,809,3748],"class_list":{"0":"post-135526","1":"post","2":"type-post","3":"status-publish","4":"format-standard","5":"has-post-thumbnail","7":"category-actualites","8":"tag-actualite","9":"tag-actualite-education","10":"tag-actualite-france","11":"tag-actualite-justice","12":"tag-actualite-securite","13":"tag-actualite-societe","14":"tag-actualites","15":"tag-assemblee-nationale","16":"tag-education","17":"tag-faits-divers","18":"tag-fr","19":"tag-france","20":"tag-immigration","21":"tag-justice","22":"tag-news","23":"tag-polemique","24":"tag-republique-francaise","25":"tag-securite","26":"tag-societe","27":"tag-societe-francaise","28":"tag-violence","29":"tag-zfe-m-zones-a-faibles-emissions-mobilite"},"share_on_mastodon":{"url":"https:\/\/pubeurope.com\/@fr\/114588128727403235","error":""},"_links":{"self":[{"href":"https:\/\/www.europesays.com\/fr\/wp-json\/wp\/v2\/posts\/135526","targetHints":{"allow":["GET"]}}],"collection":[{"href":"https:\/\/www.europesays.com\/fr\/wp-json\/wp\/v2\/posts"}],"about":[{"href":"https:\/\/www.europesays.com\/fr\/wp-json\/wp\/v2\/types\/post"}],"author":[{"embeddable":true,"href":"https:\/\/www.europesays.com\/fr\/wp-json\/wp\/v2\/users\/2"}],"replies":[{"embeddable":true,"href":"https:\/\/www.europesays.com\/fr\/wp-json\/wp\/v2\/comments?post=135526"}],"version-history":[{"count":0,"href":"https:\/\/www.europesays.com\/fr\/wp-json\/wp\/v2\/posts\/135526\/revisions"}],"wp:featuredmedia":[{"embeddable":true,"href":"https:\/\/www.europesays.com\/fr\/wp-json\/wp\/v2\/media\/135527"}],"wp:attachment":[{"href":"https:\/\/www.europesays.com\/fr\/wp-json\/wp\/v2\/media?parent=135526"}],"wp:term":[{"taxonomy":"category","embeddable":true,"href":"https:\/\/www.europesays.com\/fr\/wp-json\/wp\/v2\/categories?post=135526"},{"taxonomy":"post_tag","embeddable":true,"href":"https:\/\/www.europesays.com\/fr\/wp-json\/wp\/v2\/tags?post=135526"}],"curies":[{"name":"wp","href":"https:\/\/api.w.org\/{rel}","templated":true}]}}