{"id":135532,"date":"2025-05-28T23:50:09","date_gmt":"2025-05-28T23:50:09","guid":{"rendered":"https:\/\/www.europesays.com\/fr\/135532\/"},"modified":"2025-05-28T23:50:09","modified_gmt":"2025-05-28T23:50:09","slug":"france-tchequie-a-quelle-heure-et-sur-quelle-chaine-tv-voir-le-premier-match-de-preparation-des-bleus-du-volley","status":"publish","type":"post","link":"https:\/\/www.europesays.com\/fr\/135532\/","title":{"rendered":"France-Tch\u00e9quie\u00a0: \u00e0 quelle heure et sur quelle cha\u00eene TV voir le premier match de pr\u00e9paration des Bleus du volley"},"content":{"rendered":"<p class=\"paragraph text_align_left\">Les revoil\u00e0 ! Pour la premi\u00e8re fois depuis leur sacre aux <a href=\"https:\/\/www.leparisien.fr\/jo-paris-2024\/\" target=\"_blank\" rel=\"noreferrer nofollow noopener\">Jeux olympiques de Paris<\/a> l\u2019\u00e9t\u00e9 dernier, <a href=\"https:\/\/www.leparisien.fr\/jo-paris-2024\/volleyball\/\" target=\"_blank\" rel=\"noreferrer nofollow noopener\">les Bleus du volley<\/a> vont jouer un match en France. R\u00e9unis depuis le 19 mai \u00e0 Tours, o\u00f9 ils pr\u00e9parent un \u00e9t\u00e9 bien rempli avec la traditionnelle Ligue des nations (11 juin &#8211; 3 ao\u00fbt) puis le Mondial aux Philippines (12 au 28 septembre), ils affrontent ce mercredi (20h30) la R\u00e9publique tch\u00e8que \u00e0 l\u2019occasion de leur premier match de pr\u00e9paration.<\/p>\n<p class=\"paragraph text_align_left\">Si <a href=\"https:\/\/www.leparisien.fr\/jo-paris-2024\/volleyball\/jo-paris-2024-volley-lattention-de-trevor-clevenot-a-timothee-carle-seul-francais-prive-de-medaille-10-08-2024-TDCG4SJHP5B5NCJ3GEYASKWCNQ.php\" target=\"_blank\" rel=\"noreferrer nofollow noopener\">Tr\u00e9vor Cl\u00e9venot<\/a> ou <a href=\"https:\/\/www.leparisien.fr\/jo-paris-2024\/volleyball\/volley-apres-leur-sacre-en-ligue-des-nations-les-bleus-esperent-revivre-des-emotions-de-fou-aux-jeux-01-07-2024-32PQ7PDCMND4DBZL75WJ6LYMJA.php\" target=\"_blank\" rel=\"noreferrer nofollow noopener\">Th\u00e9o Faure<\/a> sont bien pr\u00e9sents (Quentin Jouffroy a, lui, d\u00fb quitter le groupe pour passer une arthroscopie au genou gauche), l\u2019\u00e9quipe de France se pr\u00e9sentera avec un groupe remani\u00e9 par rapport aux Jeux.<\/p>\n<p class=\"paragraph text_align_left\">De nombreux m\u00e9daill\u00e9s d\u2019or ont en effet termin\u00e9 leur championnat tardivement, comme <a href=\"https:\/\/www.leparisien.fr\/sports\/earvin-ngapeth\/\" target=\"_blank\" rel=\"noreferrer nofollow noopener\">Earvin Ngapeth<\/a> ou Benjamin Toniutti, et ont \u00e9t\u00e9 laiss\u00e9s au repos avant les prochaines \u00e9ch\u00e9ances.<\/p>\n<p class=\"paragraph text_align_left\">Le s\u00e9lectionneur Andrea Giani devrait en profiter pour donner du temps de jeu aux jeunes Noah Duflos (17 ans), Mathis Henno (20 ans) ou Alexandre Strehlau (20 ans).<\/p>\n<p class=\"paragraph text_align_left\"><b>Le match de pr\u00e9paration pour la Ligue des nations entre l\u2019\u00e9quipe de France et la R\u00e9publique tch\u00e8que est \u00e0 suivre en direct ce mercredi 28 mai \u00e0 20h30 sur Sport en France et Volleyball TV, la cha\u00eene de la F\u00e9d\u00e9ration internationale de volley.<\/b><\/p>\n","protected":false},"excerpt":{"rendered":"Les revoil\u00e0 ! Pour la premi\u00e8re fois depuis leur sacre aux Jeux olympiques de Paris l\u2019\u00e9t\u00e9 dernier, les&hellip;\n","protected":false},"author":2,"featured_media":135533,"comment_status":"","ping_status":"","sticky":false,"template":"","format":"standard","meta":{"footnotes":""},"categories":[1417],"tags":[1011,27,60,1470,1469],"class_list":{"0":"post-135532","1":"post","2":"type-post","3":"status-publish","4":"format-standard","5":"has-post-thumbnail","7":"category-volley","8":"tag-fr","9":"tag-france","10":"tag-sports","11":"tag-volley","12":"tag-volleyball"},"share_on_mastodon":{"url":"https:\/\/pubeurope.com\/@fr\/114588144232925603","error":""},"_links":{"self":[{"href":"https:\/\/www.europesays.com\/fr\/wp-json\/wp\/v2\/posts\/135532","targetHints":{"allow":["GET"]}}],"collection":[{"href":"https:\/\/www.europesays.com\/fr\/wp-json\/wp\/v2\/posts"}],"about":[{"href":"https:\/\/www.europesays.com\/fr\/wp-json\/wp\/v2\/types\/post"}],"author":[{"embeddable":true,"href":"https:\/\/www.europesays.com\/fr\/wp-json\/wp\/v2\/users\/2"}],"replies":[{"embeddable":true,"href":"https:\/\/www.europesays.com\/fr\/wp-json\/wp\/v2\/comments?post=135532"}],"version-history":[{"count":0,"href":"https:\/\/www.europesays.com\/fr\/wp-json\/wp\/v2\/posts\/135532\/revisions"}],"wp:featuredmedia":[{"embeddable":true,"href":"https:\/\/www.europesays.com\/fr\/wp-json\/wp\/v2\/media\/135533"}],"wp:attachment":[{"href":"https:\/\/www.europesays.com\/fr\/wp-json\/wp\/v2\/media?parent=135532"}],"wp:term":[{"taxonomy":"category","embeddable":true,"href":"https:\/\/www.europesays.com\/fr\/wp-json\/wp\/v2\/categories?post=135532"},{"taxonomy":"post_tag","embeddable":true,"href":"https:\/\/www.europesays.com\/fr\/wp-json\/wp\/v2\/tags?post=135532"}],"curies":[{"name":"wp","href":"https:\/\/api.w.org\/{rel}","templated":true}]}}