{"id":135537,"date":"2025-05-28T23:54:13","date_gmt":"2025-05-28T23:54:13","guid":{"rendered":"https:\/\/www.europesays.com\/fr\/135537\/"},"modified":"2025-05-28T23:54:13","modified_gmt":"2025-05-28T23:54:13","slug":"franco-morbidelli-victime-dune-fracture-au-pied","status":"publish","type":"post","link":"https:\/\/www.europesays.com\/fr\/135537\/","title":{"rendered":"Franco Morbidelli victime d&rsquo;une fracture au pied"},"content":{"rendered":"<p><a href=\"https:\/\/fr.motorsport.com\/driver\/franco-morbidelli\/109417\/\" target=\"_blank\" rel=\"noopener nofollow\">Franco Morbidelli<\/a> a bel et bien une blessure apr\u00e8s son accrochage avec son \u00e9ternel rival <a href=\"https:\/\/fr.motorsport.com\/driver\/aleix-espargaro\/90382\/\" target=\"_blank\" rel=\"noopener nofollow\">Aleix Espargar\u00f3<\/a> \u00e0 Silverstone. L&rsquo;Italien soup\u00e7onnait d\u00e9j\u00e0 une fracture quelques minutes apr\u00e8s cet incident, \u00e0 l&rsquo;origine du drapeau rouge qui a permis aux fr\u00e8res M\u00e1rquez de prendre part au deuxi\u00e8me d\u00e9part.<\/p>\n<p>\u00ab\u00a0\u00c7a a \u00e9t\u00e9 une mauvaise chute, j&rsquo;ai mal, je ne sais pas si j&rsquo;ai quelque chose de cass\u00e9\u00a0\u00bb, <a href=\"https:\/\/fr.motorsport.com\/motogp\/news\/morbidelli-course-film-tarantino-silverstone\/10726870\/\" rel=\"nofollow noopener\" target=\"_blank\">confiait Morbidelli<\/a> dimanche.<\/p>\n<p>Des examens pratiqu\u00e9s lundi ont confirm\u00e9 une blessure. \u00ab\u00a0Pour les prochaines semaines, je vais devoir faire avec une fracture sur mon pied gauche&#8230;\u00a0\u00bb, a \u00e9crit Morbidelli dans une story sur Instagram. \u00ab\u00a0Assez difficile de voir le positif mais je suis certain que gr\u00e2ce \u00e0 toutes les magnifiques personnes qui m&rsquo;entourent, nous ferons face \u00e0 ce coup dur de la meilleure fa\u00e7on possible\u00a0!\u00a0\u00bb<\/p>\n<p><img decoding=\"async\" class=\"sizer\" draggable=\"false\" src=\"data:image\/png;base64,iVBORw0KGgoAAAANSUhEUgAAABAAAAAJCAYAAAA7KqwyAAAAGXRFWHRTb2Z0d2FyZQBBZG9iZSBJbWFnZVJlYWR5ccllPAAAABpJREFUeNpi\/P\/\/PwMlgImBQjBqwLAwACDAAOVfAw9\/ZDvcAAAAAElFTkSuQmCC\" alt=\"\" loading=\"lazy\"\/><\/p>\n<p class=\"title\">VID\u00c9O &#8211; R\u00c9SUM\u00c9 : Les meilleurs moments du GP de Grande-Bretagne<\/p>\n<p>Morbidelli n&rsquo;a donn\u00e9 aucune pr\u00e9cision sur la nature de la fracture et sur ses cons\u00e9quences, ce qui laisse penser qu&rsquo;il n&rsquo;aura pas besoin d&rsquo;op\u00e9ration et ne devrait manquer aucune course. Il a d&rsquo;ailleurs pu prendre part au deuxi\u00e8me d\u00e9part et se classer \u00e0 une belle quatri\u00e8me place.<\/p>\n<p>Plusieurs pilotes bless\u00e9s<\/p>\n<p>Les blessures ont \u00e9t\u00e9 r\u00e9centes ces derni\u00e8res semaines en MotoGP. <a href=\"https:\/\/fr.motorsport.com\/driver\/somkiat-chantra\/823104\/\" target=\"_blank\" rel=\"noopener nofollow\">Somkiat Chantra<\/a> et <a href=\"https:\/\/fr.motorsport.com\/driver\/pedro-acosta\/840236\/\" target=\"_blank\" rel=\"noopener nofollow\">Pedro Acosta<\/a> ont \u00e9t\u00e9 op\u00e9r\u00e9s pour des arm-pumps, ce qui a contraint le premier \u00e0 manquer le Grand Prix de France. Tomb\u00e9 au d\u00e9part de ce dernier, <a href=\"https:\/\/fr.motorsport.com\/driver\/joan-mir\/289392\/\" target=\"_blank\" rel=\"noopener nofollow\">Joan Mir<\/a> s&rsquo;est fractur\u00e9 un doigt mais a pu disputer le week-end de Silverstone sans grande difficult\u00e9.<\/p>\n<p>Au Grand Prix de Grande-Bretagne, <a href=\"https:\/\/fr.motorsport.com\/driver\/ai-ogura\/471489\/\" target=\"_blank\" rel=\"noopener nofollow\">Ai Ogura<\/a> est lourdement tomb\u00e9 lors de la premi\u00e8re s\u00e9ance. Apr\u00e8s avoir tent\u00e9 en vain de reprendre ses essais dans l&rsquo;apr\u00e8s-midi, il a <a href=\"https:\/\/fr.motorsport.com\/motogp\/news\/ai-ogura-blessure-forfait-silverstone\/10725944\/\" rel=\"nofollow noopener\" target=\"_blank\">d\u00fb d\u00e9clarer forfait samedi<\/a>, Trackhouse faisant \u00e9tat d&rsquo;une \u00ab\u00a0possible fracture du haut du tibia droit\u00a0\u00bb.<\/p>\n<p>Le pilote le plus durement touch\u00e9 est <a href=\"https:\/\/fr.motorsport.com\/driver\/jorge-martin\/109391\/\" target=\"_blank\" rel=\"noopener nofollow\">Jorge Mart\u00edn<\/a>, priv\u00e9 du d\u00e9but de saison par deux blessures lors de la pr\u00e9-saison, puis de nouveau bless\u00e9 apr\u00e8s une grosse chute au Grand Prix du Qatar, le seul qu&rsquo;il a pu disputer avec Aprilia pour le moment.<\/p>\n<p>Touch\u00e9 par 11 fractures au niveau des c\u00f4tes et un h\u00e9mopneumothorax, le champion du monde en titre devrait encore \u00eatre absent plusieurs semaines mais il a <a href=\"https:\/\/fr.motorsport.com\/motogp\/news\/martin-reprend-entrainement-bientot-parler\/10726034\/\" rel=\"nofollow noopener\" target=\"_blank\">pu reprendre l&rsquo;entra\u00eenement<\/a> et, d\u00e9sormais, c&rsquo;est surtout son avenir avec Aprilia qui concentre l&rsquo;attention.<\/p>\n<p>Lire aussi :<\/p>\n<p>Dans cet article<\/p>\n<p>    Vincent Lalanne-Sicaud\n<\/p>\n<p>    MotoGP\n<\/p>\n<p>    Franco Morbidelli\n<\/p>\n<p>    Team VR46\n<\/p>\n<p>Soyez le premier inform\u00e9 et souscrivez aux alertes mails pour recevoir les infos en temps r\u00e9el<\/p>\n<p>    S&rsquo;abonner aux alertes de news<\/p>\n","protected":false},"excerpt":{"rendered":"Franco Morbidelli a bel et bien une blessure apr\u00e8s son accrochage avec son \u00e9ternel rival Aleix Espargar\u00f3 \u00e0&hellip;\n","protected":false},"author":2,"featured_media":135538,"comment_status":"","ping_status":"","sticky":false,"template":"","format":"standard","meta":{"footnotes":""},"categories":[1413],"tags":[1011,27,7985,23124,1457,1456,1458,23125,60,7276],"class_list":{"0":"post-135537","1":"post","2":"type-post","3":"status-publish","4":"format-standard","5":"has-post-thumbnail","7":"category-moto","8":"tag-fr","9":"tag-france","10":"tag-franco-morbidelli","11":"tag-gp-de-grande-bretagne","12":"tag-moto","13":"tag-motocycle","14":"tag-motogp","15":"tag-silverstone","16":"tag-sports","17":"tag-team-vr46"},"share_on_mastodon":{"url":"https:\/\/pubeurope.com\/@fr\/114588159992217106","error":""},"_links":{"self":[{"href":"https:\/\/www.europesays.com\/fr\/wp-json\/wp\/v2\/posts\/135537","targetHints":{"allow":["GET"]}}],"collection":[{"href":"https:\/\/www.europesays.com\/fr\/wp-json\/wp\/v2\/posts"}],"about":[{"href":"https:\/\/www.europesays.com\/fr\/wp-json\/wp\/v2\/types\/post"}],"author":[{"embeddable":true,"href":"https:\/\/www.europesays.com\/fr\/wp-json\/wp\/v2\/users\/2"}],"replies":[{"embeddable":true,"href":"https:\/\/www.europesays.com\/fr\/wp-json\/wp\/v2\/comments?post=135537"}],"version-history":[{"count":0,"href":"https:\/\/www.europesays.com\/fr\/wp-json\/wp\/v2\/posts\/135537\/revisions"}],"wp:featuredmedia":[{"embeddable":true,"href":"https:\/\/www.europesays.com\/fr\/wp-json\/wp\/v2\/media\/135538"}],"wp:attachment":[{"href":"https:\/\/www.europesays.com\/fr\/wp-json\/wp\/v2\/media?parent=135537"}],"wp:term":[{"taxonomy":"category","embeddable":true,"href":"https:\/\/www.europesays.com\/fr\/wp-json\/wp\/v2\/categories?post=135537"},{"taxonomy":"post_tag","embeddable":true,"href":"https:\/\/www.europesays.com\/fr\/wp-json\/wp\/v2\/tags?post=135537"}],"curies":[{"name":"wp","href":"https:\/\/api.w.org\/{rel}","templated":true}]}}