{"id":135541,"date":"2025-05-28T23:56:11","date_gmt":"2025-05-28T23:56:11","guid":{"rendered":"https:\/\/www.europesays.com\/fr\/135541\/"},"modified":"2025-05-28T23:56:11","modified_gmt":"2025-05-28T23:56:11","slug":"fleche-du-sud-prologue-classements-directvelo","status":"publish","type":"post","link":"https:\/\/www.europesays.com\/fr\/135541\/","title":{"rendered":"Fl\u00e8che du Sud &#8211; Prologue : Classements &#8211; DirectVelo"},"content":{"rendered":"<ol>\n<li><a href=\"https:\/\/news.google.com\/rss\/articles\/CBMihAFBVV95cUxNRHZZUE9XSmxScGlNVGxDa3Q1OHJTbW9JYW5wdEFsVV9rMW1zaXBHNnhMbzE4ajgyZ2JYRThsV1haRlBXMVRKOUl5WUFqdmNpbDhNTmc3c1FFY0NIYmpaRVZ1Z21LVXRIZDVjRnM3b0JzN0FDVHNEcURSM1dnTVowYTVzX1o?oc=5\" target=\"_blank\" rel=\"noopener\">Fl\u00e8che du Sud &#8211; Prologue : Classements<\/a>&nbsp;&nbsp;DirectVelo<\/li>\n<li><a href=\"https:\/\/news.google.com\/rss\/articles\/CBMioAFBVV95cUxNYUozemRHYkRUOVFZSWpVM21VZko1NTl4Q2VmdkE5RVN5d3o3UnZia19Bem9SNmJJMXBEdXZJQUt2S2JYT1NJZS04REpZU29kWEdEMjJfbEhYODROVlNyYk1TY2E2NHR4ZmliQlIyRUNZNWNHdFJmWF8xZWh5Y0ZkcUFPbE5QblJjbnRUR2QxLTFnb1ZrcmNCXzEzWlROcjBr?oc=5\" target=\"_blank\" rel=\"noopener\">[Cyclisme] L\u2019Italien Kevin Pezzo Rosola premier leader de la Tageblatt Fl\u00e8che du Sud<\/a>&nbsp;&nbsp;Le Quotidien | Ind\u00e9pendant Luxembourgeois<\/li>\n<li><a href=\"https:\/\/news.google.com\/rss\/articles\/CBMiW0FVX3lxTFBfRnVkbHI5Mjg2U1BiUjNHWW5SVzVFeERmMGVqWFh5SU1IZWVmUHlKUC03cWlrUFE3WVBGRUtIZHVpbEh6UjhhZm5hdWNrYnZLUk4yMlRqWVZyYXM?oc=5\" target=\"_blank\" rel=\"noopener\">Cyclisme: La 74\u00e8me \u00e9dition de la Fl\u00e8che du Sud se d\u00e9roulera du 28 mai au 1er juin<\/a>&nbsp;&nbsp;RTL Infos &#8211; Home<\/li>\n<li><a href=\"https:\/\/news.google.com\/rss\/articles\/CBMicEFVX3lxTE9vS2Zsd1JvVnl0ZVdVRGNLdi1BRllrTHBXbTg3em12NlRUbDdyS1labHpGSHZVUjZqV0N1LUdZSTU3WE5uUXhsOFdQdXJWNVpvZ1dvTFR0RmY0Zm8yeGdIeWN0NDRJLVlyVEZieGYyUWY?oc=5\" target=\"_blank\" rel=\"noopener\">Arnaud Tendon vise une \u00e9tape<\/a>&nbsp;&nbsp;Le Quotidien Jurassien<\/li>\n<li><a href=\"https:\/\/news.google.com\/rss\/articles\/CBMifkFVX3lxTE1Za1FNeEh2UDVOVkxBTFE3S1BKVzF3VVFrV0Ntc3pOX2VFTHNpSVVyQ3dBamRNVS1lbjNGT2FTYlhDODZRSFIwb1lkU0Y1ZUFwUkEteXZHZzh3OG5GcmZUMXFpS1VUVFJrYmhVOTU3bktyMHBUQ3pVYkdsdlZldw?oc=5\" target=\"_blank\" rel=\"noopener\">Fl\u00e8che du Sud : la liste des partants<\/a>&nbsp;&nbsp;Velo-Club<\/li>\n<\/ol>\n","protected":false},"excerpt":{"rendered":"Fl\u00e8che du Sud &#8211; Prologue : Classements&nbsp;&nbsp;DirectVelo [Cyclisme] L\u2019Italien Kevin Pezzo Rosola premier leader de la Tageblatt Fl\u00e8che&hellip;\n","protected":false},"author":2,"featured_media":135542,"comment_status":"","ping_status":"","sticky":false,"template":"","format":"standard","meta":{"footnotes":""},"categories":[1411],"tags":[834,828,836,829,837,827,83,826,824,823,1154,207,814,817,815,816,822,821,832,211,839,1011,27,820,818,819,835,831,830,833,838,60,212,208,825],"class_list":{"0":"post-135541","1":"post","2":"type-post","3":"status-publish","4":"format-standard","5":"has-post-thumbnail","7":"category-cyclisme","8":"tag-attaque","9":"tag-belgique","10":"tag-braquet","11":"tag-bretagne","12":"tag-chute","13":"tag-competition","14":"tag-coupe-de-france","15":"tag-coureur","16":"tag-course-cyclisme","17":"tag-course-cycliste","18":"tag-cycling","19":"tag-cyclisme","20":"tag-direct","21":"tag-direct-velo","22":"tag-directvelo","23":"tag-directvelo-com","24":"tag-epreuve","25":"tag-epreuve-cycliste","26":"tag-federation-francaise-de-cyclisme","27":"tag-ffc","28":"tag-flandres","29":"tag-fr","30":"tag-france","31":"tag-live","32":"tag-live-course","33":"tag-live-epreuve","34":"tag-peloton","35":"tag-radio-peloton","36":"tag-radio-tour","37":"tag-ravitaillement","38":"tag-relance","39":"tag-sports","40":"tag-uci","41":"tag-velo","42":"tag-velos"},"share_on_mastodon":{"url":"https:\/\/pubeurope.com\/@fr\/114588167892830526","error":""},"_links":{"self":[{"href":"https:\/\/www.europesays.com\/fr\/wp-json\/wp\/v2\/posts\/135541","targetHints":{"allow":["GET"]}}],"collection":[{"href":"https:\/\/www.europesays.com\/fr\/wp-json\/wp\/v2\/posts"}],"about":[{"href":"https:\/\/www.europesays.com\/fr\/wp-json\/wp\/v2\/types\/post"}],"author":[{"embeddable":true,"href":"https:\/\/www.europesays.com\/fr\/wp-json\/wp\/v2\/users\/2"}],"replies":[{"embeddable":true,"href":"https:\/\/www.europesays.com\/fr\/wp-json\/wp\/v2\/comments?post=135541"}],"version-history":[{"count":0,"href":"https:\/\/www.europesays.com\/fr\/wp-json\/wp\/v2\/posts\/135541\/revisions"}],"wp:featuredmedia":[{"embeddable":true,"href":"https:\/\/www.europesays.com\/fr\/wp-json\/wp\/v2\/media\/135542"}],"wp:attachment":[{"href":"https:\/\/www.europesays.com\/fr\/wp-json\/wp\/v2\/media?parent=135541"}],"wp:term":[{"taxonomy":"category","embeddable":true,"href":"https:\/\/www.europesays.com\/fr\/wp-json\/wp\/v2\/categories?post=135541"},{"taxonomy":"post_tag","embeddable":true,"href":"https:\/\/www.europesays.com\/fr\/wp-json\/wp\/v2\/tags?post=135541"}],"curies":[{"name":"wp","href":"https:\/\/api.w.org\/{rel}","templated":true}]}}