{"id":135547,"date":"2025-05-28T23:59:09","date_gmt":"2025-05-28T23:59:09","guid":{"rendered":"https:\/\/www.europesays.com\/fr\/135547\/"},"modified":"2025-05-28T23:59:09","modified_gmt":"2025-05-28T23:59:09","slug":"la-van-gogh-academy-ouvre-dans-une-nouvelle-galerie-dart","status":"publish","type":"post","link":"https:\/\/www.europesays.com\/fr\/135547\/","title":{"rendered":"la Van Gogh Academy ouvre dans une nouvelle galerie d&rsquo;art"},"content":{"rendered":"<p>            Par<br \/>\n        <strong><br \/>\n            <a href=\"https:\/\/actu.fr\/auteur\/romain-dameron\" title=\"Consulter tous les articles de Romain Dameron\" target=\"_blank\" rel=\"noopener\">Romain Dameron<\/a><br \/>\n        <\/strong><\/p>\n<p>        Publi\u00e9 le<\/p>\n<p>            28 mai 2025 \u00e0 8h56        <\/p>\n<p>Deux entit\u00e9s, mais une seule inauguration. Vendredi 16 mai 2025, plusieurs dizaines d\u2019invit\u00e9s ont assist\u00e9 \u00e0 l\u2019ouverture de la <b>nouvelle galerie d\u2019art<\/b> <a href=\"https:\/\/www.fonsecafineart.com\/\" target=\"_blank\" rel=\"noopener\">Vall\u00e9e de l\u2019Oise<\/a>, au 1, rue Fran\u00e7ois-Mitterrand, \u00e0 <a href=\"https:\/\/actu.fr\/ile-de-france\/auvers-sur-oise_95039\" target=\"_blank\" rel=\"noopener\">Auvers-sur-Oise<\/a> (<b>Val-d\u2019Oise<\/b>).<\/p>\n<p>Nouvelle galerie d\u2019art<\/p>\n<p class=\" wall-content\">Install\u00e9e dans une vieille b\u00e2tisse auversoise par Alexandre et Rapha\u00ebl Fonseca, deux fr\u00e8res marchands d\u2019art originaires de <a href=\"https:\/\/actu.fr\/ile-de-france\/mery-sur-oise_95394\" target=\"_blank\" rel=\"noopener\">M\u00e9ry-sur-Oise<\/a>, cette galerie abrite des \u0153uvres remarquables d\u2019art contemporain et du XIXe si\u00e8cle. Sa terrasse offre \u00e9galement une vue splendide sur la vall\u00e9e de l\u2019Oise qui a inspir\u00e9 tant d\u2019artistes.<\/p>\n<p>    <a href=\"https:\/\/www.facebook.com\/plugins\/post.php?href=https%3A%2F%2Fwww.facebook.com%2Fpermalink.php%3Fstory_fbid%3Dpfbid0x8UdPzLRKh6yGSpfcmx8HHjgo6BjnKj2PbjUrP74HKEefZC4YKHqLSh4vgKaTvozl%26id%3D100079904767827&amp;show_text=true&amp;width=350\" title=\"Ouvrie le lien\" target=\"_blank\" rel=\"noopener\">Cliquez ici pour visualiser le contenu<\/a><\/p>\n<p class=\" wall-content\">\u00ab\u00a0C\u2019\u00e9tait une \u00e9vidence d\u2019ouvrir une galerie et d\u2019en faire profiter les Auversois, confie Alexandre Fonseca. C\u2019\u00e9tait aussi une mani\u00e8re de faire rayonner Auvers \u00e0 travers les pi\u00e8ces de notre collection.\u00a0\u00bb La galerie Vall\u00e9e de l\u2019Oise n\u2019abrite pas que des chefs-d\u2019\u0153uvre, elle h\u00e9berge aussi une initiative originale : la Van Gogh Academy, fond\u00e9e par Wouter van der Veen, historien d\u2019art et sp\u00e9cialiste du ma\u00eetre hollandais.<\/p>\n<p class=\" wall-content\">\u00ab\u00a0Nous nous sommes rencontr\u00e9s par hasard et nos passions se sont m\u00eal\u00e9es, ajoute Alexandre Fonseca. Il cherchait un endroit pour son Academy et nous lui avons propos\u00e9 notre galerie. Son exp\u00e9rience nous permet aussi de faire vivre ce lieu.\u00a0\u00bb<\/p>\n<p>Hors les murs<\/p>\n<p class=\" wall-content\">Ainsi, cette <a href=\"https:\/\/academy.vg\/fr\/\" target=\"_blank\" rel=\"noopener\">Van Gogh Academy<\/a> propose p\u00eale-m\u00eale conf\u00e9rences, cours, visites guid\u00e9es, mais aussi des d\u00e9couvertes de documents historiques issus des recherches de l\u2019universitaire. \u00ab\u00a0Nous serons le plus possible hors les murs, dehors, comme le faisait Platon, s\u2019amuse Wouter van der Veen. Nous sommes dans la joie du partage et tous ceux qui d\u00e9sirent participer seront les bienvenus. Je ne pourrai pas leur apprendre \u00e0 peindre, mais je pourrai leur apprendre \u00e0 aimer la peinture.\u00a0\u00bb<\/p>\n<p>Vid\u00e9os : en ce moment sur Actu<br \/>\n    <a href=\"https:\/\/www.facebook.com\/plugins\/post.php?href=https%3A%2F%2Fwww.facebook.com%2FVGoghAcademy%2Fposts%2Fpfbid02NHyDVbD7FNgLFgvjbfMeEZbsS95DGTdTENtjVnB8b5a6zQYmWZsvBUiVBKikDfCTl&amp;show_text=true&amp;width=350\" title=\"Ouvrie le lien\" target=\"_blank\" rel=\"noopener\">Cliquez ici pour visualiser le contenu<\/a><\/p>\n<p class=\" wall-content\">Cr\u00e9\u00e9e sous forme associative, l\u2019Academy vit de dons, du m\u00e9c\u00e9nat ou du sponsoring. Elle a pour parrain l\u2019artiste suisse Peter Knapp, 93 ans, et nourrit d\u00e9j\u00e0 de beaux projets \u00e0 l\u2019international.<\/p>\n<p class=\" wall-content\">\u00ab\u00a0Nous d\u00e9veloppons une antenne \u00e0 New York, \u00e0 Cracovie et \u00e0 Barcelone. Je r\u00eave d\u2019en ouvrir une \u00e0 Paris, l\u00e2che l\u2019expert. Je suis un \u00e9lectron libre et je nourris ce d\u00e9sir depuis longtemps. J\u2019ai 51 ans et je me donne 10 ans pour d\u00e9velopper ce projet.\u00a0\u00bb<\/p>\n<p>    <a href=\"https:\/\/maps.google.com\/maps?q=49.071656783231646,2.1649949708556937&amp;z=15&amp;output=embed\" title=\"Ouvrie le lien\" target=\"_blank\" rel=\"noopener\">Cliquez ici pour visualiser le contenu<\/a><\/p>\n<p>Site : academy.vg et www.fonsecafineart.com<\/p>\n<p class=\" wall-content\">Suivez toute l\u2019actualit\u00e9 de vos villes et m\u00e9dias favoris en vous inscrivant \u00e0 <a href=\"https:\/\/moncompte.actu.fr\" title=\"D\u00e9couvez Mon Actu\" rel=\"nofollow noopener\" data-trk=\"{&quot;cta&quot;:{&quot;action&quot;:&quot;https:\\\/\\\/moncompte.actu.fr&quot;,&quot;category&quot;:&quot;mon compte&quot;,&quot;from&quot;:&quot;article footer&quot;,&quot;name&quot;:&quot;Mon actu&quot;,&quot;type&quot;:&quot;cta&quot;}}\" target=\"_blank\">Mon Actu<\/a>.<\/p>\n","protected":false},"excerpt":{"rendered":"Par Romain Dameron Publi\u00e9 le 28 mai 2025 \u00e0 8h56 Deux entit\u00e9s, mais une seule inauguration. Vendredi 16&hellip;\n","protected":false},"author":2,"featured_media":135548,"comment_status":"","ping_status":"","sticky":false,"template":"","format":"standard","meta":{"footnotes":""},"categories":[1358],"tags":[1348,1384,1385,1386,58,59,1011,27,104,12573],"class_list":{"0":"post-135547","1":"post","2":"type-post","3":"status-publish","4":"format-standard","5":"has-post-thumbnail","7":"category-arts-et-design","8":"tag-arts","9":"tag-arts-and-design","10":"tag-arts-et-design","11":"tag-design","12":"tag-divertissement","13":"tag-entertainment","14":"tag-fr","15":"tag-france","16":"tag-societe","17":"tag-vincent-van-gogh"},"share_on_mastodon":{"url":"https:\/\/pubeurope.com\/@fr\/114588180137961271","error":""},"_links":{"self":[{"href":"https:\/\/www.europesays.com\/fr\/wp-json\/wp\/v2\/posts\/135547","targetHints":{"allow":["GET"]}}],"collection":[{"href":"https:\/\/www.europesays.com\/fr\/wp-json\/wp\/v2\/posts"}],"about":[{"href":"https:\/\/www.europesays.com\/fr\/wp-json\/wp\/v2\/types\/post"}],"author":[{"embeddable":true,"href":"https:\/\/www.europesays.com\/fr\/wp-json\/wp\/v2\/users\/2"}],"replies":[{"embeddable":true,"href":"https:\/\/www.europesays.com\/fr\/wp-json\/wp\/v2\/comments?post=135547"}],"version-history":[{"count":0,"href":"https:\/\/www.europesays.com\/fr\/wp-json\/wp\/v2\/posts\/135547\/revisions"}],"wp:featuredmedia":[{"embeddable":true,"href":"https:\/\/www.europesays.com\/fr\/wp-json\/wp\/v2\/media\/135548"}],"wp:attachment":[{"href":"https:\/\/www.europesays.com\/fr\/wp-json\/wp\/v2\/media?parent=135547"}],"wp:term":[{"taxonomy":"category","embeddable":true,"href":"https:\/\/www.europesays.com\/fr\/wp-json\/wp\/v2\/categories?post=135547"},{"taxonomy":"post_tag","embeddable":true,"href":"https:\/\/www.europesays.com\/fr\/wp-json\/wp\/v2\/tags?post=135547"}],"curies":[{"name":"wp","href":"https:\/\/api.w.org\/{rel}","templated":true}]}}