{"id":135551,"date":"2025-05-29T00:01:18","date_gmt":"2025-05-29T00:01:18","guid":{"rendered":"https:\/\/www.europesays.com\/fr\/135551\/"},"modified":"2025-05-29T00:01:18","modified_gmt":"2025-05-29T00:01:18","slug":"rien-a-foutre-yann-barthes-en-roue-libre-totale-une-chroniqueuse-freinee-dans-ses-ardeurs","status":"publish","type":"post","link":"https:\/\/www.europesays.com\/fr\/135551\/","title":{"rendered":"\u201cRien \u00e0 foutre !\u201d : Yann Barth\u00e8s en roue libre totale, une chroniqueuse frein\u00e9e dans ses ardeurs"},"content":{"rendered":"<p>Esprit espi\u00e8gle, bonne ambiance, complicit\u00e9 entre les<br \/>\nchroniqueurs&#8230; A priori, dans <a href=\"https:\/\/www.telestar.fr\/actu_tv\/quotidien-gros-moment-de-flottement-pour-yann-barthes-il-fait-un-flop-face-a-son-invite-1724646\" rel=\"nofollow noopener\" target=\"_blank\"><br \/>\nQuotidien<\/a>, tout roule. Toujours a priori, <a href=\"https:\/\/www.closermag.fr\/people\/yann-barthes-se-ridiculise-face-a-une-star-americaine-la-tempete-de-gene-nest-pas-loin-3549330\" rel=\"nofollow noopener\" target=\"_blank\"><br \/>\nYann Barth\u00e8s<\/a> laisse Jean-Michel Aphatie, Julien Bellver ou<br \/>\n<a href=\"https:\/\/www.closermag.fr\/tv_tele_realite\/je-me-sens-conne-ambre-chalumeau-fait-un-mea-culpa-inattendu-dans-quotidien-face-a-nicolas-demorand-3531505\" rel=\"nofollow noopener\" target=\"_blank\"><br \/>\nAmbre Chalumeau<\/a> d\u00e9rouler leurs chroniques. Sauf certains<br \/>\nsoirs&#8230; Comme le 28 mai ! <strong>Ambre Chalumeau a commenc\u00e9 par<br \/>\nparler des prochains acteurs de Harry Potter.<\/strong><\/p>\n<p>\u00ab\u00a0Pendant qu&rsquo;il y en a qui attendaient de savoir qui allait<br \/>\n\u00eatre le prochain Pape, il y en avait qui attendaient de savoir qui<br \/>\nallaient \u00eatre les prochains acteurs de Harry Potter dans la s\u00e9rie<br \/>\nHarry Potter\u00a0\u00bb, a-t-elle commenc\u00e9. Elle a ensuite montr\u00e9 une<br \/>\nphoto. On voit les bouilles des enfants <strong>qui interpr\u00e9teront<br \/>\nles r\u00f4les de Ron, d&rsquo;Hermione et d&rsquo;Harry<\/strong>. \u00ab\u00a0Mettons-nous<br \/>\na la place de ces enfants. C&rsquo;est dur, d&rsquo;\u00eatre ces enfants\u00a0\u00bb,<br \/>\n-a-t-elle consid\u00e9r\u00e9.<\/p>\n<p>Yann Barth\u00e8s : \u00ab\u00a0Rien \u00e0 foutre !\u00a0\u00bb<\/p>\n<p>Ambianc\u00e9e par son propre propos, elle a ensuite expliqu\u00e9<br \/>\npourquoi il \u00e9tait si \u00ab\u00a0dur'\u00a0\u00bb d&rsquo;\u00eatre ces enfants. \u00ab\u00a0Tu as la<br \/>\nmoiti\u00e9 des enfants du monde qui <strong>sont jaloux d&rsquo;eux<\/strong>,<br \/>\nla moiti\u00e9 des fans d&rsquo;Harry Potter qui sont <strong>\u00e0 la fois<br \/>\ncontents<\/strong> qu&rsquo;il y ait une s\u00e9rie, et tr\u00e8s m\u00e9fiants sur ce<br \/>\nque \u00e7a va \u00eatre. Donc on les regarde un peu comme \u00e7a, mais ils sont<br \/>\ntr\u00e8s mignons, et ce n&rsquo;est pas de leur faute\u00a0\u00bb, a-t-elle<br \/>\nconstat\u00e9.<\/p>\n<p>Piquant, le pr\u00e9sentateur de l&rsquo;\u00e9mission l&rsquo;a interrompue. \u00ab\u00a0Il<br \/>\ny en a un tiers qui n&rsquo;en a rien \u00e0 foutre !\u00a0\u00bb, a-t-il fait<br \/>\nremarquer sur le ton de l&rsquo;humour. Ne se laissant pas d\u00e9sarmer, la<br \/>\njournaliste de 27 ans a contre attaqu\u00e9. \u00ab\u00a0Les <strong>pisses<br \/>\nfroid<\/strong>, tu disais ? Eh bah voil\u00e0 !\u00a0\u00bb a-t-elle lanc\u00e9 \u00e0<br \/>\nJulien Bellver. Le \u00ab\u00a0d\u00e9bat&rsquo; s&rsquo;est cl\u00f4tur\u00e9 sur cette vanne, laissant<br \/>\nplace \u00e0 <a href=\"https:\/\/www.closermag.fr\/tv_tele_realite\/de-la-guerre-de-lamour-du-sexe-le-parallele-un-brin-douteux-de-maia-mazaurette-sur-labbe-pierre-3537880\" rel=\"nofollow noopener\" target=\"_blank\"><br \/>\nMa\u00efa Mazaurette<\/a> et sa chronique sp\u00e9cialement d\u00e9di\u00e9e \u00e0 Pedro<br \/>\nPascal.<\/p>\n<p>Qui est Ambre Chalumeau ?<\/p>\n<p>\nDipl\u00f4m\u00e9e du CELSA, <strong>Ambre Chalumeau\u00a0a d\u00e9but\u00e9 sa<br \/>\ncarri\u00e8re \u00e0 Radio Nova<\/strong>, puis a collabor\u00e9 avec des magazines<br \/>\ntels que Rolling Stone et<br \/>\nSociety.<br \/>\nDans Quotidien, elle a<br \/>\ncommenc\u00e9 en animant la chronique La Brigade des Affaires<br \/>\nCulturelles (BAC). Tous les jours, elle aborde l&rsquo;actualit\u00e9<br \/>\nculturelle avec un ton accessible et sans pr\u00e9tention.<\/p>\n<p>Elle a \u00e9galement r\u00e9alis\u00e9 des documentaires, dont Une soir\u00e9e avec Ast\u00e9rix et Ob\u00e9lix et<br \/>\nLe Syst\u00e8me Tom Cruise,<br \/>\ndiffus\u00e9s sur TMC.\u00a0<\/p>\n<p>\nEn mars 2025, elle a publi\u00e9 son premier roman, Les Vivants,<br \/>\ninspir\u00e9 de sa vie.\u00a0<\/p>\n","protected":false},"excerpt":{"rendered":"Esprit espi\u00e8gle, bonne ambiance, complicit\u00e9 entre les chroniqueurs&#8230; A priori, dans Quotidien, tout roule. Toujours a priori, Yann&hellip;\n","protected":false},"author":2,"featured_media":135552,"comment_status":"","ping_status":"","sticky":false,"template":"","format":"standard","meta":{"footnotes":""},"categories":[1356],"tags":[548,58,59,1011,27,1404,252,1364,1405],"class_list":{"0":"post-135551","1":"post","2":"type-post","3":"status-publish","4":"format-standard","5":"has-post-thumbnail","7":"category-television","8":"tag-article-simple","9":"tag-divertissement","10":"tag-entertainment","11":"tag-fr","12":"tag-france","13":"tag-quotidien","14":"tag-television","15":"tag-tv","16":"tag-yann-barthes"},"share_on_mastodon":{"url":"https:\/\/pubeurope.com\/@fr\/114588187587040456","error":""},"_links":{"self":[{"href":"https:\/\/www.europesays.com\/fr\/wp-json\/wp\/v2\/posts\/135551","targetHints":{"allow":["GET"]}}],"collection":[{"href":"https:\/\/www.europesays.com\/fr\/wp-json\/wp\/v2\/posts"}],"about":[{"href":"https:\/\/www.europesays.com\/fr\/wp-json\/wp\/v2\/types\/post"}],"author":[{"embeddable":true,"href":"https:\/\/www.europesays.com\/fr\/wp-json\/wp\/v2\/users\/2"}],"replies":[{"embeddable":true,"href":"https:\/\/www.europesays.com\/fr\/wp-json\/wp\/v2\/comments?post=135551"}],"version-history":[{"count":0,"href":"https:\/\/www.europesays.com\/fr\/wp-json\/wp\/v2\/posts\/135551\/revisions"}],"wp:featuredmedia":[{"embeddable":true,"href":"https:\/\/www.europesays.com\/fr\/wp-json\/wp\/v2\/media\/135552"}],"wp:attachment":[{"href":"https:\/\/www.europesays.com\/fr\/wp-json\/wp\/v2\/media?parent=135551"}],"wp:term":[{"taxonomy":"category","embeddable":true,"href":"https:\/\/www.europesays.com\/fr\/wp-json\/wp\/v2\/categories?post=135551"},{"taxonomy":"post_tag","embeddable":true,"href":"https:\/\/www.europesays.com\/fr\/wp-json\/wp\/v2\/tags?post=135551"}],"curies":[{"name":"wp","href":"https:\/\/api.w.org\/{rel}","templated":true}]}}