{"id":135561,"date":"2025-05-29T00:06:10","date_gmt":"2025-05-29T00:06:10","guid":{"rendered":"https:\/\/www.europesays.com\/fr\/135561\/"},"modified":"2025-05-29T00:06:10","modified_gmt":"2025-05-29T00:06:10","slug":"kevin-costner-poursuivi-en-justice-pour-une-scene-de-viol-improvisee-lors-dun-tournage","status":"publish","type":"post","link":"https:\/\/www.europesays.com\/fr\/135561\/","title":{"rendered":"Kevin Costner poursuivi en justice pour une sc\u00e8ne de viol improvis\u00e9e lors d\u2019un tournage"},"content":{"rendered":"<p>            Par<br \/>\n        <strong><br \/>\n            <a href=\"https:\/\/actu.fr\/auteur\/redaction-actu\" title=\"Consulter tous les articles de R\u00e9daction Actu\" rel=\"nofollow noopener\" target=\"_blank\">R\u00e9daction Actu<\/a><br \/>\n        <\/strong><\/p>\n<p>        Publi\u00e9 le<\/p>\n<p>            28 mai 2025 \u00e0 20h42        <\/p>\n<p>L\u2019acteur am\u00e9ricain, <strong>Kevin Costner<\/strong> (Danse avec les loups, Bodyguard\u2026), s\u2019est lanc\u00e9 dans une ambitieuse t\u00e9tralogie de westerns. Et ce n\u2019est pas une r\u00e9ussite. Horizon : une saga am\u00e9ricaine, premier volet,\u00a0a \u00e9t\u00e9 un fiasco ou presque avec \u00e0 peine 40 millions de dollars de recettes (35 millions d\u2019euros) pour 100 millions de dollars (88 millions d\u2019euros) de budget (dont une grande partie venant des fonds propres de Kevin Costner). Et le deuxi\u00e8me volet est d\u00e9sormais en<strong> pleine pol\u00e9mique<\/strong>.<\/p>\n<p class=\" wall-content\">Kevin Costner, 70 ans, ainsi que les producteurs, sont vis\u00e9s par<strong> une plainte d\u00e9pos\u00e9e en Californie<\/strong> par Devyn LaBella, la doublure d\u2019Ella Hunt qui joue le personnage principal de Juliette dans la saga.<\/p>\n<p class=\" wall-content\">Cette derni\u00e8re accuse l\u2019\u00e9quipe du film de l\u2019avoir contrainte \u00e0 <strong>participer \u00e0 une sc\u00e8ne de <a href=\"https:\/\/actu.fr\/tag\/violences-sexuelles\" rel=\"nofollow noopener\" target=\"_blank\">viol<\/a> simul\u00e9, non pr\u00e9vue au sc\u00e9nario<\/strong>, sans son consentement explicite ni la pr\u00e9sence obligatoire d\u2019un coordinateur d\u2019intimit\u00e9. Le recours aux coordinateurs d\u2019intimit\u00e9 a explos\u00e9 \u00e0 Hollywood apr\u00e8s le mouvement #MeToo, ils sont d\u00e9sormais cens\u00e9s veiller \u00e0 la s\u00e9curit\u00e9 et au confort des artistes.\u00a0<\/p>\n<p>\u00ab Une sc\u00e8ne de viol violente, non sc\u00e9naris\u00e9e et non programm\u00e9e \u00bb<\/p>\n<p class=\" wall-content\">Dans une plainte obtenue par le site du magazine am\u00e9ricain <a href=\"https:\/\/people.com\/horizon-stuntperformer-files-sexual-harassment-lawsuit-against-kevin-costner-and-film-producers-11742855?utm_source=chatgpt.com\" rel=\"nofollow noopener\" target=\"_blank\">People<\/a> et le <a href=\"https:\/\/www.hollywoodreporter.com\/movies\/movie-news\/kevin-costner-lawsuit-horizon-2-unscripted-rape-scene-1236231181\/\" rel=\"nofollow noopener\" target=\"_blank\">Hollywood Reporter<\/a>, Devyn LaBella affirme que le 2 mai 2023 dans l\u2019Utah, un \u00c9tat de l\u2019ouest des <a href=\"https:\/\/actu.fr\/tag\/etats-unis\" rel=\"nofollow noopener\" target=\"_blank\">\u00c9tats-Unis<\/a>, elle \u00ab a \u00e9t\u00e9 victime d\u2019une sc\u00e8ne de viol violente, non sc\u00e9naris\u00e9e et non programm\u00e9e, r\u00e9alis\u00e9e par Kevin Costner \u00bb lors du tournage d\u2019Horizon : une saga am\u00e9ricaine, chapitre 2.<\/p>\n<p class=\" wall-content\">Kevin Costner est ainsi cit\u00e9 dans une plainte pour harc\u00e8lement sexuel d\u00e9pos\u00e9e ce mardi 27 mai 2025 aupr\u00e8s de la cour sup\u00e9rieure de Californie pour le comt\u00e9 de Los Angeles. Devyn LaBella r\u00e9clame un montant non divulgu\u00e9 et souhaite un <a href=\"https:\/\/actu.fr\/tag\/proces\" rel=\"nofollow noopener\" target=\"_blank\">proc\u00e8s<\/a> avec jury.<\/p>\n<p>Vid\u00e9os : en ce moment sur Actu<\/p>\n<blockquote class=\"ac-article-quote wall-content\">\n<p>Ce jour-l\u00e0, j&rsquo;ai \u00e9t\u00e9 laiss\u00e9e sans protection et profond\u00e9ment trahie par un syst\u00e8me qui promettait s\u00e9curit\u00e9 et professionnalisme. Ce qui m&rsquo;est arriv\u00e9 a bris\u00e9 ma confiance et a chang\u00e9 \u00e0 jamais ma fa\u00e7on d&rsquo;\u00e9voluer dans ce secteur. <\/p>\n<p>    <strong>Devyn LaBella dans une d\u00e9claration au Hollywood Reporter <\/strong>\n            <\/p><\/blockquote>\n<p class=\" wall-content\">Selon la plainte, Devyn LaBella avait \u00e9t\u00e9 engag\u00e9e comme doublure cascade pour l\u2019actrice principale d\u2019Horizon 2, Ella Hunt. Son travail consistait \u00e0 remplacer l\u2019actrice \u00ab lors des sc\u00e8nes physiques \u00bb.<\/p>\n<p class=\" wall-content\">D\u2019apr\u00e8s sa plaine, Kevin Costner, pr\u00e9sent sur le plateau, aurait ajout\u00e9 une sc\u00e8ne o\u00f9 un second acteur, Roger Ivens, devait \u00ab monter sur Mme Hunt et lui soulever violemment la jupe \u00bb. Devyn LaBella affirme que la sc\u00e8ne n\u2019\u00e9tait pas du tout pr\u00e9vue dans le script, <strong>contrevenant au protocole<\/strong>.<\/p>\n<p>\u00ab De la honte et de l\u2019humiliation \u00bb<\/p>\n<p class=\" wall-content\">Dans son accusation, Devyn LaBella \u00e9crit avoir ressenti \u00ab de la honte et de l\u2019humiliation \u00bb, et explique avoir \u00e9t\u00e9 <strong>oblig\u00e9e de prendre des jours de cong\u00e9s<\/strong> suite \u00e0 cette sc\u00e8ne qui lui a laiss\u00e9 \u00ab un traumatisme qu\u2019elle devra surmonter pendant des ann\u00e9es \u00bb.<\/p>\n<p class=\" wall-content\">Elle explique d\u2019ailleurs avoir <strong>entam\u00e9 une th\u00e9rapie<\/strong> en juin 2023 pour traiter des \u00ab sympt\u00f4mes \u00bb, tels que \u00ab des troubles du sommeil, une peur de l\u2019intimit\u00e9 \u00bb et une \u00ab anxi\u00e9t\u00e9 \u00bb. \u00ab Cette affaire illustre parfaitement la domination masculine et le sexisme du cin\u00e9ma hollywoodien \u00bb, a comment\u00e9 son avocate au magazine People.<\/p>\n<p class=\" wall-content\">De son c\u00f4t\u00e9, l\u2019avocat de Kevin Costner nie cat\u00e9goriquement ces accusations, allant jusqu\u2019\u00e0 affirmer que Devyn LaBella est <strong>une \u00ab accusatrice en s\u00e9rie \u00bb<\/strong> et que ses accusations sont \u00ab absolument d\u00e9nu\u00e9es de fondement \u00bb et \u00ab compl\u00e8tement contredites par ses propres actes et les faits \u00bb. Il l\u2019accuse de \u00ab man\u0153uvres d\u2019extorsion \u00bb et <strong>affirme qu\u2019elle avait approuv\u00e9 cette sc\u00e8ne<\/strong> apr\u00e8s l\u2019avoir r\u00e9p\u00e9t\u00e9e avec un autre acteur, en donnant son feu vert.\u00a0<\/p>\n<p class=\" wall-content\">Suivez toute l\u2019actualit\u00e9 de vos villes et m\u00e9dias favoris en vous inscrivant \u00e0 <a href=\"https:\/\/moncompte.actu.fr\" title=\"D\u00e9couvez Mon Actu\" rel=\"nofollow noopener\" data-trk=\"{&quot;cta&quot;:{&quot;action&quot;:&quot;https:\\\/\\\/moncompte.actu.fr&quot;,&quot;category&quot;:&quot;mon compte&quot;,&quot;from&quot;:&quot;article footer&quot;,&quot;name&quot;:&quot;Mon actu&quot;,&quot;type&quot;:&quot;cta&quot;}}\" target=\"_blank\">Mon Actu<\/a>.<\/p>\n<ul class=\"ac-article-tag wall-content\">\n<li><a href=\"https:\/\/actu.fr\/tag\/cinema\" data-trk=\"{&quot;cta&quot;:{&quot;action&quot;:&quot;Cin\\u00e9ma&quot;,&quot;category&quot;:&quot;tag&quot;,&quot;from&quot;:&quot;article footer&quot;,&quot;name&quot;:&quot;Cin\\u00e9ma&quot;,&quot;type&quot;:&quot;cta&quot;}}\" rel=\"nofollow noopener\" target=\"_blank\">#Cin\u00e9ma<\/a><\/li>\n<li><a href=\"https:\/\/actu.fr\/tag\/violences-sexuelles\" data-trk=\"{&quot;cta&quot;:{&quot;action&quot;:&quot;Violences sexuelles&quot;,&quot;category&quot;:&quot;tag&quot;,&quot;from&quot;:&quot;article footer&quot;,&quot;name&quot;:&quot;Violences sexuelles&quot;,&quot;type&quot;:&quot;cta&quot;}}\" rel=\"nofollow noopener\" target=\"_blank\">#Violences sexuelles<\/a><\/li>\n<\/ul>\n","protected":false},"excerpt":{"rendered":"Par R\u00e9daction Actu Publi\u00e9 le 28 mai 2025 \u00e0 20h42 L\u2019acteur am\u00e9ricain, Kevin Costner (Danse avec les loups,&hellip;\n","protected":false},"author":2,"featured_media":135562,"comment_status":"","ping_status":"","sticky":false,"template":"","format":"standard","meta":{"footnotes":""},"categories":[8],"tags":[650,58,59,1011,27,74,799],"class_list":{"0":"post-135561","1":"post","2":"type-post","3":"status-publish","4":"format-standard","5":"has-post-thumbnail","7":"category-divertissement","8":"tag-cinema","9":"tag-divertissement","10":"tag-entertainment","11":"tag-fr","12":"tag-france","13":"tag-monde","14":"tag-violences-sexuelles"},"share_on_mastodon":{"url":"https:\/\/pubeurope.com\/@fr\/114588207435318739","error":""},"_links":{"self":[{"href":"https:\/\/www.europesays.com\/fr\/wp-json\/wp\/v2\/posts\/135561","targetHints":{"allow":["GET"]}}],"collection":[{"href":"https:\/\/www.europesays.com\/fr\/wp-json\/wp\/v2\/posts"}],"about":[{"href":"https:\/\/www.europesays.com\/fr\/wp-json\/wp\/v2\/types\/post"}],"author":[{"embeddable":true,"href":"https:\/\/www.europesays.com\/fr\/wp-json\/wp\/v2\/users\/2"}],"replies":[{"embeddable":true,"href":"https:\/\/www.europesays.com\/fr\/wp-json\/wp\/v2\/comments?post=135561"}],"version-history":[{"count":0,"href":"https:\/\/www.europesays.com\/fr\/wp-json\/wp\/v2\/posts\/135561\/revisions"}],"wp:featuredmedia":[{"embeddable":true,"href":"https:\/\/www.europesays.com\/fr\/wp-json\/wp\/v2\/media\/135562"}],"wp:attachment":[{"href":"https:\/\/www.europesays.com\/fr\/wp-json\/wp\/v2\/media?parent=135561"}],"wp:term":[{"taxonomy":"category","embeddable":true,"href":"https:\/\/www.europesays.com\/fr\/wp-json\/wp\/v2\/categories?post=135561"},{"taxonomy":"post_tag","embeddable":true,"href":"https:\/\/www.europesays.com\/fr\/wp-json\/wp\/v2\/tags?post=135561"}],"curies":[{"name":"wp","href":"https:\/\/api.w.org\/{rel}","templated":true}]}}