{"id":135563,"date":"2025-05-29T00:07:21","date_gmt":"2025-05-29T00:07:21","guid":{"rendered":"https:\/\/www.europesays.com\/fr\/135563\/"},"modified":"2025-05-29T00:07:21","modified_gmt":"2025-05-29T00:07:21","slug":"une-empreinte-digitale-vieille-de-43000-ans-relance-le-debat-sur-lart-chez-neandertal","status":"publish","type":"post","link":"https:\/\/www.europesays.com\/fr\/135563\/","title":{"rendered":"Une empreinte digitale vieille de 43000 ans relance le d\u00e9bat sur l&rsquo;art chez N\u00e9andertal"},"content":{"rendered":"<p>Il y a environ 43\u00a0000 ans, ans ce qui est aujourd&rsquo;hui le centre de l&rsquo;Espagne, un <a href=\"https:\/\/www.geo.fr\/histoire\/comment-l-homme-de-neandertal-a-pris-sa-revanche-189168\" target=\"_blank\" rel=\"noopener\">homme de N\u00e9andertal<\/a> (Homo neanderthalensis) est tomb\u00e9 sur un galet de granit d&rsquo;un peu plus de 20 centim\u00e8tres de long. Quelque chose dans la structure de cette pierre \u2013 peut-\u00eatre, sa ressemblance avec un visage allong\u00e9 \u2013 l&rsquo;aurait incit\u00e9 \u00e0 la ramasser, \u00e0 l&rsquo;examiner, puis \u00e0 tremper un doigt dans un pigment rouge pour y apposer une marque, exactement l\u00e0 o\u00f9 il y voyait le nez.<\/p>\n<p>Ce geste, d\u00e9cortiqu\u00e9 dans la revue <a href=\"https:\/\/link.springer.com\/article\/10.1007\/s12520-025-02243-1\" target=\"_blank\" rel=\"noopener\">Archaeological and Anthropological Sciences<\/a> ce 24\u00a0mai 2025, pourrait constituer l&#8217;empreinte digitale humaine compl\u00e8te la plus ancienne connue au monde\u2026 et le plus ancien exemple d&rsquo;art portatif en Europe.<\/p>\n<blockquote class=\"twitter-tweet\">\n<p lang=\"en\" dir=\"ltr\">\ud83d\udcf0 Researchers find what is thought to be the oldest complete example of a human fingerprint, made in Spain 43,000 years ago by a Neanderthal using red ochre pigment.<\/p>\n<p>Is it also an ancient example of portable art?<a href=\"https:\/\/twitter.com\/hashtag\/ArchaeologyNews?src=hash&amp;ref_src=twsrc%5Etfw\" target=\"_blank\" rel=\"noopener\">#ArchaeologyNews<\/a> via <a href=\"https:\/\/twitter.com\/guardian?ref_src=twsrc%5Etfw\" target=\"_blank\" rel=\"noopener\">@guardian<\/a><a href=\"https:\/\/t.co\/m7oegvVCV2\" target=\"_blank\">https:\/\/t.co\/m7oegvVCV2<\/a><\/p>\n<p>\u2014 \ud83c\udd70ntiquity Journal (@AntiquityJ) <a href=\"https:\/\/twitter.com\/AntiquityJ\/status\/1927659892795416785?ref_src=twsrc%5Etfw\" target=\"_blank\" rel=\"noopener\">May 28, 2025<\/a><\/p><\/blockquote>\n<p>\t\t\t\tUne pierre pas comme les autres<\/p>\n<p>Cette fameuse pierre a \u00e9t\u00e9 d\u00e9couverte en juillet\u00a02022, lors de fouilles dans l&rsquo;abri-sous-roche de San L\u00e1zaro, \u00e0 la p\u00e9riph\u00e9rie de S\u00e9govie (Castille-et-Le\u00f3n, nord-ouest de l&rsquo;Espagne). D\u00e8s le d\u00e9part, les arch\u00e9ologues espagnols ont not\u00e9 qu&rsquo;elle ne ressemblait \u00e0 aucun outil connu.<\/p>\n<p>\u00ab\u00a0La pierre avait une forme \u00e9trange et un point d&rsquo;ocre rouge, ce qui a vraiment attir\u00e9 notre attention, se souvient David \u00c1lvarez Alonso, arch\u00e9ologue \u00e0 l&rsquo;universit\u00e9 Complutense de Madrid, interrog\u00e9 par <a href=\"https:\/\/www.theguardian.com\/science\/2025\/may\/26\/like-a-face-discovery-reinforces-idea-neanderthals-created-art-say-experts\" target=\"_blank\" rel=\"noopener\">The Guardian<\/a>. On pensait tous la m\u00eame chose, on se regardait \u00e0 cause de sa forme\u00a0: &lsquo;\u00c7a ressemble \u00e0 un visage&rsquo;.\u00a0\u00bb Trois cavit\u00e9s naturelles sur une de ses faces \u00e9voquent des yeux et une bouche et le point d&rsquo;ocre au centre, le nez.<\/p>\n<p>\u00ab\u00a0Nous avons ensuite contact\u00e9 la <a href=\"https:\/\/www.geo.fr\/histoire\/les-archives-oubliees-de-la-premiere-police-scientifique-au-monde-enfin-numerisees-a-lyon-214681\" target=\"_blank\" rel=\"noopener\">police scientifique<\/a> pour d\u00e9terminer si nous avions raison de penser que le point avait \u00e9t\u00e9 appliqu\u00e9 avec un bout de doigt, poursuit le sp\u00e9cialiste. Ils ont confirm\u00e9 que c&rsquo;\u00e9tait le cas.\u00a0\u00bb Les analyses multispectrales ont en effet montr\u00e9 qu&rsquo;il s&rsquo;agissait d&rsquo;une empreinte digitale, probablement celle d&rsquo;un homme adulte. L&rsquo;<a href=\"https:\/\/www.geo.fr\/histoire\/au-mexique-decouverte-de-mines-docre-sous-marines-vieilles-de-12-000-ans-dans-le-yucatan-201168\" target=\"_blank\" rel=\"noopener\">ocre<\/a> utilis\u00e9, compos\u00e9 d&rsquo;oxydes de fer et de min\u00e9raux argileux, n&rsquo;\u00e9tait pr\u00e9sent ni dans la grotte, ni aux abords. La pierre, elle aussi, a d\u00fb \u00eatre transport\u00e9e depuis le lit de la rivi\u00e8re, situ\u00e9 plusieurs m\u00e8tres plus bas.<\/p>\n<p>Les auteurs de l&rsquo;\u00e9tude rejettent ainsi l&rsquo;hypoth\u00e8se d&rsquo;un usage accidentel ou utilitaire. \u00ab\u00a0Il ne pouvait pas s&rsquo;agir d&rsquo;une co\u00efncidence que le point se trouve l\u00e0 \u2013 et il n&rsquo;y a aucun marquage qui indique une autre utilisation\u00a0\u00bb, insiste l&rsquo;arch\u00e9ologue. Pourquoi donc cet effort pour ramener la pierre dans la grotte, la marquer d&rsquo;ocre et ne pas l&rsquo;utiliser\u00a0? La r\u00e9ponse r\u00e9side peut-\u00eatre dans l&rsquo;intention symbolique. Les chercheurs avancent l&rsquo;hypoth\u00e8se d&rsquo;un ph\u00e9nom\u00e8ne de par\u00e9idolie, cette tendance cognitive \u00e0 voir des visages dans des objets.<\/p>\n<p>N\u00e9andertal, artiste oubli\u00e9\u00a0?<\/p>\n<p>Cette d\u00e9couverte alimente ainsi un d\u00e9bat br\u00fblant\u00a0: les N\u00e9andertaliens \u00e9taient-ils artistes\u00a0? \u00ab\u00a0Le fait que le galet ait \u00e9t\u00e9 choisi pour son apparence puis marqu\u00e9 \u00e0 l&rsquo;ocre montre qu&rsquo;il existait un esprit humain capable de symboliser, d&rsquo;imaginer, d&rsquo;id\u00e9aliser et de projeter ses pens\u00e9es sur un objet\u00a0\u00bb, \u00e9crivent-ils dans leur article.<\/p>\n<p>Une conclusion renforc\u00e9e par une r\u00e9flexion plus large\u00a0: \u00ab\u00a0\u202fTrois processus cognitifs fondamentaux sont impliqu\u00e9s dans la cr\u00e9ation artistique\u00a0: la conception mentale d&rsquo;une image, la communication d\u00e9lib\u00e9r\u00e9e et l&rsquo;attribution de signification. Ce galet pourrait donc repr\u00e9senter l&rsquo;une des plus anciennes abstractions connues d&rsquo;un visage humain dans les archives pr\u00e9historiques, selon la th\u00e9orie de la par\u00e9idolie du visage\u00a0\u00bb.<\/p>\n<p>Pour David \u00c1lvarez Alonso, cette pierre doit faire r\u00e9fl\u00e9chir. \u00ab\u00a0Pourquoi un N\u00e9andertalien l&rsquo;aurait-il vu diff\u00e9remment de la mani\u00e8re dont nous le voyons aujourd&rsquo;hui\u00a0? Ils \u00e9taient humains eux aussi.\u00a0\u00bb Il regrette un pr\u00e9jug\u00e9 persistant sur cette esp\u00e8ce. Il est vrai que si un galet portant un point rouge avait \u00e9t\u00e9 fa\u00e7onn\u00e9 il y a 5\u00a0000 ans par <a href=\"https:\/\/www.geo.fr\/histoire\/quelles-sont-les-differences-entre-homo-sapiens-et-lhomme-de-neandertal-206941\" target=\"_blank\" rel=\"noopener\">Homo sapiens<\/a>, personne n&rsquo;h\u00e9siterait \u00e0 l&rsquo;appeler une \u0153uvre d&rsquo;art portative. Mais l&rsquo;attribution de comportements symboliques \u00e0 N\u00e9andertal fait depuis longtemps grincer des dents dans la communaut\u00e9 scientifique. Trop \u00ab\u00a0rustique\u00a0\u00bb, notre cousin \u00e9teint \u00e9tait cens\u00e9 ignorer les abstractions.<\/p>\n<p>Ces derni\u00e8res ann\u00e9es, les trouvailles se sont pourtant multipli\u00e9es\u00a0: des coquillages peints \u00e0 l&rsquo;ocre \u00e0 <a href=\"https:\/\/www.nationalgeographic.fr\/histoire\/les-plus-anciennes-peintures-rupestres-seraient-loeuvre-de-neandertaliens\" target=\"_blank\" rel=\"noopener\">Cueva de los Aviones <\/a>(Espagne) aux gravures abstraites de la <a href=\"https:\/\/www.hominides.com\/un-signe-grave-dans-la-grotte-de-gorham\/\" target=\"_blank\" rel=\"noopener\">grotte de Gorham<\/a> (Gibraltar), en passant par les griffes d&rsquo;aigle transform\u00e9es en parures \u00e0 <a href=\"https:\/\/www.hominides.com\/une-parure-neandertalienne-a-krapina-il-y-a-130-00-ans\/\" target=\"_blank\" rel=\"noopener\">Krapina<\/a> (Croatie) et l&rsquo;os grav\u00e9 de la <a href=\"https:\/\/www.hominides.com\/une-phalange-de-megaceros-gravee-par-neandertal\/\" target=\"_blank\" rel=\"noopener\">Grotte de la Licorne<\/a> (Allemagne)\u2026 et d\u00e9sormais, un galet aux allures de totem.<\/p>\n<p>Tous ces objets portent la trace de gestes intentionnels, r\u00e9p\u00e9titifs, d\u00e9nu\u00e9s de fonction pratique, sugg\u00e9rant une forme d&rsquo;expression cod\u00e9e \u2013 peut-\u00eatre rituelle, identitaire, ou simplement humaine. Assez, en tout cas, pour inviter \u00e0 repenser les fronti\u00e8res de l&rsquo;<a href=\"https:\/\/www.geo.fr\/histoire\/les-artisans-prehistoriques-creaient-deja-des-contrefacons-de-fausses-perles-d-ambre-222701\" target=\"_blank\" rel=\"noopener\">art pr\u00e9historique<\/a>.<\/p>\n<\/p>\n<p>\t\t\t<script async src=\"https:\/\/platform.twitter.com\/widgets.js\" charset=\"utf-8\"><\/script><\/p>\n","protected":false},"excerpt":{"rendered":"Il y a environ 43\u00a0000 ans, ans ce qui est aujourd&rsquo;hui le centre de l&rsquo;Espagne, un homme de&hellip;\n","protected":false},"author":2,"featured_media":135564,"comment_status":"","ping_status":"","sticky":false,"template":"","format":"standard","meta":{"footnotes":""},"categories":[7],"tags":[26147,3734,1011,27,26150,26148,26149,43,40,41,39,42,44],"class_list":{"0":"post-135563","1":"post","2":"type-post","3":"status-publish","4":"format-standard","5":"has-post-thumbnail","7":"category-sciences-et-technologies","8":"tag-archu00e9ologie","9":"tag-art","10":"tag-fr","11":"tag-france","12":"tag-nu00e9andertal","13":"tag-palu00e9ontologie","14":"tag-pru00e9histoire","15":"tag-science","16":"tag-science-and-technology","17":"tag-sciences","18":"tag-sciences-et-technologies","19":"tag-technologies","20":"tag-technology"},"share_on_mastodon":{"url":"https:\/\/pubeurope.com\/@fr\/114588211418819589","error":""},"_links":{"self":[{"href":"https:\/\/www.europesays.com\/fr\/wp-json\/wp\/v2\/posts\/135563","targetHints":{"allow":["GET"]}}],"collection":[{"href":"https:\/\/www.europesays.com\/fr\/wp-json\/wp\/v2\/posts"}],"about":[{"href":"https:\/\/www.europesays.com\/fr\/wp-json\/wp\/v2\/types\/post"}],"author":[{"embeddable":true,"href":"https:\/\/www.europesays.com\/fr\/wp-json\/wp\/v2\/users\/2"}],"replies":[{"embeddable":true,"href":"https:\/\/www.europesays.com\/fr\/wp-json\/wp\/v2\/comments?post=135563"}],"version-history":[{"count":0,"href":"https:\/\/www.europesays.com\/fr\/wp-json\/wp\/v2\/posts\/135563\/revisions"}],"wp:featuredmedia":[{"embeddable":true,"href":"https:\/\/www.europesays.com\/fr\/wp-json\/wp\/v2\/media\/135564"}],"wp:attachment":[{"href":"https:\/\/www.europesays.com\/fr\/wp-json\/wp\/v2\/media?parent=135563"}],"wp:term":[{"taxonomy":"category","embeddable":true,"href":"https:\/\/www.europesays.com\/fr\/wp-json\/wp\/v2\/categories?post=135563"},{"taxonomy":"post_tag","embeddable":true,"href":"https:\/\/www.europesays.com\/fr\/wp-json\/wp\/v2\/tags?post=135563"}],"curies":[{"name":"wp","href":"https:\/\/api.w.org\/{rel}","templated":true}]}}