{"id":135568,"date":"2025-05-29T00:10:08","date_gmt":"2025-05-29T00:10:08","guid":{"rendered":"https:\/\/www.europesays.com\/fr\/135568\/"},"modified":"2025-05-29T00:10:08","modified_gmt":"2025-05-29T00:10:08","slug":"incredulite-degout-et-ecoeurement","status":"publish","type":"post","link":"https:\/\/www.europesays.com\/fr\/135568\/","title":{"rendered":"\u00ab Incr\u00e9dulit\u00e9, d\u00e9go\u00fbt et \u00e9c\u0153urement \u00bb"},"content":{"rendered":"<p>            Par<br \/>\n        <strong><br \/>\n            <a href=\"https:\/\/actu.fr\/auteur\/ludivine-laniepce\" title=\"Consulter tous les articles de Ludivine Laniepce\" rel=\"nofollow noopener\" target=\"_blank\">Ludivine Laniepce<\/a><br \/>\n        <\/strong><\/p>\n<p>        Publi\u00e9 le<\/p>\n<p>            28 mai 2025 \u00e0 20h56        <\/p>\n<p><b>Laurent Lechapelays <\/b>est le directeur dioc\u00e9sain de l\u2019enseignement catholique dans la Manche. Il est aussi l\u2019ancien directeur de l\u2019Institut Saint-L\u00f4 d\u2019Agneaux, d\u00e9sign\u00e9 comme \u00e9tant l\u2019un des lieux o\u00f9 aurait \u00e9t\u00e9 commises des agressions sexuelles sur mineurs il y a quelques d\u00e9cennies. Il est aujourd\u2019hui pleinement engag\u00e9 dans <a href=\"https:\/\/actu.fr\/faits-divers\/agressions-sexuelles-sur-mineurs-dans-la-manche-le-diocese-lance-un-appel-a-temoignages_62700087.html\" rel=\"nofollow noopener\" target=\"_blank\">l\u2019appel \u00e0 t\u00e9moignages conjointement lanc\u00e9 avec le dioc\u00e8se de Coutances et Avranches<\/a>.<\/p>\n<p class=\"ac-article-content__question wall-content\">Pouvez-vous nous d\u00e9crire l\u2019Institut Saint-L\u00f4 d\u2019Agneaux\u2009?<\/p>\n<p class=\" wall-content\">Nous avons f\u00eat\u00e9 son centenaire il y a quelques ann\u00e9es. Comme Avranches, c\u2019est un \u00e9tablissement type petit s\u00e9minaire qui \u00e9tait \u00e0 l\u2019origine dirig\u00e9 par des p\u00e8res de l\u2019Oratoire avant de devenir un \u00e9tablissement dioc\u00e9sain dans les ann\u00e9es 1960. Il compte \u00e9galement un internat pour les coll\u00e9giens et les lyc\u00e9es qui accueille toujours plusieurs centaines d\u2019\u00e9l\u00e8ves.<\/p>\n<p class=\"ac-article-content__question wall-content\">Quelle a \u00e9t\u00e9 votre r\u00e9action face \u00e0 ces t\u00e9moignages\u2009?<\/p>\n<p class=\" wall-content\">Il y a eu le rapport de la Commission ind\u00e9pendante sur les abus sexuels dans l\u2019\u00c9glise en 2021, puis B\u00e9tharram\u2026 Mon v\u00e9cu\u2009? L\u2019incr\u00e9dulit\u00e9. Nous sommes des \u00e9ducateurs, des \u00e9ducateurs chr\u00e9tiens. Notre p\u00e9dagogie \u00e9ducative int\u00e8gre le c\u0153ur, le corps et l\u2019\u00e2me. La voir d\u00e9voy\u00e9e est insupportable. Je ressens du d\u00e9go\u00fbt et de l\u2019\u00e9c\u0153urement, ces situations sont abjectes. La souffrance de ces personnes demeure malgr\u00e9 la prescription. Nous avons donc \u00e9t\u00e9 proactifs. Notre volont\u00e9 n\u2019\u00e9tait pas de nous excuser mais de prendre notre courage \u00e0 deux mains pour inviter toutes les victimes potentielles \u00e0 se lib\u00e9rer de ce fardeau. La moindre des choses que l\u2019on puisse faire, c\u2019est \u00e7a.<\/p>\n<p class=\"ac-article-content__question wall-content\">Sur quels outils pouvez-vous compter pour prot\u00e9ger les \u00e9l\u00e8ves d\u2019aujourd\u2019hui\u2009?<\/p>\n<p class=\" wall-content\">Face aux questions de maltraitance, nous disposons du plan \u00ab\u2009boussole\u2009\u00bb, comparable au programme \u00ab\u2009Phare\u2009\u00bb contre le harc\u00e8lement dans les \u00e9tablissements publics. Nous coconstruisons un environnement de bientraitance dont nous sommes tous responsables. Nous mettons en place un r\u00e9f\u00e9rent \u00ab\u2009bientraitance\u2009\u00bb dans chaque \u00e9tablissement et il y a une commission \u00ab\u2009bientraitance\u2009\u00bb \u00e0 l\u2019\u00e9chelle du dioc\u00e8se. C\u2019est comme une cellule de veille ou de crise, avec des psychologues, des repr\u00e9sentants de la pastorale\u2026 Aucune souffrance ne doit passer dans les mailles du filet.<\/p>\n<p>Cellule d\u2019\u00e9coute du dioc\u00e8se accessible par t\u00e9l\u00e9phone au 06\u200938\u200952\u200960\u200933 ou en \u00e9crivant \u00e0 <a href=\"https:\/\/actu.fr\/cdn-cgi\/l\/email-protection\" class=\"__cf_email__\" data-cfemail=\"5929382b36353c3d3c2f303a2d30343c2a193d30363a3c2a3c6c69773f2b\" rel=\"nofollow noopener\" target=\"_blank\">[email\u00a0protected]<\/a>.<\/p>\n<p class=\" wall-content\">Suivez toute l\u2019actualit\u00e9 de vos villes et m\u00e9dias favoris en vous inscrivant \u00e0 <a href=\"https:\/\/moncompte.actu.fr\" title=\"D\u00e9couvez Mon Actu\" rel=\"nofollow noopener\" data-trk=\"{&quot;cta&quot;:{&quot;action&quot;:&quot;https:\\\/\\\/moncompte.actu.fr&quot;,&quot;category&quot;:&quot;mon compte&quot;,&quot;from&quot;:&quot;article footer&quot;,&quot;name&quot;:&quot;Mon actu&quot;,&quot;type&quot;:&quot;cta&quot;}}\" target=\"_blank\">Mon Actu<\/a>.<\/p>\n","protected":false},"excerpt":{"rendered":"Par Ludivine Laniepce Publi\u00e9 le 28 mai 2025 \u00e0 20h56 Laurent Lechapelays est le directeur dioc\u00e9sain de l\u2019enseignement&hellip;\n","protected":false},"author":2,"featured_media":135569,"comment_status":"","ping_status":"","sticky":false,"template":"","format":"standard","meta":{"footnotes":""},"categories":[4],"tags":[11,3168,118,1011,27,12,4020,25,799],"class_list":{"0":"post-135568","1":"post","2":"type-post","3":"status-publish","4":"format-standard","5":"has-post-thumbnail","7":"category-france","8":"tag-actualites","9":"tag-cotentin","10":"tag-faits-divers","11":"tag-fr","12":"tag-france","13":"tag-news","14":"tag-religion","15":"tag-republique-francaise","16":"tag-violences-sexuelles"},"share_on_mastodon":{"url":"https:\/\/pubeurope.com\/@fr\/114588223031509754","error":""},"_links":{"self":[{"href":"https:\/\/www.europesays.com\/fr\/wp-json\/wp\/v2\/posts\/135568","targetHints":{"allow":["GET"]}}],"collection":[{"href":"https:\/\/www.europesays.com\/fr\/wp-json\/wp\/v2\/posts"}],"about":[{"href":"https:\/\/www.europesays.com\/fr\/wp-json\/wp\/v2\/types\/post"}],"author":[{"embeddable":true,"href":"https:\/\/www.europesays.com\/fr\/wp-json\/wp\/v2\/users\/2"}],"replies":[{"embeddable":true,"href":"https:\/\/www.europesays.com\/fr\/wp-json\/wp\/v2\/comments?post=135568"}],"version-history":[{"count":0,"href":"https:\/\/www.europesays.com\/fr\/wp-json\/wp\/v2\/posts\/135568\/revisions"}],"wp:featuredmedia":[{"embeddable":true,"href":"https:\/\/www.europesays.com\/fr\/wp-json\/wp\/v2\/media\/135569"}],"wp:attachment":[{"href":"https:\/\/www.europesays.com\/fr\/wp-json\/wp\/v2\/media?parent=135568"}],"wp:term":[{"taxonomy":"category","embeddable":true,"href":"https:\/\/www.europesays.com\/fr\/wp-json\/wp\/v2\/categories?post=135568"},{"taxonomy":"post_tag","embeddable":true,"href":"https:\/\/www.europesays.com\/fr\/wp-json\/wp\/v2\/tags?post=135568"}],"curies":[{"name":"wp","href":"https:\/\/api.w.org\/{rel}","templated":true}]}}