{"id":135572,"date":"2025-05-29T00:12:17","date_gmt":"2025-05-29T00:12:17","guid":{"rendered":"https:\/\/www.europesays.com\/fr\/135572\/"},"modified":"2025-05-29T00:12:17","modified_gmt":"2025-05-29T00:12:17","slug":"saint-etienne-metropole-les-decheteries-fermees-pour-le-jeudi-de-lascension","status":"publish","type":"post","link":"https:\/\/www.europesays.com\/fr\/135572\/","title":{"rendered":"Saint-\u00c9tienne M\u00e9tropole : les d\u00e9ch\u00e8teries ferm\u00e9es pour le jeudi de l&rsquo;Ascension"},"content":{"rendered":"<p>Les 13 d\u00e9ch\u00e8teries de Saint-\u00c9tienne M\u00e9tropole resteront ferm\u00e9es, ce jeudi 29 mai, pour l&rsquo;Ascension. En revanche, les collectes de d\u00e9chets habituellement effectu\u00e9es seront assur\u00e9es.<\/p>\n<p>Attention si vous avez pr\u00e9vu de bricoler ou jardiner pour ce week-end prolong\u00e9.<\/p>\n<p>\u00c0 l&rsquo;occasion de l&rsquo;<b>Ascension<\/b>,<b> les 13 d\u00e9ch\u00e8teries de Saint-\u00c9tienne M\u00e9tropole<\/b> seront ferm\u00e9es, <b>ce jeudi 29 mai<\/b>. Pour rappel, elles sont \u00e9galement ferm\u00e9es le dimanche.<\/p>\n<p>En revanche, les diff\u00e9rents sites seront ouverts aux horaires habituels ce mercredi 28 mai, comme vendredi 30 et samedi 31 mai.<\/p>\n<p>M\u00eame organisation pour Pentec\u00f4te<\/p>\n<p>Par ailleurs, concernant le <b>ramassage des d\u00e9chets<\/b>, <a class=\"url\" href=\"https:\/\/www.semlemag.fr\/dossiers\/dechets\/ferie-impact-sur-le-service-des-dechets\/\" target=\"_blank\" rel=\"nofollow noopener\">la M\u00e9tropole<\/a> pr\u00e9cise que \u00ab\u00a0toutes les collectes habituellement effectu\u00e9es le jeudi en semaine A seront <b>assur\u00e9es normalement<\/b>\u00ab\u00a0.<\/p>\n<p>\u00c0 noter que la m\u00eame organisation sera mise en place <b>lundi 9 juin<\/b>, pour <b>Pentec\u00f4te <\/b>(d\u00e9ch\u00e8teries ferm\u00e9es et collectes assur\u00e9es).<\/p>\n<p><img loading=\"lazy\" decoding=\"async\" src=\"https:\/\/www.europesays.com\/fr\/wp-content\/uploads\/2025\/05\/1748477537_367_img\" width=\"350\" height=\"200\" border=\"0\" title=\"Les poubelles d\u00c3\u00a9bordent \u00c3\u00a0 Saint-\u00c3\u0089tienne\"\/><\/p>\n<p>\u25baSoci\u00e9t\u00e9<\/p>\n<p style=\"font-size: 22px;\"><b>Saint-\u00c9tienne : fin de la gr\u00e8ve des \u00e9boueurs !<\/b><\/p>\n<p>\u00c0 la suite d&rsquo;une r\u00e9union entre la CGT et Saint-\u00c9tienne&#8230;<\/p>\n<p><\/p>\n","protected":false},"excerpt":{"rendered":"Les 13 d\u00e9ch\u00e8teries de Saint-\u00c9tienne M\u00e9tropole resteront ferm\u00e9es, ce jeudi 29 mai, pour l&rsquo;Ascension. En revanche, les collectes&hellip;\n","protected":false},"author":2,"featured_media":135573,"comment_status":"","ping_status":"","sticky":false,"template":"","format":"standard","meta":{"footnotes":""},"categories":[9653],"tags":[1111,11,25159,2430,10957,26151,21807,1777,674,26152,1011,27,10958,12,9662,25,9920,4001],"class_list":{"0":"post-135572","1":"post","2":"type-post","3":"status-publish","4":"format-standard","5":"has-post-thumbnail","7":"category-saint-etienne","8":"tag-actu","9":"tag-actualites","10":"tag-ascension","11":"tag-auvergne-rhone-alpes","12":"tag-collecte","13":"tag-dchterie","14":"tag-dchet","15":"tag-eu","16":"tag-europe","17":"tag-fri","18":"tag-fr","19":"tag-france","20":"tag-mtropole","21":"tag-news","22":"tag-poubelle","23":"tag-republique-francaise","24":"tag-saint-tienne","25":"tag-saint-etienne"},"share_on_mastodon":{"url":"https:\/\/pubeurope.com\/@fr\/114588230945211650","error":""},"_links":{"self":[{"href":"https:\/\/www.europesays.com\/fr\/wp-json\/wp\/v2\/posts\/135572","targetHints":{"allow":["GET"]}}],"collection":[{"href":"https:\/\/www.europesays.com\/fr\/wp-json\/wp\/v2\/posts"}],"about":[{"href":"https:\/\/www.europesays.com\/fr\/wp-json\/wp\/v2\/types\/post"}],"author":[{"embeddable":true,"href":"https:\/\/www.europesays.com\/fr\/wp-json\/wp\/v2\/users\/2"}],"replies":[{"embeddable":true,"href":"https:\/\/www.europesays.com\/fr\/wp-json\/wp\/v2\/comments?post=135572"}],"version-history":[{"count":0,"href":"https:\/\/www.europesays.com\/fr\/wp-json\/wp\/v2\/posts\/135572\/revisions"}],"wp:featuredmedia":[{"embeddable":true,"href":"https:\/\/www.europesays.com\/fr\/wp-json\/wp\/v2\/media\/135573"}],"wp:attachment":[{"href":"https:\/\/www.europesays.com\/fr\/wp-json\/wp\/v2\/media?parent=135572"}],"wp:term":[{"taxonomy":"category","embeddable":true,"href":"https:\/\/www.europesays.com\/fr\/wp-json\/wp\/v2\/categories?post=135572"},{"taxonomy":"post_tag","embeddable":true,"href":"https:\/\/www.europesays.com\/fr\/wp-json\/wp\/v2\/tags?post=135572"}],"curies":[{"name":"wp","href":"https:\/\/api.w.org\/{rel}","templated":true}]}}