{"id":135589,"date":"2025-05-29T00:22:20","date_gmt":"2025-05-29T00:22:20","guid":{"rendered":"https:\/\/www.europesays.com\/fr\/135589\/"},"modified":"2025-05-29T00:22:20","modified_gmt":"2025-05-29T00:22:20","slug":"grenoble-menace-dune-greve-des-transports-mtag-la-recreation-est-terminee","status":"publish","type":"post","link":"https:\/\/www.europesays.com\/fr\/135589\/","title":{"rendered":"Grenoble. Menace d&rsquo;une gr\u00e8ve des transports MTag : \u00ab\u00a0La r\u00e9cr\u00e9ation est termin\u00e9e\u00a0\u00bb"},"content":{"rendered":"<p>            Par<br \/>\n        <strong><br \/>\n            <a href=\"https:\/\/actu.fr\/auteur\/lisa-rodrigues\" title=\"Consulter tous les articles de Lisa Rodrigues\" target=\"_blank\" rel=\"noopener\">Lisa Rodrigues<\/a><br \/>\n        <\/strong><\/p>\n<p>        Publi\u00e9 le<\/p>\n<p>            28 mai 2025 \u00e0 13h26        <\/p>\n<p>\u00ab\u00a0La r\u00e9cr\u00e9ation est termin\u00e9e.\u00a0\u00bb L\u2019intersyndicale de <a href=\"https:\/\/actu.fr\/auvergne-rhone-alpes\/grenoble_38185\/grenoble-nouveaux-bus-tramways-les-transports-de-la-metropole-changent-de-visage_62518849.html\" target=\"_blank\" rel=\"noopener\">MTag<\/a>, le r\u00e9seau de bus et tramways de l\u2019agglom\u00e9ration de <a href=\"https:\/\/actu.fr\/auvergne-rhone-alpes\/grenoble_38185\" target=\"_blank\" rel=\"noopener\">Grenoble<\/a>, donne le ton dans un communiqu\u00e9 transmis \u00e0 la presse, mardi 27 mai.\u00a0<br \/>Les syndicats FO, Solidaires, SAPS-UNSA et CFE-CGC d\u00e9noncent un contrat d\u2019OPS (obligations de service public) \u00ab\u00a0rejet\u00e9 par toutes les organisations syndicales\u00a0\u00bb sign\u00e9 par la direction qui veut \u00ab\u00a0<strong>augmenter les cadences et la productivit\u00e9<\/strong>, au m\u00e9pris des conditions de travail\u00a0\u00bb. Et ils pr\u00e9viennent : ils sont <strong>pr\u00eats \u00e0 faire gr\u00e8ve <\/strong>pour se faire entendre.<\/p>\n<p>\u00ab\u00a0Nous ne sommes pas des agents corv\u00e9ables et jetables\u00a0\u00bb<\/p>\n<p class=\" wall-content\">\u00ab\u00a0On a discut\u00e9 pendant des semaines avec la direction, insiste Fernando Martins, secr\u00e9taire et d\u00e9l\u00e9gu\u00e9 syndical FO chez MTag, aupr\u00e8s d\u2019<a href=\"https:\/\/actu.fr\/grenoble\/\" target=\"_blank\" rel=\"noopener\">actu Grenoble<\/a>. Depuis la sortie de la crise sanitaire, il y a eu une r\u00e9organisation du travail et une optimisation pour faire des \u00e9conomies.\u00a0\u00bb<\/p>\n<p class=\" wall-content\">Une nouvelle mani\u00e8re de fonctionner qui ne convient pas aux agents, selon l\u2019intersyndicale.<\/p>\n<blockquote class=\"ac-article-quote wall-content\">\n<p>On a des taux records d&rsquo;absent\u00e9isme, environ 15%. Les effectifs sont fatigu\u00e9s, ils n&rsquo;en peuvent plus.<\/p>\n<p>    <strong>Fernando Martins<\/strong><br \/>\n        Secr\u00e9taire et d\u00e9l\u00e9gu\u00e9 syndical FO chez MTag    <\/p><\/blockquote>\n<p class=\" wall-content\">Entre des \u00ab\u00a0horaires d\u00e9cousus\u00a0\u00bb et des <strong>journ\u00e9es rallong\u00e9es \u00e0 effectifs constants<\/strong>, les syndicats ne veulent pas entendre parler d\u2019un renforcement de ces mesures. \u00ab\u00a0Nous ne sommes pas des agents corv\u00e9ables et jetables.\u00a0\u00bb<\/p>\n<p class=\" wall-content\">\u00ab\u00a0Prenez un conducteur sur la ligne de tramway A, continue le syndicaliste. Un tour, c\u2019est deux heures. Aujourd\u2019hui, les agents font trois tours. Demain, on va leur demander de faire trois tours et demi. Ils sont claqu\u00e9s \u00e0 la fin et dans ces moments-l\u00e0, il y a <strong>plus de risques d\u2019accidents de travail<\/strong>.\u00a0\u00bb\u00a0<\/p>\n<p>Une gr\u00e8ve envisag\u00e9e en juin<\/p>\n<p class=\" wall-content\">Cette augmentation de la cadence ne touche pas seulement les conducteurs : les <a href=\"https:\/\/actu.fr\/auvergne-rhone-alpes\/grenoble_38185\/grenoble-comme-a-paris-une-methode-polemique-de-controle-testee-dans-les-bus-et-trams_60932067.html\" target=\"_blank\" rel=\"noopener\">agents de contr\u00f4le<\/a> ou ceux dans les services administratifs sont aussi concern\u00e9s, d\u2019apr\u00e8s Fernando Martins. \u00ab\u00a0On leur donne des t\u00e2ches suppl\u00e9mentaires sans augmenter les effectifs.\u00a0\u00bb\u00a0<\/p>\n<p class=\" wall-content\">L\u2019intersyndicale a donc accentu\u00e9 la pression, en brandissant <strong>la menace d\u2019une gr\u00e8ve<\/strong> pour le 20 et 21 juin, jour de la F\u00eate de la musique. \u00ab\u00a0Une notification avant pr\u00e9avis de gr\u00e8ve sera d\u00e9pos\u00e9e dans les prochains jours\u00a0\u00bb, assurent les syndicats dans leur communiqu\u00e9 fin mai.<\/p>\n<p class=\" wall-content\">Et si \u00ab\u00a0rien ne bouge\u00a0\u00bb d\u2019ici l\u00e0, ils se r\u00e9servent le droit de poursuivre le mouvement et de \u00ab\u00a0pr\u00e9parer une <strong>mobilisation d\u2019ampleur pour la rentr\u00e9e<\/strong>\u00ab\u00a0.\u00a0<\/p>\n<p>\u00ab\u00a0Le parti du tour de force\u00a0\u00bb<\/p>\n<p class=\" wall-content\">Contact\u00e9 par la r\u00e9daction, MR\u00e9so (l\u2019entit\u00e9 qui regroupe l\u2019ensemble des transports de l\u2019agglom\u00e9ration, dont MTag) confirme que des \u00ab\u00a0discussions avec les organisations repr\u00e9sentatives du personnel au sujet <strong>d\u2019\u00e9volutions de l\u2019organisation de la conduite<\/strong> bus et tram\u00a0\u00bb ont \u00e9t\u00e9 entreprises derni\u00e8rement.\u00a0<\/p>\n<p class=\" wall-content\">Concernant la menace de gr\u00e8ve, \u00ab\u00a0la direction regrette que le d\u00e9bat raisonn\u00e9 et raisonnable ne puisse pas avoir lieu sereinement, et que les organisations syndicales ne prennent le parti du tour de force\u00a0\u00bb. Tout en indiquant rester \u00ab\u00a0ouverte \u00e0 la discussion\u00a0\u00bb.<\/p>\n<p class=\" wall-content\">Suivez toute l\u2019actualit\u00e9 de vos villes et m\u00e9dias favoris en vous inscrivant \u00e0 <a href=\"https:\/\/moncompte.actu.fr\" title=\"D\u00e9couvez Mon Actu\" rel=\"nofollow noopener\" data-trk=\"{&quot;cta&quot;:{&quot;action&quot;:&quot;https:\\\/\\\/moncompte.actu.fr&quot;,&quot;category&quot;:&quot;mon compte&quot;,&quot;from&quot;:&quot;article footer&quot;,&quot;name&quot;:&quot;Mon actu&quot;,&quot;type&quot;:&quot;cta&quot;}}\" target=\"_blank\">Mon Actu<\/a>.<\/p>\n","protected":false},"excerpt":{"rendered":"Par Lisa Rodrigues Publi\u00e9 le 28 mai 2025 \u00e0 13h26 \u00ab\u00a0La r\u00e9cr\u00e9ation est termin\u00e9e.\u00a0\u00bb L\u2019intersyndicale de MTag, le&hellip;\n","protected":false},"author":2,"featured_media":135590,"comment_status":"","ping_status":"","sticky":false,"template":"","format":"standard","meta":{"footnotes":""},"categories":[9566],"tags":[1111,11,2430,1777,674,1011,27,2731,6151,12,25,104,3427,8194],"class_list":{"0":"post-135589","1":"post","2":"type-post","3":"status-publish","4":"format-standard","5":"has-post-thumbnail","7":"category-grenoble","8":"tag-actu","9":"tag-actualites","10":"tag-auvergne-rhone-alpes","11":"tag-eu","12":"tag-europe","13":"tag-fr","14":"tag-france","15":"tag-grenoble","16":"tag-greve","17":"tag-news","18":"tag-republique-francaise","19":"tag-societe","20":"tag-syndicats","21":"tag-transport-de-lagglomeration-grenobloise-tag"},"share_on_mastodon":{"url":"https:\/\/pubeurope.com\/@fr\/114588270162673018","error":""},"_links":{"self":[{"href":"https:\/\/www.europesays.com\/fr\/wp-json\/wp\/v2\/posts\/135589","targetHints":{"allow":["GET"]}}],"collection":[{"href":"https:\/\/www.europesays.com\/fr\/wp-json\/wp\/v2\/posts"}],"about":[{"href":"https:\/\/www.europesays.com\/fr\/wp-json\/wp\/v2\/types\/post"}],"author":[{"embeddable":true,"href":"https:\/\/www.europesays.com\/fr\/wp-json\/wp\/v2\/users\/2"}],"replies":[{"embeddable":true,"href":"https:\/\/www.europesays.com\/fr\/wp-json\/wp\/v2\/comments?post=135589"}],"version-history":[{"count":0,"href":"https:\/\/www.europesays.com\/fr\/wp-json\/wp\/v2\/posts\/135589\/revisions"}],"wp:featuredmedia":[{"embeddable":true,"href":"https:\/\/www.europesays.com\/fr\/wp-json\/wp\/v2\/media\/135590"}],"wp:attachment":[{"href":"https:\/\/www.europesays.com\/fr\/wp-json\/wp\/v2\/media?parent=135589"}],"wp:term":[{"taxonomy":"category","embeddable":true,"href":"https:\/\/www.europesays.com\/fr\/wp-json\/wp\/v2\/categories?post=135589"},{"taxonomy":"post_tag","embeddable":true,"href":"https:\/\/www.europesays.com\/fr\/wp-json\/wp\/v2\/tags?post=135589"}],"curies":[{"name":"wp","href":"https:\/\/api.w.org\/{rel}","templated":true}]}}