{"id":135595,"date":"2025-05-29T00:25:35","date_gmt":"2025-05-29T00:25:35","guid":{"rendered":"https:\/\/www.europesays.com\/fr\/135595\/"},"modified":"2025-05-29T00:25:35","modified_gmt":"2025-05-29T00:25:35","slug":"une-jeune-femme-saute-dun-pont-au-dessus-de-la-rn-24","status":"publish","type":"post","link":"https:\/\/www.europesays.com\/fr\/135595\/","title":{"rendered":"une jeune femme saute d\u2019un pont au-dessus de la RN 24"},"content":{"rendered":"<p>            Par<br \/>\n        <strong><br \/>\n            <a href=\"https:\/\/actu.fr\/auteur\/journaliste-pl\" title=\"Consulter tous les articles de R\u00e9daction Plo\u00ebrmel\" rel=\"nofollow noopener\" target=\"_blank\">R\u00e9daction Plo\u00ebrmel<\/a><br \/>\n        <\/strong><\/p>\n<p>        Publi\u00e9 le<\/p>\n<p>            28 mai 2025 \u00e0 16h43        <\/p>\n<p>Les faits se sont produits sur la\u00a0<b>route nationale 24\u00a0<\/b>entre Rennes et Lorient mardi <b>27\u00a0mai 2025\u00a0<\/b>en fin de journ\u00e9e. Les\u00a0<b>secours\u00a0<\/b>sont intervenus \u00e0 hauteur de Pl\u00e9lan-le-Grand (<b>Ille-et-Vilaine<\/b>).<\/p>\n<p class=\" wall-content\">L\u2019alerte a \u00e9t\u00e9 donn\u00e9e peu apr\u00e8s 19h. \u00ab\u2009Une jeune fille qui se trouvait sur la passerelle pour les pi\u00e9tons qui surplombe la RN 24 a saut\u00e9\u2009\u00bb, communique la <b>gendarmerie<\/b>.<\/p>\n<p>Une jeune fille en \u00e9tat d\u2019urgence absolue<\/p>\n<p class=\" wall-content\">Les automobilistes pr\u00e9sents sur la voie rapide au moment des faits sont parvenus \u00e0 esquiver la jeune fille. Aucun accident n\u2019a \u00e9t\u00e9 \u00e0 d\u00e9plorer.<\/p>\n<p class=\" wall-content\">\u00c2g\u00e9e de 18 ans, elle a \u00e9t\u00e9 transport\u00e9e \u00ab\u2009au CHU de Rennes en <b>\u00e9tat d\u2019urgence absolue<\/b>\u2009\u00bb, informe la gendarmerie. Son \u00ab\u2009<b>pronostic vital \u00e9tait engag\u00e9<\/b>\u2009\u00bb, pr\u00e9cisent les militaires.<\/p>\n<p class=\" wall-content\">Les gendarmes de Montfort-sur-Meu et les pompiers sont intervenus sur les lieux. Des agents de la DIR Ouest \u00e9taient \u00e9galement pr\u00e9sents pour r\u00e9guler la circulation.<\/p>\n<p class=\" wall-content\">Suivez toute l\u2019actualit\u00e9 de vos villes et m\u00e9dias favoris en vous inscrivant \u00e0 <a href=\"https:\/\/moncompte.actu.fr\" title=\"D\u00e9couvez Mon Actu\" rel=\"nofollow noopener\" data-trk=\"{&quot;cta&quot;:{&quot;action&quot;:&quot;https:\\\/\\\/moncompte.actu.fr&quot;,&quot;category&quot;:&quot;mon compte&quot;,&quot;from&quot;:&quot;article footer&quot;,&quot;name&quot;:&quot;Mon actu&quot;,&quot;type&quot;:&quot;cta&quot;}}\" target=\"_blank\">Mon Actu<\/a>.<\/p>\n","protected":false},"excerpt":{"rendered":"Par R\u00e9daction Plo\u00ebrmel Publi\u00e9 le 28 mai 2025 \u00e0 16h43 Les faits se sont produits sur la\u00a0route nationale&hellip;\n","protected":false},"author":2,"featured_media":135596,"comment_status":"","ping_status":"","sticky":false,"template":"","format":"standard","meta":{"footnotes":""},"categories":[2821],"tags":[1111,11,829,1777,674,118,1011,27,3381,12,1311,584,25,26155],"class_list":{"0":"post-135595","1":"post","2":"type-post","3":"status-publish","4":"format-standard","5":"has-post-thumbnail","7":"category-rennes","8":"tag-actu","9":"tag-actualites","10":"tag-bretagne","11":"tag-eu","12":"tag-europe","13":"tag-faits-divers","14":"tag-fr","15":"tag-france","16":"tag-gendarmerie","17":"tag-news","18":"tag-pompiers","19":"tag-rennes","20":"tag-republique-francaise","21":"tag-route-nationale-24-rn-24"},"share_on_mastodon":{"url":"https:\/\/pubeurope.com\/@fr\/114588281994733758","error":""},"_links":{"self":[{"href":"https:\/\/www.europesays.com\/fr\/wp-json\/wp\/v2\/posts\/135595","targetHints":{"allow":["GET"]}}],"collection":[{"href":"https:\/\/www.europesays.com\/fr\/wp-json\/wp\/v2\/posts"}],"about":[{"href":"https:\/\/www.europesays.com\/fr\/wp-json\/wp\/v2\/types\/post"}],"author":[{"embeddable":true,"href":"https:\/\/www.europesays.com\/fr\/wp-json\/wp\/v2\/users\/2"}],"replies":[{"embeddable":true,"href":"https:\/\/www.europesays.com\/fr\/wp-json\/wp\/v2\/comments?post=135595"}],"version-history":[{"count":0,"href":"https:\/\/www.europesays.com\/fr\/wp-json\/wp\/v2\/posts\/135595\/revisions"}],"wp:featuredmedia":[{"embeddable":true,"href":"https:\/\/www.europesays.com\/fr\/wp-json\/wp\/v2\/media\/135596"}],"wp:attachment":[{"href":"https:\/\/www.europesays.com\/fr\/wp-json\/wp\/v2\/media?parent=135595"}],"wp:term":[{"taxonomy":"category","embeddable":true,"href":"https:\/\/www.europesays.com\/fr\/wp-json\/wp\/v2\/categories?post=135595"},{"taxonomy":"post_tag","embeddable":true,"href":"https:\/\/www.europesays.com\/fr\/wp-json\/wp\/v2\/tags?post=135595"}],"curies":[{"name":"wp","href":"https:\/\/api.w.org\/{rel}","templated":true}]}}