{"id":135605,"date":"2025-05-29T00:30:10","date_gmt":"2025-05-29T00:30:10","guid":{"rendered":"https:\/\/www.europesays.com\/fr\/135605\/"},"modified":"2025-05-29T00:30:10","modified_gmt":"2025-05-29T00:30:10","slug":"previsions-du-jeudi-29-mai-2025-7","status":"publish","type":"post","link":"https:\/\/www.europesays.com\/fr\/135605\/","title":{"rendered":"pr\u00e9visions du jeudi 29 mai 2025"},"content":{"rendered":"<p>Il va faire environ 19\u00b0C \u00e0 Nantes, aujourd&rsquo;hui. Le matin, un ciel avec des \u00e9claircies va progressivement remplacer les nuages. Les temp\u00e9ratures seront de 19\u00b0C. Un vent de sud-ouest rafra\u00eechira sensiblement l&rsquo;atmosph\u00e8re. Le soleil sera dominant, la garantie d&rsquo;un magnifique apr\u00e8s-midi ! La m\u00e9t\u00e9o va se r\u00e9chauffer avec une augmentation de plusieurs degr\u00e9s. Les maximales iront jusqu&rsquo;\u00e0 25\u00b0C alors que les minimales seront de 23\u00b0C. Les temp\u00e9ratures tourneront autour des 20\u00b0C dans la soir\u00e9e. Durant votre sommeil, dans la nuit de jeudi \u00e0 vendredi, le ciel sera clair.<\/p>\n<p>C&rsquo;est un soleil \u00e9clatant qui va briller demain sur Nantes. Une m\u00e9t\u00e9o plus chaude est \u00e0 pr\u00e9voir \u00e9tant donn\u00e9 que les temp\u00e9ratures vont conna\u00eetre une hausse. Les grosses chaleurs sont install\u00e9es. Avec des valeurs \u00e9chelonn\u00e9es entre 15 et 30\u00b0C. Il fera 23\u00b0C en moyenne. Un l\u00e9ger vent de nord-est sera ressenti par les habitants. Les temp\u00e9ratures vont enregistrer une augmentation de plusieurs degr\u00e9s dans l&rsquo;apr\u00e8s-midi. Les valeurs maximales attendues sont \u00e9lev\u00e9es, avec 30\u00b0C. Les valeurs s&rsquo;\u00e9chelonneront entre 29\u00b0C et 30\u00b0C.<\/p>\n<p>Le temps sera assez instable les prochains jours. \u00c0 la suite d&rsquo;une journ\u00e9e pluvieuse samedi, on pr\u00e9voit une am\u00e9lioration dimanche.<\/p>\n<p><\/p>\n","protected":false},"excerpt":{"rendered":"Il va faire environ 19\u00b0C \u00e0 Nantes, aujourd&rsquo;hui. Le matin, un ciel avec des \u00e9claircies va progressivement remplacer&hellip;\n","protected":false},"author":2,"featured_media":135606,"comment_status":"","ping_status":"","sticky":false,"template":"","format":"standard","meta":{"footnotes":""},"categories":[2818],"tags":[1111,11,1777,674,1011,27,3047,766,12,2636,2119,25],"class_list":{"0":"post-135605","1":"post","2":"type-post","3":"status-publish","4":"format-standard","5":"has-post-thumbnail","7":"category-nantes","8":"tag-actu","9":"tag-actualites","10":"tag-eu","11":"tag-europe","12":"tag-fr","13":"tag-france","14":"tag-loire-atlantique","15":"tag-nantes","16":"tag-news","17":"tag-pays-de-la-loire","18":"tag-previsions-meteo","19":"tag-republique-francaise"},"share_on_mastodon":{"url":"https:\/\/pubeurope.com\/@fr\/114588301734923254","error":""},"_links":{"self":[{"href":"https:\/\/www.europesays.com\/fr\/wp-json\/wp\/v2\/posts\/135605","targetHints":{"allow":["GET"]}}],"collection":[{"href":"https:\/\/www.europesays.com\/fr\/wp-json\/wp\/v2\/posts"}],"about":[{"href":"https:\/\/www.europesays.com\/fr\/wp-json\/wp\/v2\/types\/post"}],"author":[{"embeddable":true,"href":"https:\/\/www.europesays.com\/fr\/wp-json\/wp\/v2\/users\/2"}],"replies":[{"embeddable":true,"href":"https:\/\/www.europesays.com\/fr\/wp-json\/wp\/v2\/comments?post=135605"}],"version-history":[{"count":0,"href":"https:\/\/www.europesays.com\/fr\/wp-json\/wp\/v2\/posts\/135605\/revisions"}],"wp:featuredmedia":[{"embeddable":true,"href":"https:\/\/www.europesays.com\/fr\/wp-json\/wp\/v2\/media\/135606"}],"wp:attachment":[{"href":"https:\/\/www.europesays.com\/fr\/wp-json\/wp\/v2\/media?parent=135605"}],"wp:term":[{"taxonomy":"category","embeddable":true,"href":"https:\/\/www.europesays.com\/fr\/wp-json\/wp\/v2\/categories?post=135605"},{"taxonomy":"post_tag","embeddable":true,"href":"https:\/\/www.europesays.com\/fr\/wp-json\/wp\/v2\/tags?post=135605"}],"curies":[{"name":"wp","href":"https:\/\/api.w.org\/{rel}","templated":true}]}}