{"id":135617,"date":"2025-05-29T00:38:08","date_gmt":"2025-05-29T00:38:08","guid":{"rendered":"https:\/\/www.europesays.com\/fr\/135617\/"},"modified":"2025-05-29T00:38:08","modified_gmt":"2025-05-29T00:38:08","slug":"previsions-du-jeudi-29-mai-2025-8","status":"publish","type":"post","link":"https:\/\/www.europesays.com\/fr\/135617\/","title":{"rendered":"pr\u00e9visions du jeudi 29 mai 2025"},"content":{"rendered":"<p>Aujourd&rsquo;hui, un grand soleil brillera sur Marseille. Les temp\u00e9ratures avoisineront les 23\u00b0C. Un vent de nord-ouest est pr\u00e9vu : il soufflera \u00e0 27 km\/h. Les temp\u00e9ratures vont monter pendant l&rsquo;apr\u00e8s-midi de quelques degr\u00e9s. Les maximales iront jusqu&rsquo;\u00e0 27\u00b0C tandis que les minimales seront de 25\u00b0C. Pendant votre sommeil, dans la nuit de jeudi \u00e0 vendredi, le ciel sera clair.<\/p>\n<p>Demain, les Marseillais vont pouvoir b\u00e9n\u00e9ficier d&rsquo;un soleil magnifique. Une baisse des temp\u00e9ratures est attendue. Il fera 21\u00b0C en moyenne. Le matin, une modeste brise de sud-est sera ressentie par les habitants. Les temp\u00e9ratures seront comprises entre 22\u00b0C et 23\u00b0C dans l&rsquo;apr\u00e8s-midi. Demain soir, un vent de sud-est rafra\u00eechira l\u00e9g\u00e8rement l&rsquo;atmosph\u00e8re.<\/p>\n<p>Les jours qui suivent s&rsquo;annoncent similaires. Une m\u00e9t\u00e9o ensoleill\u00e9e, pour des temp\u00e9ratures de 22\u00b0C environ, est \u00e0 pr\u00e9voir.<\/p>\n<p><\/p>\n","protected":false},"excerpt":{"rendered":"Aujourd&rsquo;hui, un grand soleil brillera sur Marseille. Les temp\u00e9ratures avoisineront les 23\u00b0C. Un vent de nord-ouest est pr\u00e9vu&hellip;\n","protected":false},"author":2,"featured_media":135618,"comment_status":"","ping_status":"","sticky":false,"template":"","format":"standard","meta":{"footnotes":""},"categories":[2814],"tags":[1111,11,885,1777,674,1011,27,884,12,883,2119,882,25],"class_list":{"0":"post-135617","1":"post","2":"type-post","3":"status-publish","4":"format-standard","5":"has-post-thumbnail","7":"category-marseille","8":"tag-actu","9":"tag-actualites","10":"tag-bouches-du-rhone","11":"tag-eu","12":"tag-europe","13":"tag-fr","14":"tag-france","15":"tag-marseille","16":"tag-news","17":"tag-paca","18":"tag-previsions-meteo","19":"tag-provence-alpes-cote-dazur","20":"tag-republique-francaise"},"share_on_mastodon":{"url":"https:\/\/pubeurope.com\/@fr\/114588333214101166","error":""},"_links":{"self":[{"href":"https:\/\/www.europesays.com\/fr\/wp-json\/wp\/v2\/posts\/135617","targetHints":{"allow":["GET"]}}],"collection":[{"href":"https:\/\/www.europesays.com\/fr\/wp-json\/wp\/v2\/posts"}],"about":[{"href":"https:\/\/www.europesays.com\/fr\/wp-json\/wp\/v2\/types\/post"}],"author":[{"embeddable":true,"href":"https:\/\/www.europesays.com\/fr\/wp-json\/wp\/v2\/users\/2"}],"replies":[{"embeddable":true,"href":"https:\/\/www.europesays.com\/fr\/wp-json\/wp\/v2\/comments?post=135617"}],"version-history":[{"count":0,"href":"https:\/\/www.europesays.com\/fr\/wp-json\/wp\/v2\/posts\/135617\/revisions"}],"wp:featuredmedia":[{"embeddable":true,"href":"https:\/\/www.europesays.com\/fr\/wp-json\/wp\/v2\/media\/135618"}],"wp:attachment":[{"href":"https:\/\/www.europesays.com\/fr\/wp-json\/wp\/v2\/media?parent=135617"}],"wp:term":[{"taxonomy":"category","embeddable":true,"href":"https:\/\/www.europesays.com\/fr\/wp-json\/wp\/v2\/categories?post=135617"},{"taxonomy":"post_tag","embeddable":true,"href":"https:\/\/www.europesays.com\/fr\/wp-json\/wp\/v2\/tags?post=135617"}],"curies":[{"name":"wp","href":"https:\/\/api.w.org\/{rel}","templated":true}]}}