{"id":135619,"date":"2025-05-29T00:39:09","date_gmt":"2025-05-29T00:39:09","guid":{"rendered":"https:\/\/www.europesays.com\/fr\/135619\/"},"modified":"2025-05-29T00:39:09","modified_gmt":"2025-05-29T00:39:09","slug":"un-ambulancier-condamne-pour-avoir-escroque-26-millions-deuros-a-la-secu","status":"publish","type":"post","link":"https:\/\/www.europesays.com\/fr\/135619\/","title":{"rendered":"Un ambulancier condamn\u00e9 pour avoir escroqu\u00e9 2,6 millions d\u2019euros \u00e0 la S\u00e9cu"},"content":{"rendered":"<p><strong>R\u00c9CIDIVISTE &#8211; L\u2019argent d\u00e9tournait servait notamment \u00e0 financer une luxueuse propri\u00e9t\u00e9 ill\u00e9gale de 3.800 m2 et un train de vie fastueux. Il avait d\u00e9j\u00e0 \u00e9t\u00e9 jug\u00e9 pour la m\u00eame infraction en\u00a02012<\/strong><\/p>\n<p>A G\u00e9menos, dans les <a href=\"https:\/\/www.20minutes.fr\/dossier\/bouches-rhone?at_medium=RSS%20feed&amp;at_campaign=ynews&amp;utm_source=yahoo&amp;utm_medium=rss&amp;utm_campaign=news_feed&amp;utm_content=in_article_link\" rel=\"nofollow noopener\" target=\"_blank\" data-ylk=\"slk:Bouches-du-Rh\u00f4ne;elm:context_link;itc:0;sec:content-canvas\" class=\"link \">Bouches-du-Rh\u00f4ne<\/a>, un ambulancier de 44 ans a \u00e9t\u00e9 condamn\u00e9 mercredi par le tribunal correctionnel de <a href=\"https:\/\/www.20minutes.fr\/marseille\/?at_medium=RSS%20feed&amp;at_campaign=ynews&amp;utm_source=yahoo&amp;utm_medium=rss&amp;utm_campaign=news_feed&amp;utm_content=in_article_link\" rel=\"nofollow noopener\" target=\"_blank\" data-ylk=\"slk:Marseille;elm:context_link;itc:0;sec:content-canvas\" class=\"link \">Marseille<\/a> \u00e0 quatre ans de prison, dont un avec sursis probatoire, pour avoir escroqu\u00e9 la <a href=\"https:\/\/www.20minutes.fr\/dossier\/securite_sociale?at_medium=RSS%20feed&amp;at_campaign=ynews&amp;utm_source=yahoo&amp;utm_medium=rss&amp;utm_campaign=news_feed&amp;utm_content=in_article_link\" rel=\"nofollow noopener\" target=\"_blank\" data-ylk=\"slk:S\u00e9curit\u00e9 sociale;elm:context_link;itc:0;sec:content-canvas\" class=\"link \">S\u00e9curit\u00e9 sociale<\/a> \u00e0 hauteur de plus de 1,7\u00a0million d\u2019euros. Il devra \u00e9galement s\u2019acquitter d\u2019une amende de 10.000 euros. A la t\u00eate de la soci\u00e9t\u00e9 GEM <a href=\"https:\/\/www.20minutes.fr\/dossier\/ambulance?at_medium=RSS%20feed&amp;at_campaign=ynews&amp;utm_source=yahoo&amp;utm_medium=rss&amp;utm_campaign=news_feed&amp;utm_content=in_article_link\" rel=\"nofollow noopener\" target=\"_blank\" data-ylk=\"slk:Ambulances;elm:context_link;itc:0;sec:content-canvas\" class=\"link \">Ambulances<\/a>, l\u2019homme avait transmis entre janvier\u00a02016 et octobre\u00a02023 des milliers de fausses factures \u00e0 trois caisses d\u2019assurance maladie.<\/p>\n<p>Selon ses propres aveux, ces transports fictifs repr\u00e9sentaient entre 20 et 30\u00a0% de l\u2019activit\u00e9 de son entreprise. Les organismes sociaux l\u00e9s\u00e9s (les <a href=\"https:\/\/www.20minutes.fr\/dossier\/cpam?at_medium=RSS%20feed&amp;at_campaign=ynews&amp;utm_source=yahoo&amp;utm_medium=rss&amp;utm_campaign=news_feed&amp;utm_content=in_article_link\" rel=\"nofollow noopener\" target=\"_blank\" data-ylk=\"slk:CPAM;elm:context_link;itc:0;sec:content-canvas\" class=\"link \">CPAM<\/a> des Bouches-du-Rh\u00f4ne et des Hauts-de-Seine et la caisse de pr\u00e9voyance et de retraite ferroviaire) ont chiffr\u00e9 leurs demandes \u00e0 2,6\u00a0millions d\u2019euros. Le pr\u00e9venu devra verser, avec sa compagne, une provision de 200.000 euros r\u00e9partie entre les trois organismes.<\/p>\n<p>Une premi\u00e8re condamnation en\u00a02012<\/p>\n<p>D\u00e9j\u00e0 condamn\u00e9 en\u00a02012 pour une <a href=\"https:\/\/www.20minutes.fr\/dossier\/fraude?at_medium=RSS%20feed&amp;at_campaign=ynews&amp;utm_source=yahoo&amp;utm_medium=rss&amp;utm_campaign=news_feed&amp;utm_content=in_article_link\" rel=\"nofollow noopener\" target=\"_blank\" data-ylk=\"slk:fraude;elm:context_link;itc:0;sec:content-canvas\" class=\"link \">fraude<\/a> similaire de 280.000 euros, le pr\u00e9venu avait contourn\u00e9 son interdiction de g\u00e9rer une entreprise en pla\u00e7ant deux hommes de paille \u00e0 la t\u00eate de ses soci\u00e9t\u00e9s\u00a0: son fr\u00e8re et un ami. Ces deux derniers ont \u00e9t\u00e9 condamn\u00e9s chacun \u00e0 un an de prison avec sursis.<\/p>\n<p>Mais cette nouvelle affaire d\u00e9passe de loin le cadre d\u2019une fraude administrative. L\u2019argent d\u00e9tourn\u00e9 aurait permis la construction, sans permis et sur des terrains agricoles ne lui appartenant pas, d\u2019un vaste b\u00e2timent de 3.800 m2 dans la commune de G\u00e9menos. Qualifi\u00e9(&#8230;)<\/p>\n<p><a href=\"https:\/\/www.20minutes.fr\/justice\/4155964-20250529-marseille-ambulancier-condamne-avoir-escroque-2-6-millions-euros-secu?at_medium=RSS%20feed&amp;at_campaign=ynews&amp;utm_source=yahoo&amp;utm_medium=rss&amp;utm_campaign=news_feed&amp;utm_content=read_more_link&quot;\" rel=\"nofollow noopener\" target=\"_blank\" data-ylk=\"slk:Lire la suite sur 20minutes;elm:context_link;itc:0;sec:content-canvas\" class=\"link \">Lire la suite sur 20minutes<\/a><\/p>\n<p>\u00c0 lire aussi :<br \/><a href=\"https:\/\/www.20minutes.fr\/faits_divers\/4144542-20250320-fraude-facture-5-millions-euros-protheses-auditives-fantomes-secu?at_medium=RSS%20feed&amp;at_campaign=ynews&amp;utm_source=yahoo&amp;utm_medium=rss&amp;utm_campaign=news_feed&amp;utm_content=related_content_link\" rel=\"nofollow noopener\" target=\"_blank\" data-ylk=\"slk:Fraude\u00a0: Ils ont factur\u00e9 5\u00a0millions d\u2019euros de proth\u00e8ses auditives \u00ab\u00a0fant\u00f4mes\u00a0\u00bb \u00e0 la S\u00e9cu;elm:context_link;itc:0;sec:content-canvas\" class=\"link \">Fraude\u00a0: Ils ont factur\u00e9 5\u00a0millions d\u2019euros de proth\u00e8ses auditives \u00ab\u00a0fant\u00f4mes\u00a0\u00bb \u00e0 la S\u00e9cu<\/a><br \/><a href=\"https:\/\/www.20minutes.fr\/justice\/4081812-20240318-doubs-pharmacien-condamne-avoir-escroque-secu-600-000-euros-financer-projets-immobiliers?at_medium=RSS%20feed&amp;at_campaign=ynews&amp;utm_source=yahoo&amp;utm_medium=rss&amp;utm_campaign=news_feed&amp;utm_content=related_content_link\" rel=\"nofollow noopener\" target=\"_blank\" data-ylk=\"slk:Doubs\u00a0: Un pharmacien condamn\u00e9 pour avoir escroqu\u00e9 la S\u00e9cu de 600.000 euros\u2026 pour financer ses projets immobiliers;elm:context_link;itc:0;sec:content-canvas\" class=\"link \">Doubs\u00a0: Un pharmacien condamn\u00e9 pour avoir escroqu\u00e9 la S\u00e9cu de 600.000 euros\u2026 pour financer ses projets immobiliers<\/a><\/p>\n","protected":false},"excerpt":{"rendered":"R\u00c9CIDIVISTE &#8211; L\u2019argent d\u00e9tournait servait notamment \u00e0 financer une luxueuse propri\u00e9t\u00e9 ill\u00e9gale de 3.800 m2 et un train&hellip;\n","protected":false},"author":2,"featured_media":135620,"comment_status":"","ping_status":"","sticky":false,"template":"","format":"standard","meta":{"footnotes":""},"categories":[2814],"tags":[1111,11,8652,1777,674,1011,27,203,884,12,13454,882,25],"class_list":{"0":"post-135619","1":"post","2":"type-post","3":"status-publish","4":"format-standard","5":"has-post-thumbnail","7":"category-marseille","8":"tag-actu","9":"tag-actualites","10":"tag-condamne","11":"tag-eu","12":"tag-europe","13":"tag-fr","14":"tag-france","15":"tag-la-tete","16":"tag-marseille","17":"tag-news","18":"tag-prison-avec-sursis","19":"tag-provence-alpes-cote-dazur","20":"tag-republique-francaise"},"share_on_mastodon":{"url":"https:\/\/pubeurope.com\/@fr\/114588337015860060","error":""},"_links":{"self":[{"href":"https:\/\/www.europesays.com\/fr\/wp-json\/wp\/v2\/posts\/135619","targetHints":{"allow":["GET"]}}],"collection":[{"href":"https:\/\/www.europesays.com\/fr\/wp-json\/wp\/v2\/posts"}],"about":[{"href":"https:\/\/www.europesays.com\/fr\/wp-json\/wp\/v2\/types\/post"}],"author":[{"embeddable":true,"href":"https:\/\/www.europesays.com\/fr\/wp-json\/wp\/v2\/users\/2"}],"replies":[{"embeddable":true,"href":"https:\/\/www.europesays.com\/fr\/wp-json\/wp\/v2\/comments?post=135619"}],"version-history":[{"count":0,"href":"https:\/\/www.europesays.com\/fr\/wp-json\/wp\/v2\/posts\/135619\/revisions"}],"wp:featuredmedia":[{"embeddable":true,"href":"https:\/\/www.europesays.com\/fr\/wp-json\/wp\/v2\/media\/135620"}],"wp:attachment":[{"href":"https:\/\/www.europesays.com\/fr\/wp-json\/wp\/v2\/media?parent=135619"}],"wp:term":[{"taxonomy":"category","embeddable":true,"href":"https:\/\/www.europesays.com\/fr\/wp-json\/wp\/v2\/categories?post=135619"},{"taxonomy":"post_tag","embeddable":true,"href":"https:\/\/www.europesays.com\/fr\/wp-json\/wp\/v2\/tags?post=135619"}],"curies":[{"name":"wp","href":"https:\/\/api.w.org\/{rel}","templated":true}]}}