{"id":135625,"date":"2025-05-29T00:44:09","date_gmt":"2025-05-29T00:44:09","guid":{"rendered":"https:\/\/www.europesays.com\/fr\/135625\/"},"modified":"2025-05-29T00:44:09","modified_gmt":"2025-05-29T00:44:09","slug":"la-fin-des-zfe-lassemblee-nationale-approuve-leur-suppression","status":"publish","type":"post","link":"https:\/\/www.europesays.com\/fr\/135625\/","title":{"rendered":"La fin des ZFE ? L&rsquo;Assembl\u00e9e nationale approuve leur suppression"},"content":{"rendered":"<p>            Par<br \/>\n        <strong><br \/>\n            <a href=\"https:\/\/actu.fr\/auteur\/redaction-actu\" title=\"Consulter tous les articles de R\u00e9daction Actu\" rel=\"nofollow noopener\" target=\"_blank\">R\u00e9daction Actu<\/a><br \/>\n        <\/strong><\/p>\n<p>        Publi\u00e9 le<\/p>\n<p>            28 mai 2025 \u00e0 23h12        <\/p>\n<p>L\u2019Assembl\u00e9e nationale a approuv\u00e9, ce mercredi 28 mai 2025 au soir,<strong> la suppression des \u00ab\u00a0<a href=\"https:\/\/actu.fr\/tag\/zone-a-faibles-emissions-zfe\" rel=\"nofollow noopener\" target=\"_blank\">zones \u00e0 faibles \u00e9missions<\/a>\u00ab\u00a0<\/strong>, qui restreignent la circulation de certains v\u00e9hicules thermiques, en adoptant un article du projet de loi de \u00ab\u00a0simplification\u00a0\u00bb.<\/p>\n<p class=\" wall-content\">Le vote devra <strong>encore \u00eatre confirm\u00e9<\/strong> par l\u2019adoption du projet de loi dans son int\u00e9gralit\u00e9.<\/p>\n<p>Les ZFE vivement critiqu\u00e9es<\/p>\n<p class=\" wall-content\">Initi\u00e9es en 2019 et \u00e9tendues en 2021, les ZFE entendent limiter les \u00e9missions de particules fines, responsables de maladies respiratoires et de 40 000 d\u00e9c\u00e8s pr\u00e9matur\u00e9s par an, selon Sant\u00e9 publique France, en excluant certains v\u00e9hicules en fonction des vignettes Crit\u2019Air.<\/p>\n<p class=\" wall-content\">Mais elles sont accus\u00e9es par des \u00e9lus de tous bords de <strong>p\u00e9naliser les m\u00e9nages modestes<\/strong>.<\/p>\n<p class=\" wall-content\">Le d\u00e9bat sur l\u2019avenir des ZFE a \u00e9t\u00e9 <strong>rouvert fin mars<\/strong>, <a href=\"https:\/\/actu.fr\/societe\/zfe-les-deputes-votent-la-suppression-des-tres-critiquees-zones-a-faibles-emissions_62426442.html\" rel=\"nofollow noopener\" target=\"_blank\">lorsqu\u2019un amendement visant \u00e0 les abroger a \u00e9t\u00e9 adopt\u00e9<\/a>, contre l\u2019avis du gouvernement, lors de la commission examinant le projet de loi sur la simplification de la vie \u00e9conomique.<\/p>\n<p>Vid\u00e9os : en ce moment sur Actu<\/p>\n<p class=\" wall-content\">Le gouvernement avait alors envisag\u00e9 d\u2019adopter\u00a0d\u00e9sormais <strong>un \u00ab\u00a0dispositif tr\u00e8s all\u00e9g\u00e9\u00a0\u00bb<\/strong>, avec une obligation uniquement pour Paris et Lyon, donnant aux autres collectivit\u00e9s la libert\u00e9 de les mettre en place ou pas, avec une p\u00e9riode d\u2019adaptation jusqu\u2019au 31 d\u00e9cembre 2026.<\/p>\n<p class=\" wall-content\">Avec AFP.<\/p>\n<p class=\" wall-content\">Suivez toute l\u2019actualit\u00e9 de vos villes et m\u00e9dias favoris en vous inscrivant \u00e0 <a href=\"https:\/\/moncompte.actu.fr\" title=\"D\u00e9couvez Mon Actu\" rel=\"nofollow noopener\" data-trk=\"{&quot;cta&quot;:{&quot;action&quot;:&quot;https:\\\/\\\/moncompte.actu.fr&quot;,&quot;category&quot;:&quot;mon compte&quot;,&quot;from&quot;:&quot;article footer&quot;,&quot;name&quot;:&quot;Mon actu&quot;,&quot;type&quot;:&quot;cta&quot;}}\" target=\"_blank\">Mon Actu<\/a>.<\/p>\n","protected":false},"excerpt":{"rendered":"Par R\u00e9daction Actu Publi\u00e9 le 28 mai 2025 \u00e0 23h12 L\u2019Assembl\u00e9e nationale a approuv\u00e9, ce mercredi 28 mai&hellip;\n","protected":false},"author":2,"featured_media":135626,"comment_status":"","ping_status":"","sticky":false,"template":"","format":"standard","meta":{"footnotes":""},"categories":[1888],"tags":[1111,1928,11,1927,646,1777,674,1011,27,12,1926,626,1925,25,104],"class_list":{"0":"post-135625","1":"post","2":"type-post","3":"status-publish","4":"format-standard","5":"has-post-thumbnail","7":"category-paris","8":"tag-actu","9":"tag-actu-paris","10":"tag-actualites","11":"tag-actualites-paris","12":"tag-automobile","13":"tag-eu","14":"tag-europe","15":"tag-fr","16":"tag-france","17":"tag-news","18":"tag-news-paris","19":"tag-paris","20":"tag-paris-news","21":"tag-republique-francaise","22":"tag-societe"},"share_on_mastodon":{"url":"https:\/\/pubeurope.com\/@fr\/114588356658116846","error":""},"_links":{"self":[{"href":"https:\/\/www.europesays.com\/fr\/wp-json\/wp\/v2\/posts\/135625","targetHints":{"allow":["GET"]}}],"collection":[{"href":"https:\/\/www.europesays.com\/fr\/wp-json\/wp\/v2\/posts"}],"about":[{"href":"https:\/\/www.europesays.com\/fr\/wp-json\/wp\/v2\/types\/post"}],"author":[{"embeddable":true,"href":"https:\/\/www.europesays.com\/fr\/wp-json\/wp\/v2\/users\/2"}],"replies":[{"embeddable":true,"href":"https:\/\/www.europesays.com\/fr\/wp-json\/wp\/v2\/comments?post=135625"}],"version-history":[{"count":0,"href":"https:\/\/www.europesays.com\/fr\/wp-json\/wp\/v2\/posts\/135625\/revisions"}],"wp:featuredmedia":[{"embeddable":true,"href":"https:\/\/www.europesays.com\/fr\/wp-json\/wp\/v2\/media\/135626"}],"wp:attachment":[{"href":"https:\/\/www.europesays.com\/fr\/wp-json\/wp\/v2\/media?parent=135625"}],"wp:term":[{"taxonomy":"category","embeddable":true,"href":"https:\/\/www.europesays.com\/fr\/wp-json\/wp\/v2\/categories?post=135625"},{"taxonomy":"post_tag","embeddable":true,"href":"https:\/\/www.europesays.com\/fr\/wp-json\/wp\/v2\/tags?post=135625"}],"curies":[{"name":"wp","href":"https:\/\/api.w.org\/{rel}","templated":true}]}}