{"id":135635,"date":"2025-05-29T00:51:30","date_gmt":"2025-05-29T00:51:30","guid":{"rendered":"https:\/\/www.europesays.com\/fr\/135635\/"},"modified":"2025-05-29T00:51:30","modified_gmt":"2025-05-29T00:51:30","slug":"le-bilan-des-canons-caesar-en-ukraine","status":"publish","type":"post","link":"https:\/\/www.europesays.com\/fr\/135635\/","title":{"rendered":"le bilan des canons Caesar en Ukraine"},"content":{"rendered":"<p class=\"articleHead-lead\">\n            Alors que la guerre en Ukraine fait toujours rage, plusieurs Caesar fran\u00e7ais sont engag\u00e9s sur le terrain pour le compte de l&rsquo;arm\u00e9e ukrainienne. Ces derniers sont d&rsquo;ailleurs particuli\u00e8rement redoutables puisqu&rsquo;ils ont d\u00e9j\u00e0 tir\u00e9 en l&rsquo;espace de deux plus de 40 000 obus. Pour l&rsquo;heure, un seul d&rsquo;entre eux a \u00e9t\u00e9 d\u00e9truit au combat.\n        <\/p>\n<ul class=\"articleMainFollow-list\">\n<li class=\"articleMainFollow-item\">\n<p>                        Sauvegarder<\/p>\n<p>                        Sauvegard\u00e9<\/p>\n<\/li>\n<li class=\"articleMainFollow-item\">\n<\/li>\n<\/ul>\n<p>\n                    Recevoir les alertes Guerre en ukraine\n                <\/p>\n<p>La guerre se poursuit en Ukraine et les obus continuent de pleuvoir en nombre. Alors que la R\u00e9publique tch\u00e8que s\u2019appr\u00eate \u00e0 recevoir <strong>la livraison de dizaines de <\/strong><a href=\"https:\/\/www.capital.fr\/economie-politique\/rearmement-combien-coute-un-canon-caesar-1510552#:~:text=18%20mois%20pour%20produire%20un%20canon%20Caesar&amp;text=Avec%20ses%20500%20pi%C3%A8ces%2C%20son,et%20quatre%20millions%20d&#039;euros.\" rel=\"nofollow noopener\" target=\"_blank\"><strong>canons Caesar<\/strong><\/a><strong> fran\u00e7ais<\/strong> suite \u00e0 une commande pass\u00e9e en septembre 2021, le groupe KNDS France a livr\u00e9 quelques informations concernant la livraison de ce mat\u00e9riel militaire <a href=\"https:\/\/www.capital.fr\/economie-politique\/la-france-prete-a-financer-12-canons-automoteurs-caesar-pour-lukraine-1490662\" rel=\"nofollow noopener\" target=\"_blank\">\u00e0 l\u2019Ukraine<\/a> dans le cadre du conflit qui l\u2019oppose \u00e0 <a href=\"https:\/\/www.capital.fr\/economie-politique\/la-russie-a-mis-au-point-de-nouvelles-armes-pour-detruire-lartillerie-ukrainienne-1489788\" rel=\"nofollow noopener\" target=\"_blank\">la Russie<\/a> depuis f\u00e9vrier 2022.<\/p>\n<p>Ainsi, <strong>dix-neuf Caesar 8&#215;8<\/strong>, c\u2019est-\u00e0-dire huit roues motrices, ont \u00e9t\u00e9 c\u00e9d\u00e9s \u00e0 l\u2019arm\u00e9e de Volodymyr Zelensky par le Danemark alors qu\u2019ils \u00e9taient \u00e0 l\u2019origine destin\u00e9s \u00e0 entrer en service au sein de l\u2019arm\u00e9e danoise. Depuis, ces derniers <strong>ont \u00e9t\u00e9 remplac\u00e9s par des ATMOS isra\u00e9liens<\/strong>, rapporte le site <a href=\"https:\/\/www.opex360.com\/2025\/05\/27\/les-19-caesar-8x8-livres-a-lukraine-ont-tire-plus-de-40-000-obus-depuis-avril-2023\/\" target=\"_blank\" rel=\"nofollow noopener\">Opex360<\/a>.<\/p>\n<p>        \u00c0 lire aussi :<br \/>\n        <a class=\"articleToRead-link\" href=\"https:\/\/www.capital.fr\/entreprises-marches\/le-portugal-mise-gros-sur-le-caesar-et-renforce-son-artillerie-1504690\" data-wide=\"\" rel=\"nofollow noopener\" target=\"_blank\"><br \/>\n            Le Portugal mise gros sur le Caesar et renforce son artillerie<br \/>\n        <\/a><\/p>\n<p>Des milliers d\u2019obus tir\u00e9s en deux ans<\/p>\n<p>Engag\u00e9s sur le front pour le compte de l\u2019arm\u00e9e ukrainienne, les appareils de combat &#8211; qui p\u00e8sent 32 tonnes et peuvent tirer des obus de type BONUS sur des cibles situ\u00e9es jusqu\u2019\u00e0 50 kilom\u00e8tres de distance &#8211; restent <strong>d\u2019une efficacit\u00e9 redoutable sur le terrain<\/strong>. Depuis avril 2023, ces Caesar 8&#215;8 ont en effet effectu\u00e9 <strong>plus de 40 000 tirs d\u2019obus<\/strong>, soit pr\u00e8s de 2 100 par appareil. \u00c0 noter par ailleurs qu\u2019<strong>un exemplaire fabriqu\u00e9 par l\u2019industriel fran\u00e7ais a d\u2019ores et d\u00e9j\u00e0 \u00e9t\u00e9 d\u00e9truit au combat.<\/strong><\/p>\n<p>Alors que la R\u00e9publique tch\u00e8que avait initialement confirm\u00e9 l\u2019achat de <strong>52 Caesar fran\u00e7ais<\/strong> <strong>pour un contrat \u00e9valu\u00e9 \u00e0 335 millions d\u2019euros<\/strong>, l\u2019efficacit\u00e9 de l\u2019engin militaire sur le terrain a fini par convaincre le minist\u00e8re tch\u00e8que de la D\u00e9fense. Par cons\u00e9quent, <strong>dix canons suppl\u00e9mentaires<\/strong> ont \u00e9t\u00e9 command\u00e9s pour un montant de <strong>73 millions d\u2019euros.<\/strong> Tous rejoindront les rangs de l\u2019arm\u00e9e tch\u00e8que \u00e0 partir de 2026 pour proc\u00e9der au remplacement des DANA. Les deux premiers prototypes \u00e9tant d\u00e9j\u00e0 pr\u00eats, ils participeront d\u00e8s cet \u00e9t\u00e9 \u00e0 une premi\u00e8re phase d\u2019essais op\u00e9rationnels.<\/p>\n<p>        Recevez nos derni\u00e8res news<\/p>\n<p>        Tous les jours, la s\u00e9lection des <b>principales infos<\/b> de la journ\u00e9e.<\/p>\n","protected":false},"excerpt":{"rendered":"Alors que la guerre en Ukraine fait toujours rage, plusieurs Caesar fran\u00e7ais sont engag\u00e9s sur le terrain pour&hellip;\n","protected":false},"author":2,"featured_media":135636,"comment_status":"","ping_status":"","sticky":false,"template":"","format":"standard","meta":{"footnotes":""},"categories":[1590],"tags":[11,1924,9930,9929,1777,674,131,12,220],"class_list":{"0":"post-135635","1":"post","2":"type-post","3":"status-publish","4":"format-standard","5":"has-post-thumbnail","7":"category-ukraine","8":"tag-actualites","9":"tag-armement","10":"tag-armu00e9e","11":"tag-du00e9fense","12":"tag-eu","13":"tag-europe","14":"tag-guerre-en-ukraine","15":"tag-news","16":"tag-ukraine"},"share_on_mastodon":{"url":"https:\/\/pubeurope.com\/@fr\/114588384173650536","error":""},"_links":{"self":[{"href":"https:\/\/www.europesays.com\/fr\/wp-json\/wp\/v2\/posts\/135635","targetHints":{"allow":["GET"]}}],"collection":[{"href":"https:\/\/www.europesays.com\/fr\/wp-json\/wp\/v2\/posts"}],"about":[{"href":"https:\/\/www.europesays.com\/fr\/wp-json\/wp\/v2\/types\/post"}],"author":[{"embeddable":true,"href":"https:\/\/www.europesays.com\/fr\/wp-json\/wp\/v2\/users\/2"}],"replies":[{"embeddable":true,"href":"https:\/\/www.europesays.com\/fr\/wp-json\/wp\/v2\/comments?post=135635"}],"version-history":[{"count":0,"href":"https:\/\/www.europesays.com\/fr\/wp-json\/wp\/v2\/posts\/135635\/revisions"}],"wp:featuredmedia":[{"embeddable":true,"href":"https:\/\/www.europesays.com\/fr\/wp-json\/wp\/v2\/media\/135636"}],"wp:attachment":[{"href":"https:\/\/www.europesays.com\/fr\/wp-json\/wp\/v2\/media?parent=135635"}],"wp:term":[{"taxonomy":"category","embeddable":true,"href":"https:\/\/www.europesays.com\/fr\/wp-json\/wp\/v2\/categories?post=135635"},{"taxonomy":"post_tag","embeddable":true,"href":"https:\/\/www.europesays.com\/fr\/wp-json\/wp\/v2\/tags?post=135635"}],"curies":[{"name":"wp","href":"https:\/\/api.w.org\/{rel}","templated":true}]}}