{"id":135650,"date":"2025-05-29T00:59:21","date_gmt":"2025-05-29T00:59:21","guid":{"rendered":"https:\/\/www.europesays.com\/fr\/135650\/"},"modified":"2025-05-29T00:59:21","modified_gmt":"2025-05-29T00:59:21","slug":"revivez-la-victoire-de-lequipe-de-france-a-tours-contre-la-republique-tcheque","status":"publish","type":"post","link":"https:\/\/www.europesays.com\/fr\/135650\/","title":{"rendered":"revivez la victoire de l\u2019\u00e9quipe de France \u00e0 Tours contre la R\u00e9publique tch\u00e8que"},"content":{"rendered":"<p><strong>France\u00a0&#8211; R\u00e9publique tch\u00e8que\u00a0: 4-0 (25-18, 25-20, 25-23, 25-22)<\/strong><\/p>\n<p>Ce direct \u00e9tait anim\u00e9 par les journalistes du service des sports de La\u00a0Nouvelle R\u00e9publique.<strong><\/strong><\/p>\n<p>Apr\u00e8s-match<\/p>\n<p><strong>23\u00a0h\u00a030. <\/strong>Merci \u00e0 tous d\u2019avoir suivi ce live et cette belle victoire de nos jeunes Fran\u00e7ais. Un nouveau match amical est pr\u00e9vu ce jeudi 29\u00a0mai 2025 \u00e0 17\u00a0h. De quoi parfaire la pr\u00e9paration et faire des choix avant la 1re\u00a0\u00e9tape de VNL au Canada (11-15 juin).<\/p>\n<p><strong>23\u00a0h\u00a010. <\/strong>Sur ses terres, Alexandre Strehlau a \u00e9t\u00e9 \u00e9tincelant lorsqu\u2019il a eu sa chance dans le quatri\u00e8me set. \u00ab\u00a0C\u2019\u00e9tait un match rempli d\u2019excitation. Il fallait \u00eatre patient, prendre son temps. On savait que je n\u2019allais pas forc\u00e9ment d\u00e9marrer, je voulais juste me tenir pr\u00eat. Je ne voulais pas me d\u00e9cevoir et d\u00e9cevoir le public. Il y a, je pense, pas mal de Tourangeaux ici, c\u2019est cool, et je voulais les remercier pour tout le bruit qu\u2019ils ont pu faire. Finir sur une victoire nette et sans bavure, il n\u2019y a rien de mieux.\u00a0\u00bb<\/p>\n<p><img alt=\"Alexandre Stehlau a \u00e9t\u00e9 brillant lors du quatri\u00e8me set.\" loading=\"lazy\" width=\"980\" height=\"573\" decoding=\"async\" data-nimg=\"1\" class=\"img-responsive spinner-show\" style=\"color:transparent;background-size:cover;background-position:50% 50%;background-repeat:no-repeat;background-image:url(&quot;data:image\/svg+xml;charset=utf-8,%3Csvg xmlns=\" http:=\"\" viewbox=\"0 0 980 573\" id=\"b\" color-interpolation-filters=\"sRGB\" stddeviation=\"20\" values=\"1 0 0 0 0 0 1 0 0 0 0 0 1 0 0 0 0 0 100 -1\" result=\"s\" x=\"0\" y=\"0\" operator=\"out\" in=\"s\" in2=\"SourceGraphic\" preserveaspectratio=\"none\" href=\"https:\/\/images.lanouvellerepublique.fr\/image\/upload\/t_88w\/f_auto\/6837802351e61562498b45e2.jpg\"   src=\"https:\/\/www.europesays.com\/fr\/wp-content\/uploads\/2025\/05\/6837802351e61562498b45e2.jpg\"\/><\/p>\n<p style=\"background-color:#F2F2F2;padding:5px;margin-top:0px;margin-bottom:10px\">Alexandre Stehlau a \u00e9t\u00e9 brillant lors du quatri\u00e8me set.<br \/> \u00a9 (Photo NR, Julien Pruvost)<\/p>\n<p>De quoi prolonger son \u00e9norme saison au TVB. \u00ab\u00a0\u00c7a n\u2019a pas la m\u00eame saveur (que le titre de champion de France avec Tours), m\u00eame si \u00e7a a le m\u00eame fond. On reste sur une continuit\u00e9. Et j\u2019esp\u00e8re que \u00e7a va continuer comme \u00e7a, si je reste avec eux pour la VNL. Gr\u00e2ce \u00e0 Tours, j\u2019ai gagn\u00e9 en s\u00e9r\u00e9nit\u00e9 durant l\u2019ann\u00e9e, parce que c\u2019est un club qui joue beaucoup de grandes choses. Pour ce soir et pour les matchs \u00e0 venir, je vais garder le m\u00eame \u00e9tat d\u2019esprit.\u00a0\u00bb<\/p>\n<p><strong>23\u00a0h\u00a005. <\/strong>Pour sa premi\u00e8re avec les Bleus,<strong>\u00a0<\/strong>Mathis Henno a d\u00e9but\u00e9 en tant que titulaire et a brill\u00e9 durant la soir\u00e9e. De quoi se r\u00e9jouir de sa prestation et de celle de ses co\u00e9quipiers\u00a0: \u00ab\u00a0On a tous fait une bonne prestation. J\u2019\u00e9tais rel\u00e2ch\u00e9 d\u00e8s le d\u00e9but, il n\u2019y avait pas de pression, c\u2019\u00e9tait un amical. Je suis tr\u00e8s content d\u2019avoir int\u00e9gr\u00e9 cette \u00e9quipe et j\u2019esp\u00e8re jouer \u00e0 la VNL, la 1re \u00e9tape et pourquoi pas plus loin. C\u2019\u00e9tait une \u00e9quipe de France tr\u00e8s rajeunie mais on restait comp\u00e9titifs, le staff avait mis un point d\u2019honneur l\u00e0-dessus. C\u2019est une vraie famille avec des objectifs.\u00a0\u00bb<\/p>\n<p><strong>23\u00a0h. <\/strong>Seul trentenaire du groupe, Tr\u00e9vor Cl\u00e9venot a beaucoup donn\u00e9 dans le premier acte avant de laisser sa place aux jeunes.<strong>\u00a0\u00ab <\/strong>Je pense qu\u2019on a fait un match plus que s\u00e9rieux du d\u00e9but \u00e0 la fin. C\u2019est bien pour les jeunes, ils ont \u00e9t\u00e9 pr\u00e9sents avec un bon \u00e9tat d\u2019esprit et je pense que c\u2019est surtout le plus important pour leur premier match. C\u2019\u00e9tait une belle premi\u00e8re pour eux. Je suis content pour eux, \u00e7a fait plaisir de commencer par une note positive.\u00a0\u00bb<\/p>\n<p><img alt=\"Le public a r\u00e9pondu pr\u00e9sent \u00e0 Grenon.\" loading=\"lazy\" width=\"980\" height=\"573\" decoding=\"async\" data-nimg=\"1\" class=\"img-responsive spinner-show\" style=\"color:transparent;background-size:cover;background-position:50% 50%;background-repeat:no-repeat;background-image:url(&quot;data:image\/svg+xml;charset=utf-8,%3Csvg xmlns=\" http:=\"\" viewbox=\"0 0 980 573\" id=\"b\" color-interpolation-filters=\"sRGB\" stddeviation=\"20\" values=\"1 0 0 0 0 0 1 0 0 0 0 0 1 0 0 0 0 0 100 -1\" result=\"s\" x=\"0\" y=\"0\" operator=\"out\" in=\"s\" in2=\"SourceGraphic\" preserveaspectratio=\"none\" href=\"https:\/\/images.lanouvellerepublique.fr\/image\/upload\/t_88w\/f_auto\/6837802351e61592478b45c6.jpg\"   src=\"https:\/\/www.europesays.com\/fr\/wp-content\/uploads\/2025\/05\/6837802351e61592478b45c6.jpg\"\/><\/p>\n<p style=\"background-color:#F2F2F2;padding:5px;margin-top:0px;margin-bottom:10px\">Le public a r\u00e9pondu pr\u00e9sent \u00e0 Grenon.<br \/> \u00a9 (Photo NR, Julien Pruvost)<\/p>\n<p><strong>22\u00a0h\u00a055. <\/strong>Le s\u00e9lectionneur, Andrea Giani, \u00e9tait lui aussi satisfait apr\u00e8s cette rencontre.<strong>\u00a0<\/strong>\u00ab\u00a0Beaucoup ont fait leur premi\u00e8re avec l\u2019\u00e9quipe nationale et ce n\u2019\u00e9tait pas facile. Mais ils ont d\u00e9montr\u00e9 leur talent, leur caract\u00e8re et je suis content. Je pense que ce groupe doit trouver une identit\u00e9 et il faut du temps pour travailler. Ce genre de match est important pour avoir une id\u00e9e de travail, pour savoir o\u00f9 nous avons besoin de temps.\u00a0\u00bb<\/p>\n<p><strong>22\u00a0h\u00a050.<\/strong> La joie \u00e9tait forc\u00e9ment pr\u00e9sente c\u00f4t\u00e9 tricolore apr\u00e8s cette rencontre, \u00e0 l\u2019image de Simon Magnin, central de l\u2019Alterna Stade poitevin qui d\u00e9couvrait l\u2019\u00e9quipe\u00a0A des Bleus ce mercredi\u00a0: \u00ab\u00a0Pour ma premi\u00e8re, dans une belle salle, c\u2019\u00e9tait incroyable. C\u2019est une tr\u00e8s belle soir\u00e9e. Je ne retiens qu\u2019un truc, c\u2019est que j\u2019ai envie de continuer pour en voir d\u2019autres. Je n\u2019ai pas fait un super match ce soir (mercredi) mais je t\u00e2cherai de me rattraper demain et sur les matchs \u00e0 venir.\u00a0\u00bb<\/p>\n<p><img alt=\"Andrea Giani a \u00e9t\u00e9 satisfait de la prestation de ses jeunes joueurs.\" loading=\"lazy\" width=\"980\" height=\"573\" decoding=\"async\" data-nimg=\"1\" class=\"img-responsive spinner-show\" style=\"color:transparent;background-size:cover;background-position:50% 50%;background-repeat:no-repeat;background-image:url(&quot;data:image\/svg+xml;charset=utf-8,%3Csvg xmlns=\" http:=\"\" viewbox=\"0 0 980 573\" id=\"b\" color-interpolation-filters=\"sRGB\" stddeviation=\"20\" values=\"1 0 0 0 0 0 1 0 0 0 0 0 1 0 0 0 0 0 100 -1\" result=\"s\" x=\"0\" y=\"0\" operator=\"out\" in=\"s\" in2=\"SourceGraphic\" preserveaspectratio=\"none\" href=\"https:\/\/images.lanouvellerepublique.fr\/image\/upload\/t_88w\/f_auto\/683780239d9936e1788b45a5.jpg\"   src=\"https:\/\/www.europesays.com\/fr\/wp-content\/uploads\/2025\/05\/683780239d9936e1788b45a5.jpg\"\/><\/p>\n<p style=\"background-color:#F2F2F2;padding:5px;margin-top:0px;margin-bottom:10px\">Andrea Giani a \u00e9t\u00e9 satisfait de la prestation de ses jeunes joueurs.<br \/> \u00a9 (Photo NR, Julien Pruvost)<\/p>\n<p>Quatri\u00e8me set<\/p>\n<p><strong>25-22. <\/strong>Nouvel ace pour cl\u00f4turer la soir\u00e9e\u00a0!!! Cette fois par Huetz.<\/p>\n<p><strong>24-22.<\/strong> Apr\u00e8s plusieurs rat\u00e9s, les Tch\u00e8ques reviennent mais Pothron offre une balle de set aux Fran\u00e7ais.<\/p>\n<p><strong>22-18.<\/strong> Strehlau, a\u00e9rien, trouve d\u00e9licatement les mains des Rouge pour un block-out.<\/p>\n<p><strong>20-17. <\/strong>Les Tch\u00e8ques ne l\u00e2chent pas l\u2019affaire et continuent \u00e0 se battre pour tenter d\u2019accrocher au moins un set ce soir.<\/p>\n<p><img alt=\"Les Tourangeaux se sont exprim\u00e9s dans le dernier set.\" loading=\"lazy\" width=\"980\" height=\"573\" decoding=\"async\" data-nimg=\"1\" class=\"img-responsive spinner-show\" style=\"color:transparent;background-size:cover;background-position:50% 50%;background-repeat:no-repeat;background-image:url(&quot;data:image\/svg+xml;charset=utf-8,%3Csvg xmlns=\" http:=\"\" viewbox=\"0 0 980 573\" id=\"b\" color-interpolation-filters=\"sRGB\" stddeviation=\"20\" values=\"1 0 0 0 0 0 1 0 0 0 0 0 1 0 0 0 0 0 100 -1\" result=\"s\" x=\"0\" y=\"0\" operator=\"out\" in=\"s\" in2=\"SourceGraphic\" preserveaspectratio=\"none\" href=\"https:\/\/images.lanouvellerepublique.fr\/image\/upload\/t_88w\/f_auto\/6837802351e61522478b45d0.jpg\"   src=\"https:\/\/www.europesays.com\/fr\/wp-content\/uploads\/2025\/05\/6837802351e61522478b45d0.jpg\"\/><\/p>\n<p style=\"background-color:#F2F2F2;padding:5px;margin-top:0px;margin-bottom:10px\">Les Tourangeaux se sont exprim\u00e9s dans le dernier set.<br \/> \u00a9 (Photo NR, Julien Pruvost)<\/p>\n<p><strong>19-14. <\/strong>L&rsquo;ancien de Tourcoing refait la m\u00eame\u00a0!!!<\/p>\n<p><strong>18-12. <\/strong>La petite claquette du passeur Tizi-Oualou pour surprendre l\u2019adversaire.<\/p>\n<p><strong>17-12.<\/strong> Gros smash de L\u00e9on dans les mains tch\u00e8ques. Les Fran\u00e7ais maintiennent le rythme.<\/p>\n<p><strong>13-8.<\/strong> Pothron trompe la r\u00e9ception adverse avec la bande du filet. Nouvel ace pour les Tricolores.<\/p>\n<p><strong>9-5.<\/strong> Ace d\u2019Huetz cette fois-ci.<\/p>\n<p><strong>8-5.<\/strong> Nouvelle attaque d\u00e9vastatrice de Strehlau. \u00c0 noter que les trois champions de France, avec Ramon et Pothron, sont sur le terrain.<\/p>\n<p><img alt=\"Le Saint-Avertinois Luca Ramon a tout donn\u00e9 \u00e0 domicile.\" loading=\"lazy\" width=\"980\" height=\"573\" decoding=\"async\" data-nimg=\"1\" class=\"img-responsive spinner-show\" style=\"color:transparent;background-size:cover;background-position:50% 50%;background-repeat:no-repeat;background-image:url(&quot;data:image\/svg+xml;charset=utf-8,%3Csvg xmlns=\" http:=\"\" viewbox=\"0 0 980 573\" id=\"b\" color-interpolation-filters=\"sRGB\" stddeviation=\"20\" values=\"1 0 0 0 0 0 1 0 0 0 0 0 1 0 0 0 0 0 100 -1\" result=\"s\" x=\"0\" y=\"0\" operator=\"out\" in=\"s\" in2=\"SourceGraphic\" preserveaspectratio=\"none\" href=\"https:\/\/images.lanouvellerepublique.fr\/image\/upload\/t_88w\/f_auto\/6837802396c0aa5c788b45f6.jpg\"   src=\"https:\/\/www.europesays.com\/fr\/wp-content\/uploads\/2025\/05\/6837802396c0aa5c788b45f6.jpg\"\/><\/p>\n<p style=\"background-color:#F2F2F2;padding:5px;margin-top:0px;margin-bottom:10px\">Le Saint-Avertinois Luca Ramon a tout donn\u00e9 \u00e0 domicile.<br \/> \u00a9 (Photo NR, Julien Pruvost)<\/p>\n<p><strong>6-4.<\/strong> Ace du Tourangeau\u00a0!!!<\/p>\n<p><strong>4-3. <\/strong>D\u00e9monstration de Strehlau qui encha\u00eene avec son quatri\u00e8me point du set.<\/p>\n<p><strong>2-2.<\/strong> Le gros block du r\u00e9ceptionneur-attaquant du TVB pour \u00e9galiser.<\/p>\n<p>Entr\u00e9es en jeu du Tourangeau Alexandre Strehlau et d\u2019Henri L\u00e9on qui \u00e9voluait \u00e0 Saint-Nazaire la saison pass\u00e9e mais qui part \u00e0 Piacenza, en Italie.<\/p>\n<p>Si les Bleus ont d\u00e9j\u00e0 remport\u00e9 la partie (3-0), les deux \u00e9quipes ont propos\u00e9 un nouveau set pour parfaire leur pr\u00e9paration.<\/p>\n<p>Troisi\u00e8me set<\/p>\n<p><strong>MAIS CE N\u2019EST PAS TERMIN\u00c9, ON PART POUR UN QUATRI\u00c8ME SET\u00a0!!<\/strong><\/p>\n<p>Th\u00e9o Faure termine meilleur marqueur de la rencontre avec 12 points (62\u00a0% en attaque), suivi de pr\u00e8s par Mathis Henno (11 \u00e0 69\u00a0%). Mais avec cinq aces, Nathan Feral a \u00e9galement brill\u00e9. En face, Vasina compte 9 points (\u00e0 47\u00a0%).<\/p>\n<p><img alt=\"Les Bleus se sont impos\u00e9s 3-0, mais encha\u00eenent sur un quatri\u00e8me set pour engranger encore plus d\u2019exp\u00e9rience.\" loading=\"lazy\" width=\"980\" height=\"573\" decoding=\"async\" data-nimg=\"1\" class=\"img-responsive spinner-show\" style=\"color:transparent;background-size:cover;background-position:50% 50%;background-repeat:no-repeat;background-image:url(&quot;data:image\/svg+xml;charset=utf-8,%3Csvg xmlns=\" http:=\"\" viewbox=\"0 0 980 573\" id=\"b\" color-interpolation-filters=\"sRGB\" stddeviation=\"20\" values=\"1 0 0 0 0 0 1 0 0 0 0 0 1 0 0 0 0 0 100 -1\" result=\"s\" x=\"0\" y=\"0\" operator=\"out\" in=\"s\" in2=\"SourceGraphic\" preserveaspectratio=\"none\" href=\"https:\/\/images.lanouvellerepublique.fr\/image\/upload\/t_88w\/f_auto\/68378788b611292f388b4571.jpg\"   src=\"https:\/\/www.europesays.com\/fr\/wp-content\/uploads\/2025\/05\/68378788b611292f388b4571.jpg\"\/><\/p>\n<p style=\"background-color:#F2F2F2;padding:5px;margin-top:0px;margin-bottom:10px\">Les Bleus se sont impos\u00e9s 3-0, mais encha\u00eenent sur un quatri\u00e8me set pour engranger encore plus d\u2019exp\u00e9rience.<br \/> \u00a9 (Photo NR, Julien Pruvost)<\/p>\n<p><strong>25-23. <\/strong>Pour finir le match, Noa Duflos-Rossi claque lui aussi un ace.<\/p>\n<p><strong>24-23. <\/strong>Monster block de Pothron, balle de match pour la France.<\/p>\n<p><strong>22-22. <\/strong>ACCCEEEEE de vous savez qui\u00a0!!!! Le cinqui\u00e8me, \u00e0 119\u00a0km\/h cette fois-ci.<\/p>\n<p><strong>21-22. <\/strong>Alors que les Tch\u00e8ques avaient repris les devants, le Toulousain trouve de nouveau la mire au m\u00eame endroit.<\/p>\n<p><strong>19-19. <\/strong>Duflos-Rossi imite son a\u00een\u00e9 pour \u00e9galiser.<\/p>\n<p><strong>18-19. <\/strong>Les Bleus semblent avoir trouv\u00e9 la solution sur la partie gauche du terrain avec\u2026 Pothron qui provoque le block-out.<\/p>\n<p><strong>17-18. <\/strong>Et de nouveau l\u2019ancien du TVB \u00e0 deux reprises\u00a0!! <\/p>\n<p><img alt=\"Noa Duflos-Rossi a fait ses d\u00e9buts \u00e0 m\u00eame pas 18\u00a0ans.\" loading=\"lazy\" width=\"980\" height=\"573\" decoding=\"async\" data-nimg=\"1\" class=\"img-responsive spinner-show\" style=\"color:transparent;background-size:cover;background-position:50% 50%;background-repeat:no-repeat;background-image:url(&quot;data:image\/svg+xml;charset=utf-8,%3Csvg xmlns=\" http:=\"\" viewbox=\"0 0 980 573\" id=\"b\" color-interpolation-filters=\"sRGB\" stddeviation=\"20\" values=\"1 0 0 0 0 0 1 0 0 0 0 0 1 0 0 0 0 0 100 -1\" result=\"s\" x=\"0\" y=\"0\" operator=\"out\" in=\"s\" in2=\"SourceGraphic\" preserveaspectratio=\"none\" href=\"https:\/\/images.lanouvellerepublique.fr\/image\/upload\/t_88w\/f_auto\/683780249d9936656f8b45b3.jpg\"   src=\"https:\/\/www.europesays.com\/fr\/wp-content\/uploads\/2025\/05\/683780249d9936656f8b45b3.jpg\"\/><\/p>\n<p style=\"background-color:#F2F2F2;padding:5px;margin-top:0px;margin-bottom:10px\">Noa Duflos-Rossi a fait ses d\u00e9buts \u00e0 m\u00eame pas 18\u00a0ans.<br \/> \u00a9 (Photo NR, Julien Pruvost)<\/p>\n<p><strong>14-17. <\/strong>Pothron trouve une diagonale et relance les Bleus.<\/p>\n<p><strong>13-16. <\/strong>\u00c9norme block de Klimes sur Feral.<\/p>\n<p><strong>12-14. <\/strong>L&rsquo;ancien du TVB, Jakub Klajmon, encha\u00eene avec un ace.<\/p>\n<p><strong>12-13.<\/strong> Nouvelle s\u00e9rie des Rouge qui repassent devant apr\u00e8s un rat\u00e9 d\u2019Huetz.<\/p>\n<p><strong>12-10. <\/strong>Nouvel ace de\u2026 Feral \u00e0 122\u00a0km\/h cette fois-ci.<\/p>\n<p><strong>11-10.<\/strong> Le jeune Toulousain de 17\u00a0ans et demi se reprend de suite avec un smash dans les mains adverses.<\/p>\n<p><strong>10-10. <\/strong>Si les Bleus avaient pris de l\u2019avance, ils viennent d\u2019encaisser cinq points d\u2019affil\u00e9e. Les Tch\u00e8ques reviennent \u00e0 leur hauteur sur un smash manqu\u00e9 de Duflos-Rossi.<\/p>\n<p><strong>7-3.<\/strong> Simon Magnin, le joueur de l\u2019Alterna Stade poitevin, participe aussi \u00e0 la f\u00eate avec un smash gagnant.<\/p>\n<p><strong>3-0. <\/strong>Nouvel ace de Feral\u2026 pour son quatri\u00e8me service du soir.<\/p>\n<p><strong>2-0.<\/strong> Plusieurs nouveaux visages dans ce d\u00e9but de troisi\u00e8me acte avec les entr\u00e9es de Luca Ramon et Fran\u00e7ois Huetz. Ce dernier, qui \u00e9volue en Allemagne, s\u2019impose au filet.<\/p>\n<p>Avant le d\u00e9but du troisi\u00e8me acte, les joueurs de l\u2019\u00e9quipe \u00c9lite Avenir du TVB, champions de France, sont acclam\u00e9s par le public.<\/p>\n<p>Deuxi\u00e8me set<\/p>\n<p>Les Fran\u00e7ais Faure et Henno m\u00e8nent toujours les d\u00e9bats c\u00f4t\u00e9 Fran\u00e7ais avec 7 et 5 points, \u00e0 62 et 60\u00a0%. Les Bleus ont profit\u00e9 des 14\u00a0% de r\u00e9ussite en attaque de leurs adversaires pour aller chercher ce deuxi\u00e8me set en 25 minutes.<\/p>\n<p><strong>25-20. <\/strong>Service manqu\u00e9 aussi en face et 2-0 pour les Fran\u00e7ais.<\/p>\n<p><strong>24-20. <\/strong>Balle de set manqu\u00e9e par l\u2019ancien Tourangeau Antoine Pothron qui sert dans le filet.<\/p>\n<p><img alt=\"Th\u00e9o Faure r\u00e9alise une bonne partie face aux Tch\u00e8ques.\" loading=\"lazy\" width=\"980\" height=\"573\" decoding=\"async\" data-nimg=\"1\" class=\"img-responsive spinner-show\" style=\"color:transparent;background-size:cover;background-position:50% 50%;background-repeat:no-repeat;background-image:url(&quot;data:image\/svg+xml;charset=utf-8,%3Csvg xmlns=\" http:=\"\" viewbox=\"0 0 980 573\" id=\"b\" color-interpolation-filters=\"sRGB\" stddeviation=\"20\" values=\"1 0 0 0 0 0 1 0 0 0 0 0 1 0 0 0 0 0 100 -1\" result=\"s\" x=\"0\" y=\"0\" operator=\"out\" in=\"s\" in2=\"SourceGraphic\" preserveaspectratio=\"none\" href=\"https:\/\/images.lanouvellerepublique.fr\/image\/upload\/t_88w\/f_auto\/683762e996c0aa261e8b4573.jpg\"   src=\"https:\/\/www.europesays.com\/fr\/wp-content\/uploads\/2025\/05\/683762e996c0aa261e8b4573.jpg\"\/><\/p>\n<p style=\"background-color:#F2F2F2;padding:5px;margin-top:0px;margin-bottom:10px\">Th\u00e9o Faure r\u00e9alise une bonne partie face aux Tch\u00e8ques.<br \/> \u00a9 (Photo NR, Julien Pruvost)<\/p>\n<p><strong>22-18. <\/strong>Nouvel ace de l\u2019ancien Chaumontais\u00a0!!!<\/p>\n<p><strong>20-18. <\/strong>Ace de Mathis Henno, d\u00e9cid\u00e9ment l\u2019homme fort de la soir\u00e9e pour le moment.<\/p>\n<p><strong>18-18.<\/strong> Les Tch\u00e8ques reviennent au score. Tout est \u00e0 refaire. Andrea Giani pose un temps-mort.<\/p>\n<p><strong>18-15. <\/strong>Le block de Faure\u00a0!! <\/p>\n<p><strong>17-15. <\/strong>Sur des services de Chaboissant, des smashs de Faure puis Henno permettent aux Fran\u00e7ais de reprendre deux points d\u2019avance. Le coach tch\u00e8que demande un temps-mort.<\/p>\n<p><img alt=\"Mathis Henno a \u00e9t\u00e9 tr\u00e8s solide lors du premier set et encha\u00eene dans le second.\" loading=\"lazy\" width=\"980\" height=\"573\" decoding=\"async\" data-nimg=\"1\" class=\"img-responsive spinner-show\" style=\"color:transparent;background-size:cover;background-position:50% 50%;background-repeat:no-repeat;background-image:url(&quot;data:image\/svg+xml;charset=utf-8,%3Csvg xmlns=\" http:=\"\" viewbox=\"0 0 980 573\" id=\"b\" color-interpolation-filters=\"sRGB\" stddeviation=\"20\" values=\"1 0 0 0 0 0 1 0 0 0 0 0 1 0 0 0 0 0 100 -1\" result=\"s\" x=\"0\" y=\"0\" operator=\"out\" in=\"s\" in2=\"SourceGraphic\" preserveaspectratio=\"none\" href=\"https:\/\/images.lanouvellerepublique.fr\/image\/upload\/t_88w\/f_auto\/683762509d9936d0798b45d8.jpg\"   src=\"https:\/\/www.europesays.com\/fr\/wp-content\/uploads\/2025\/05\/683762509d9936d0798b45d8.jpg\"\/><\/p>\n<p style=\"background-color:#F2F2F2;padding:5px;margin-top:0px;margin-bottom:10px\">Mathis Henno a \u00e9t\u00e9 tr\u00e8s solide lors du premier set et encha\u00eene dans le second.<br \/> \u00a9 (Photo NR, Julien Pruvost)<\/p>\n<p><strong>13-13. <\/strong>Le chass\u00e9-crois\u00e9 continue.<\/p>\n<p><strong>10-9.<\/strong> Le joueur de Cisterna se rattrape avec un tr\u00e8s beau block sur Vasina.<\/p>\n<p><strong>8-9. <\/strong>Sur une erreur de Faure les Tch\u00e8ques repassent devant.<\/p>\n<p><strong>7-7.<\/strong> La R\u00e9publique tch\u00e8que \u00e9galise.<\/p>\n<p><strong>6-3.<\/strong> Alors que le jeune Noa Duflos-Rossi est au service, les Bleus creusent un premier \u00e9cart.<\/p>\n<p><strong>2-2.<\/strong> Apr\u00e8s un long \u00e9change, Th\u00e9o Faure croise son tir et \u00e9galise.<\/p>\n<p>Premier set<\/p>\n<p>Excellente entame des Bleus m\u00eame s\u2019ils ont l\u00e2ch\u00e9 du lest en fin de set face \u00e0 Indra et Vasina (4 points chacun). C\u00f4t\u00e9 Fran\u00e7ais, Henno (6 points \u00e0 75\u00a0% en attaque) et Faure (5 \u00e0 60\u00a0%), notamment, font un tr\u00e8s bon d\u00e9but de match.<\/p>\n<p><strong>25-18. <\/strong>Quelle entr\u00e9e du Toulousain qui claque deux aces pour ses deux premiers ballons. Les Bleus d\u00e9crochent le premier set apr\u00e8s 24 minutes de jeu.<\/p>\n<p><img alt=\"Entr\u00e9e parfaite de Nathan Feral avec deux aces pour boucler le set.\" loading=\"lazy\" width=\"980\" height=\"573\" decoding=\"async\" data-nimg=\"1\" class=\"img-responsive spinner-show\" style=\"color:transparent;background-size:cover;background-position:50% 50%;background-repeat:no-repeat;background-image:url(&quot;data:image\/svg+xml;charset=utf-8,%3Csvg xmlns=\" http:=\"\" viewbox=\"0 0 980 573\" id=\"b\" color-interpolation-filters=\"sRGB\" stddeviation=\"20\" values=\"1 0 0 0 0 0 1 0 0 0 0 0 1 0 0 0 0 0 100 -1\" result=\"s\" x=\"0\" y=\"0\" operator=\"out\" in=\"s\" in2=\"SourceGraphic\" preserveaspectratio=\"none\" href=\"https:\/\/images.lanouvellerepublique.fr\/image\/upload\/t_88w\/f_auto\/683764a09d993673148b4584.jpg\"   src=\"https:\/\/www.europesays.com\/fr\/wp-content\/uploads\/2025\/05\/683764a09d993673148b4584.jpg\"\/><\/p>\n<p style=\"background-color:#F2F2F2;padding:5px;margin-top:0px;margin-bottom:10px\">Entr\u00e9e parfaite de Nathan Feral avec deux aces pour boucler le set.<br \/> \u00a9 (Photo NR, Julien Pruvost)<\/p>\n<p><strong>24-18.<\/strong> Ace de Nathan Feral\u00a0!! Balle de set pour la France.<\/p>\n<p><strong>23-18. <\/strong>Henno trouve les mains adverses et relance les Bleus. Tout est plus propre c\u00f4t\u00e9 Tch\u00e8que mais les Fran\u00e7ais se rapprochent du gain du set.<\/p>\n<p><strong>21-16. <\/strong>Indra ram\u00e8ne les siens \u00e0 cinq points.<\/p>\n<p><strong>20-13. <\/strong>Le jeu des Tch\u00e8ques est tr\u00e8s ax\u00e9 sur l\u2019ancien Chaumontais Patrick Indra, qui parvient de temps en temps \u00e0 faire craquer la d\u00e9fense tricolore.<\/p>\n<p><img alt=\"Les Bleus r\u00e9alisent un tr\u00e8s bon d\u00e9but de partie.\" loading=\"lazy\" width=\"980\" height=\"573\" decoding=\"async\" data-nimg=\"1\" class=\"img-responsive spinner-show\" style=\"color:transparent;background-size:cover;background-position:50% 50%;background-repeat:no-repeat;background-image:url(&quot;data:image\/svg+xml;charset=utf-8,%3Csvg xmlns=\" http:=\"\" viewbox=\"0 0 980 573\" id=\"b\" color-interpolation-filters=\"sRGB\" stddeviation=\"20\" values=\"1 0 0 0 0 0 1 0 0 0 0 0 1 0 0 0 0 0 100 -1\" result=\"s\" x=\"0\" y=\"0\" operator=\"out\" in=\"s\" in2=\"SourceGraphic\" preserveaspectratio=\"none\" href=\"https:\/\/images.lanouvellerepublique.fr\/image\/upload\/t_88w\/f_auto\/68375e0051e6153e568b457d.jpg\"   src=\"https:\/\/www.europesays.com\/fr\/wp-content\/uploads\/2025\/05\/68375e0051e6153e568b457d.jpg\"\/><\/p>\n<p style=\"background-color:#F2F2F2;padding:5px;margin-top:0px;margin-bottom:10px\">Les Bleus r\u00e9alisent un tr\u00e8s bon d\u00e9but de partie.<br \/> \u00a9 (Photo NR, Julien Pruvost)<\/p>\n<p><strong>19-10. <\/strong>Les Bleus se battent sur tous les ballons et sont r\u00e9compens\u00e9s.<\/p>\n<p><strong>16-10. <\/strong>Apr\u00e8s un temps-mort, le Niortais Anatole Chaboissant fait son entr\u00e9e au service.<\/p>\n<p><strong>15-9. <\/strong>Encore un nouveau service dans le filet pour les Rouge. D\u00e9j\u00e0 le quatri\u00e8me. La France s\u2019envole.<\/p>\n<p><strong>11-5. <\/strong>Malin, Tr\u00e9vor Cl\u00e9venot d\u00e9pose le ballon juste derri\u00e8re le block adverse. Il est le seul champion olympique \u00e0 \u00eatre pr\u00e9sent ce mercredi apr\u00e8s la blessure de Quentin Jouffroy.<\/p>\n<p><img alt=\"Mouss\u00e9 Gueye et les Bleus sont bien entr\u00e9s dans la rencontre.\" loading=\"lazy\" width=\"980\" height=\"573\" decoding=\"async\" data-nimg=\"1\" class=\"img-responsive spinner-show\" style=\"color:transparent;background-size:cover;background-position:50% 50%;background-repeat:no-repeat;background-image:url(&quot;data:image\/svg+xml;charset=utf-8,%3Csvg xmlns=\" http:=\"\" viewbox=\"0 0 980 573\" id=\"b\" color-interpolation-filters=\"sRGB\" stddeviation=\"20\" values=\"1 0 0 0 0 0 1 0 0 0 0 0 1 0 0 0 0 0 100 -1\" result=\"s\" x=\"0\" y=\"0\" operator=\"out\" in=\"s\" in2=\"SourceGraphic\" preserveaspectratio=\"none\" href=\"https:\/\/images.lanouvellerepublique.fr\/image\/upload\/t_88w\/f_auto\/68375d7de03abeb9758b4573.jpg\"   src=\"https:\/\/www.europesays.com\/fr\/wp-content\/uploads\/2025\/05\/68375d7de03abeb9758b4573.jpg\"\/><\/p>\n<p style=\"background-color:#F2F2F2;padding:5px;margin-top:0px;margin-bottom:10px\">Mouss\u00e9 Gueye et les Bleus sont bien entr\u00e9s dans la rencontre.<br \/> \u00a9 (Photo NR, Julien Pruvost)<\/p>\n<p><strong>10-4. <\/strong>La France continue de creuser l\u2019\u00e9cart avec un nouveau smash d\u2019Henno, puis c\u2019est Gueye qui trouve les mains adverses. Jiri Novak demande un temps-mort.<\/p>\n<p><strong>6-2. <\/strong>\u00c9norme block de Mouss\u00e9 Gueye qui lobe les Tch\u00e8ques.<\/p>\n<p><strong>1-0. <\/strong>Premier point inscrit pour Mathis Henno en s\u00e9lection\u00a0!!! Le futur joueur de\u00a0Cuprum Gorz\u00f3w (Pologne) lance la partie.<\/p>\n<p><strong>0-0.<\/strong> Tr\u00e9vor Cl\u00e9venot, Joris Seddik, Th\u00e9o Faure, Amir Tizi-Oualou, Mathis Henno et Benjamin Diez vont d\u00e9buter la rencontre c\u00f4t\u00e9 Fran\u00e7ais.<\/p>\n<p>Avant-match<\/p>\n<p><strong>20\u00a0h\u00a029. <\/strong>La Marseillaise r\u00e9sonne \u00e0 Grenon\u00a0!<\/p>\n<p><strong>20\u00a0h\u00a026. <\/strong>Les supporteurs tricolores sont d\u00e9sormais debout et acclament leurs prot\u00e9g\u00e9s qui vont tenter de conserver leur titre en VNL. Mais aussi de remporter le Mondial, en septembre, pour la premi\u00e8re fois de leur histoire.<\/p>\n<p><strong>20\u00a0h\u00a025. <\/strong>C\u2019est parti pour la pr\u00e9sentation des deux \u00e9quipes, \u00e0 commencer par la R\u00e9publique tch\u00e8que, 18e\u00a0nation mondiale. Elle \u00e9voluera en rouge ce mercredi.<\/p>\n<p><strong>20\u00a0h\u00a023. <\/strong>Face aux Tch\u00e8ques, les jeunes Fran\u00e7ais vont tenter de faire leur place pour la 1re \u00e9tape de VNL au Canada (11 au 15\u00a0juin avec des matchs contre l\u2019Argentine, l\u2019Allemagne et le pays h\u00f4te). \u00ab\u00a0Je vais regarder comment les joueurs vont jouer, comment ils vont prendre leurs responsabilit\u00e9s, mais aussi leur adaptation face aux difficult\u00e9s\u00a0\u00bb, d\u00e9taille Andrea Gianni. Pour les \u00e9tapes suivantes en Bulgarie (25 au 29\u00a0juin), puis en Pologne (16 au 20\u00a0juillet), les cadres de l\u2019\u00e9quipe de France devraient petit \u00e0 petit faire leur retour.<\/p>\n<p><img alt=\"L\u2019\u00e9quipe de France avant le d\u00e9but de la rencontre.\" loading=\"lazy\" width=\"980\" height=\"573\" decoding=\"async\" data-nimg=\"1\" class=\"img-responsive spinner-show\" style=\"color:transparent;background-size:cover;background-position:50% 50%;background-repeat:no-repeat;background-image:url(&quot;data:image\/svg+xml;charset=utf-8,%3Csvg xmlns=\" http:=\"\" viewbox=\"0 0 980 573\" id=\"b\" color-interpolation-filters=\"sRGB\" stddeviation=\"20\" values=\"1 0 0 0 0 0 1 0 0 0 0 0 1 0 0 0 0 0 100 -1\" result=\"s\" x=\"0\" y=\"0\" operator=\"out\" in=\"s\" in2=\"SourceGraphic\" preserveaspectratio=\"none\" href=\"https:\/\/images.lanouvellerepublique.fr\/image\/upload\/t_88w\/f_auto\/683754ac9d9936675a8b4581.jpg\"   src=\"https:\/\/www.europesays.com\/fr\/wp-content\/uploads\/2025\/05\/683754ac9d9936675a8b4581.jpg\"\/><\/p>\n<p style=\"background-color:#F2F2F2;padding:5px;margin-top:0px;margin-bottom:10px\">L\u2019\u00e9quipe de France avant le d\u00e9but de la rencontre.<br \/> \u00a9 (Photo NR, Julien Pruvost)<\/p>\n<p><strong>20\u00a0h\u00a020. <\/strong>Ces joueurs ont l\u2019avantage d\u2019avoir d\u00e9j\u00e0 \u00e9volu\u00e9 ensemble en \u00e9quipe de jeunes avec la s\u00e9lection. Bon nombre d\u2019entre eux ont m\u00eame \u00e9t\u00e9 titr\u00e9s lors du championnat du monde U19 (2023), ou des championnats d\u2019Europe U17 (2019), U19 (2024), U21 (2024), U22 (2024). De quoi pr\u00e9parer l\u2019avenir\u00a0: \u00ab\u00a0Le projet de Los Angeles 2028 se profile et c\u2019est important de voir ces joueurs-l\u00e0\u00a0\u00bb, explique Pascal Foussard, manageur des Bleus.<\/p>\n<p><strong>20\u00a0h\u00a015. <\/strong>Avec 22,5 ans de moyenne d\u2019\u00e2ge, c\u2019est une nouvelle g\u00e9n\u00e9ration qui va tenter de se faire sa place chez les Bleus. Seul Tr\u00e9vor Cl\u00e9venot d\u00e9passe la barre des 30\u00a0ans alors que le benjamin du groupe, le Toulousain Noa Duflos-Rossi, n\u2019est pas encore majeur (17\u00a0ans et demi).<\/p>\n<p><img alt=\"Le libero Luca Ramon est l\u2019un des trois Tourangeaux retenus en \u00e9quipe de France, avec Antoine Pothron et Alexandre Strehlau.\" loading=\"lazy\" width=\"980\" height=\"573\" decoding=\"async\" data-nimg=\"1\" class=\"img-responsive spinner-show\" style=\"color:transparent;background-size:cover;background-position:50% 50%;background-repeat:no-repeat;background-image:url(&quot;data:image\/svg+xml;charset=utf-8,%3Csvg xmlns=\" http:=\"\" viewbox=\"0 0 980 573\" id=\"b\" color-interpolation-filters=\"sRGB\" stddeviation=\"20\" values=\"1 0 0 0 0 0 1 0 0 0 0 0 1 0 0 0 0 0 100 -1\" result=\"s\" x=\"0\" y=\"0\" operator=\"out\" in=\"s\" in2=\"SourceGraphic\" preserveaspectratio=\"none\" href=\"https:\/\/images.lanouvellerepublique.fr\/image\/upload\/t_88w\/f_auto\/683754f7eeb0613f7b8b4582.jpg\"   src=\"https:\/\/www.europesays.com\/fr\/wp-content\/uploads\/2025\/05\/683754f7eeb0613f7b8b4582.jpg\"\/><\/p>\n<p style=\"background-color:#F2F2F2;padding:5px;margin-top:0px;margin-bottom:10px\">Le libero Luca Ramon est l\u2019un des trois Tourangeaux retenus en \u00e9quipe de France, avec Antoine Pothron et Alexandre Strehlau.<br \/> \u00a9 (Photo NR, Julien Pruvost)<\/p>\n<p><strong>20\u00a0h\u00a012. <\/strong>En parlant de Tourangeaux, il faut noter la pr\u00e9sence c\u00f4t\u00e9 tch\u00e8que de Jakub Klajmon, ancien joueur du Tours Volley-Ball (2022-2024). Parmi les autres joueurs pass\u00e9s par le championnat de France, l\u2019ancien Chaumontais Patrik Indra, aujourd\u2019hui au Norwid Cz\u0119stochowa (le futur club du Fran\u00e7ais Amir Tizi-Oualou) ou le coach Jiri Novak, ancien joueur l\u00e9gendaire de Paris (1999-2012). Et si la plupart des joueurs jouent au pays, Lukas Vasina a \u00e9galement affront\u00e9 le TVB cette ann\u00e9e, avec\u00a0Rzesz\u00f3w, en Coupe\u00a0CEV.<\/p>\n<p><strong>20\u00a0h\u00a010. <\/strong>Ce mercredi, huit joueurs parmi les seize pourraient faire leurs d\u00e9buts avec le maillot des Bleus (en senior)\u00a0: le Niortais Anatole Chaboissant, Noa Duflos-Rossi, Nathan Feral, Mathis Henno, Henri Leon, le Poitevin Simon Magnin et les Tourangeaux Alexandre Strehlau et Lucas Ramon. Un autre joueur du TVB cette saison est pr\u00e9sent durant ce rassemblement, <a target=\"_self\" href=\"https:\/\/www.lanouvellerepublique.fr\/tours\/les-bleus-la-pologne-les-nouveaux-defis-de-pothron-apres-le-tours-vb-1748259359\" rel=\"noopener\">Antoine Pothron<\/a>, qui a d\u00e9j\u00e0 jou\u00e9 avec la France.<\/p>\n<p><strong>20\u00a0h\u00a005. <\/strong>C\u2019est le premier match des Bleus depuis le titre olympique \u00e0 Paris. Mais pas de Grebennikov, Ngapeth ou Toniutti durant la rencontre, plut\u00f4t des Ramon, Henno ou Chaboissant pour ce premier match de pr\u00e9paration \u00e0 la VNL. \u00ab\u00a0C\u2019est un bon moment pour donner du temps de jeu et conna\u00eetre les nouveaux joueurs. C\u2019est int\u00e9ressant pour eux, il faut leur donner des marques, ce sera important pour les prochaines ann\u00e9es\u00a0\u00bb, confie Andrea Gianni, le s\u00e9lectionneur des Bleus.<\/p>\n<p><strong>20\u00a0h.<\/strong> Bonsoir et bienvenue sur ce direct\u00a0! Ce mercredi 28\u00a0mai 2025, l\u2019\u00e9quipe de France de volley-ball est de retour sur les terrains. Elle affronte la R\u00e9publique tch\u00e8que, en match amical, \u00e0 Tours. Coup d\u2019envoi \u00e0 Grenon, \u00e0 20\u00a0h\u00a030.<\/p>\n","protected":false},"excerpt":{"rendered":"France\u00a0&#8211; R\u00e9publique tch\u00e8que\u00a0: 4-0 (25-18, 25-20, 25-23, 25-22) Ce direct \u00e9tait anim\u00e9 par les journalistes du service des&hellip;\n","protected":false},"author":2,"featured_media":135651,"comment_status":"","ping_status":"","sticky":false,"template":"","format":"standard","meta":{"footnotes":""},"categories":[4],"tags":[1392,11,1654,24849,1011,27,1387,12,6752,1653,25,60,1390,1471,1470],"class_list":{"0":"post-135650","1":"post","2":"type-post","3":"status-publish","4":"format-standard","5":"has-post-thumbnail","7":"category-france","8":"tag-a-la-une-local","9":"tag-actualites","10":"tag-alterna-stade-poitevin-volley-ball","11":"tag-equipe-de-france-volley","12":"tag-fr","13":"tag-france","14":"tag-indre-et-loire","15":"tag-news","16":"tag-niort","17":"tag-poitiers","18":"tag-republique-francaise","19":"tag-sports","20":"tag-tours","21":"tag-tours-volley-ball","22":"tag-volley"},"share_on_mastodon":{"url":"https:\/\/pubeurope.com\/@fr\/114588415939134708","error":""},"_links":{"self":[{"href":"https:\/\/www.europesays.com\/fr\/wp-json\/wp\/v2\/posts\/135650","targetHints":{"allow":["GET"]}}],"collection":[{"href":"https:\/\/www.europesays.com\/fr\/wp-json\/wp\/v2\/posts"}],"about":[{"href":"https:\/\/www.europesays.com\/fr\/wp-json\/wp\/v2\/types\/post"}],"author":[{"embeddable":true,"href":"https:\/\/www.europesays.com\/fr\/wp-json\/wp\/v2\/users\/2"}],"replies":[{"embeddable":true,"href":"https:\/\/www.europesays.com\/fr\/wp-json\/wp\/v2\/comments?post=135650"}],"version-history":[{"count":0,"href":"https:\/\/www.europesays.com\/fr\/wp-json\/wp\/v2\/posts\/135650\/revisions"}],"wp:featuredmedia":[{"embeddable":true,"href":"https:\/\/www.europesays.com\/fr\/wp-json\/wp\/v2\/media\/135651"}],"wp:attachment":[{"href":"https:\/\/www.europesays.com\/fr\/wp-json\/wp\/v2\/media?parent=135650"}],"wp:term":[{"taxonomy":"category","embeddable":true,"href":"https:\/\/www.europesays.com\/fr\/wp-json\/wp\/v2\/categories?post=135650"},{"taxonomy":"post_tag","embeddable":true,"href":"https:\/\/www.europesays.com\/fr\/wp-json\/wp\/v2\/tags?post=135650"}],"curies":[{"name":"wp","href":"https:\/\/api.w.org\/{rel}","templated":true}]}}