{"id":135664,"date":"2025-05-29T01:09:08","date_gmt":"2025-05-29T01:09:08","guid":{"rendered":"https:\/\/www.europesays.com\/fr\/135664\/"},"modified":"2025-05-29T01:09:08","modified_gmt":"2025-05-29T01:09:08","slug":"cyril-hanouna-sur-w9-sa-nouvelle-recrue-une-influenceuse-onlyfans","status":"publish","type":"post","link":"https:\/\/www.europesays.com\/fr\/135664\/","title":{"rendered":"Cyril Hanouna sur W9 : sa nouvelle recrue ? Une influenceuse OnlyFans"},"content":{"rendered":"<p>Suite \u00e0 la d\u00e9cision de l&rsquo;Arcom de ne pas renouveler la fr\u00e9quence de C8, <a href=\"https:\/\/www.public.fr\/tag\/cyril-hanouna\" target=\"_blank\" rel=\"noopener\">Cyril Hanouna<\/a> a \u00e9t\u00e9 contraint de rebondir rapidement. <\/p>\n<p>D\u00e8s la rentr\u00e9e prochaine, le trublion du PAF fera son grand retour \u00e0 la t\u00e9l\u00e9vision avec <strong>une nouvelle \u00e9mission intitul\u00e9e Tout beau Tout N9uf<\/strong>. Un programme qui devrait \u00eatre \u00e0 l&rsquo;oppos\u00e9 de <a href=\"https:\/\/www.public.fr\/tag\/touche-pas-a-mon-poste\" target=\"_blank\" rel=\"noopener\">Touche Pas \u00e0 Mon Poste<\/a>. <\/p>\n<p>Plus de politique pour Cyril Hanouna<\/p>\n<p>En rejoignant le groupe M6, <strong>l&rsquo;animateur vedette s&rsquo;est bel et bien engag\u00e9 \u00e0 tirer un trait sur la politique<\/strong>.  <\/p>\n<p>\u00ab\u00a0Le recrutement de Cyril Hanouna est une \u00e9tape importante dans la transformation du groupe. (&#8230;) Nous avons commenc\u00e9 \u00e0 travailler avec lui et ses \u00e9quipes depuis quelques semaines\u00a0\u00bb, a d&rsquo;ailleurs r\u00e9cemment confi\u00e9 David Larramendy, le directeur g\u00e9n\u00e9ral du groupe M6, au micro de CB News. <\/p>\n<p>Et d&rsquo;ajouter : \u00ab\u00a0C\u2019est vrai qu&rsquo;il y a eu un certain nombre de d\u00e9bordements inacceptables. Nous en avons parl\u00e9 avec Cyril Hanouna et St\u00e9phane Courbit. (&#8230;)\u00a0Nous avons \u00e9tabli des limites claires \u00e0 ne pas franchir : pas de promotion des fake news, pas de discours politis\u00e9 et pas d&rsquo;attaques ad hominem\u00a0\u00bb. <\/p>\n<p>La team Tout beau Tout N9uf se r\u00e9v\u00e8le<\/p>\n<p>Dans trois mois, Cyril Hanouna devrait donc se lancer dans une toute nouvelle aventure. Une aventure qu&rsquo;il \u00e9voque r\u00e9guli\u00e8rement sur les ondes d&rsquo;Europe 1. <\/p>\n<p>Dans son \u00e9mission radio, il avait notamment r\u00e9v\u00e9l\u00e9 que <strong>Val\u00e9rie B\u00e9na\u00efm devrait se joindre \u00e0 lui d\u00e8s la rentr\u00e9e prochaine<\/strong>. Quant \u00e0 G\u00e9raldine Maillet, \u00ab\u00a0c&rsquo;est un peu plus un secret\u00a0\u00bb. <\/p>\n<p>Pour ce qui est de Jordan de Luxe : \u00ab\u00a0Toute l&rsquo;ann\u00e9e prochaine, \u00e7a va \u00eatre tr\u00e8s long pour moi avec lui\u2026 Il ne va pas falloir vous dissiper si vous voulez faire partie de l&rsquo;aventure avec moi, je vous le dis\u00a0\u00bb, a-t-il ainsi expliqu\u00e9. <\/p>\n<p>Une star d&rsquo;<strong>OnlyFans<\/strong> au casting ?<\/p>\n<p>Ce mercredi 28 mai 2025, c&rsquo;est un nouveau nom qui est venu s&rsquo;ajouter \u00e0 la liste des personnalit\u00e9s potentiellement pr\u00e9sentes sur le plateau de Tout beau Tout N9uf. <\/p>\n<p>Selon les informations de Cl\u00e9ment Garin, <strong>Cyril Hanouna aurait en effet annonc\u00e9 que<\/strong> <strong><a href=\"https:\/\/www.instagram.com\/thaisgauchkarian\/?hl=fr\" target=\"_blank\" rel=\"noreferrer noopener\">Tha\u00efs Gauchkarian<\/a>, \u00ab\u00a0la jeune influenceuse OnlyFans qui avait \u00e9t\u00e9 refoul\u00e9e par la RATP en raison d&rsquo;une tenue jug\u00e9e trop courte\u00a0\u00bb, venait d&rsquo;\u00eatre recrut\u00e9e. <\/strong><\/p>\n<p>\u00ab\u00a0<strong>Elle sera dans un premier temps test\u00e9e au pilote, et pourra rejoindre l&rsquo;\u00e9mission si c&rsquo;est concluant<\/strong>\u00ab\u00a0, a pr\u00e9cis\u00e9 notre confr\u00e8re. Une news qui a suscit\u00e9 de vives r\u00e9actions. <\/p>\n<p>\u00ab\u00a0Elle n&rsquo;ira pas plus loin que la phase de test, c&rsquo;est pour arranger les choses avec le chauffeur\u00a0\u00bb, \u00ab\u00a0Tellement pr\u00e9visible Hanouna. Il invite le chauffeur sur la radio, et embauche cette provocatrice. Elle a tout gagn\u00e9. Des followers. Un Job, apr\u00e8s avoir mis en sc\u00e8ne son buzz\u00a0\u00bb, \u00ab\u00a0La tv buzz qui recrute une influence buzz\u00a0\u00bb\u00a0ou encore\u00a0\u00ab\u00a0Mdr, il s\u2019annonce grandiose le niveau de l\u2019\u00e9mission\u00a0\u00bb, se sont indign\u00e9s plusieurs internautes. Affaire \u00e0 suivre donc&#8230; <\/p>\n<blockquote class=\"twitter-tweet\">\n<p>\ud83d\udcfa Sur Europe 1, <a href=\"https:\/\/twitter.com\/Cyrilhanouna?ref_src=twsrc%5Etfw\" target=\"_blank\" rel=\"noopener\">@Cyrilhanouna<\/a> annonce recruter \ud835\udc2e\ud835\udc27\ud835\udc1e \ud835\udc27\ud835\udc28\ud835\udc2e\ud835\udc2f\ud835\udc1e\ud835\udc25\ud835\udc25\ud835\udc1e \ud835\udc1c\ud835\udc21\ud835\udc2b\ud835\udc28\ud835\udc27\ud835\udc22\ud835\udc2a\ud835\udc2e\ud835\udc1e\ud835\udc2e\ud835\udc2c\ud835\udc1e pour <a href=\"https:\/\/twitter.com\/hashtag\/TBT9?src=hash&amp;ref_src=twsrc%5Etfw\" target=\"_blank\" rel=\"noopener\">#TBT9<\/a>, sa nouvelle \u00e9mission sur W9.<\/p>\n<p>Il s&rsquo;agit de \ud835\udc13\ud835\udc21\ud835\udc1a\ud835\udc22\u0308\ud835\udc2c \ud835\udc06\ud835\udc1a\ud835\udc2e\ud835\udc1c\ud835\udc21\ud835\udc24\ud835\udc1a\ud835\udc2b\ud835\udc22\ud835\udc1a\ud835\udc27, la jeune influenceuse OnlyFans, qui avait \u00e9t\u00e9 refoul\u00e9e par la RATP en raison d&rsquo;une tenue\u2026 <a href=\"https:\/\/t.co\/ysqO49Hxmt\">pic.twitter.com\/ysqO49Hxmt<\/a><\/p>\n<p>\u2014 Cl\u00e9ment Garin (@clem_garin) <a href=\"https:\/\/twitter.com\/clem_garin\/status\/1927743469352600012?ref_src=twsrc%5Etfw\" target=\"_blank\" rel=\"noopener\">May 28, 2025<\/a><\/p><\/blockquote>\n<p>      Mentionn\u00e9s dans cet article<\/p>\n<p>\u00c0 lire aussi<\/p>\n<p><script async src=\"https:\/\/platform.twitter.com\/widgets.js\" charset=\"utf-8\"><\/script><script async src=\"\/\/www.instagram.com\/embed.js\"><\/script><\/p>\n","protected":false},"excerpt":{"rendered":"Suite \u00e0 la d\u00e9cision de l&rsquo;Arcom de ne pas renouveler la fr\u00e9quence de C8, Cyril Hanouna a \u00e9t\u00e9&hellip;\n","protected":false},"author":2,"featured_media":135665,"comment_status":"","ping_status":"","sticky":false,"template":"","format":"standard","meta":{"footnotes":""},"categories":[1359],"tags":[1083,58,59,1011,27,15214,973,2395],"class_list":{"0":"post-135664","1":"post","2":"type-post","3":"status-publish","4":"format-standard","5":"has-post-thumbnail","7":"category-people","8":"tag-cyril-hanouna","9":"tag-divertissement","10":"tag-entertainment","11":"tag-fr","12":"tag-france","13":"tag-onlyfans","14":"tag-people","15":"tag-w9"},"share_on_mastodon":{"url":"https:\/\/pubeurope.com\/@fr\/114588454930498943","error":""},"_links":{"self":[{"href":"https:\/\/www.europesays.com\/fr\/wp-json\/wp\/v2\/posts\/135664","targetHints":{"allow":["GET"]}}],"collection":[{"href":"https:\/\/www.europesays.com\/fr\/wp-json\/wp\/v2\/posts"}],"about":[{"href":"https:\/\/www.europesays.com\/fr\/wp-json\/wp\/v2\/types\/post"}],"author":[{"embeddable":true,"href":"https:\/\/www.europesays.com\/fr\/wp-json\/wp\/v2\/users\/2"}],"replies":[{"embeddable":true,"href":"https:\/\/www.europesays.com\/fr\/wp-json\/wp\/v2\/comments?post=135664"}],"version-history":[{"count":0,"href":"https:\/\/www.europesays.com\/fr\/wp-json\/wp\/v2\/posts\/135664\/revisions"}],"wp:featuredmedia":[{"embeddable":true,"href":"https:\/\/www.europesays.com\/fr\/wp-json\/wp\/v2\/media\/135665"}],"wp:attachment":[{"href":"https:\/\/www.europesays.com\/fr\/wp-json\/wp\/v2\/media?parent=135664"}],"wp:term":[{"taxonomy":"category","embeddable":true,"href":"https:\/\/www.europesays.com\/fr\/wp-json\/wp\/v2\/categories?post=135664"},{"taxonomy":"post_tag","embeddable":true,"href":"https:\/\/www.europesays.com\/fr\/wp-json\/wp\/v2\/tags?post=135664"}],"curies":[{"name":"wp","href":"https:\/\/api.w.org\/{rel}","templated":true}]}}