{"id":135668,"date":"2025-05-29T01:11:10","date_gmt":"2025-05-29T01:11:10","guid":{"rendered":"https:\/\/www.europesays.com\/fr\/135668\/"},"modified":"2025-05-29T01:11:10","modified_gmt":"2025-05-29T01:11:10","slug":"meghan-markle-ce-livre-explosif-de-son-demi-frere-qui-a-de-quoi-la-faire-trembler","status":"publish","type":"post","link":"https:\/\/www.europesays.com\/fr\/135668\/","title":{"rendered":"Meghan Markle : ce livre explosif de son demi-fr\u00e8re qui a de quoi la faire trembler"},"content":{"rendered":"<p data-start=\"327\" data-end=\"760\">\u00ab\u00a0Famille, je vous hais\u00a0\u00bb. Cette<br \/>\nphrase, <a href=\"https:\/\/www.closermag.fr\/bio-people\/biographie-de-meghan-markle-682925\" rel=\"nofollow noopener\" target=\"_blank\"><br \/>\nMeghan Markle<\/a> pourrait la r\u00e9p\u00e9ter tous les jours. D\u00e9j\u00e0<br \/>\n<strong>atomis\u00e9e par son p\u00e8re et sa demi-s\u0153ur<\/strong>, la duchesse<br \/>\nde Sussex est maintenant poignard\u00e9e dans le dos par un autre<br \/>\nmembre. Thomas Markle Jr. a en effet annonc\u00e9 \u00eatre en train de<br \/>\ntravailler sur un livre, qui inclura les souvenirs de son enfance.<br \/>\nDepuis les Philippines, o\u00f9 il vit avec Thomas Markle, le demi-fr\u00e8re<br \/>\nde Meghan se frotte les mains.<\/p>\n<p data-start=\"762\" data-end=\"1215\">Et avant m\u00eame la sortie de ce<br \/>\nlivre explosif, <a href=\"https:\/\/www.closermag.fr\/royautes\/thomas-markle-jr-le-frere-de-meghan-markle-est-devenu-sans-abri-976785#item=1\" rel=\"nofollow noopener\" target=\"_blank\"><br \/>\nThomas Markle Jr.<\/a> annonce la couleur. \u00ab\u00a0\u00c7a va \u00eatre bien.<br \/>\nJ\u2019aimerais vraiment cr\u00e9er un spin-off du livre, et une fois le<br \/>\nlivre lu, le documentaire suivra. Je ne suis pas avide, <strong>ce<br \/>\nn\u2019est pas une question d\u2019argent<\/strong>, c\u2019est une question de<br \/>\nprincipe\u00a0\u00bb, a-t-il assur\u00e9. Pour le moment, le demi-fr\u00e8re de la<br \/>\nduchesse fait monter la sauce sans d\u00e9voiler ce qu\u2019il r\u00e9v\u00e8lera dans<br \/>\nce livre. Mais il le jure : il sera \u00ab\u00a0juteux\u00a0\u00bb.<\/p>\n<p data-start=\"762\" data-end=\"1215\"><img itemprop=\"thumbnailUrl\" decoding=\"async\" loading=\"lazy\" class=\"size-full wp-image-3545508 img-responsive aligncenter\" src=\"https:\/\/www.europesays.com\/fr\/wp-content\/uploads\/2025\/05\/bestimage_00458942_000004.jpg\" alt=\"\" width=\"1625\" height=\"2088\"\/> \u00a9<br \/>\nBestimage<\/p>\n<p>La duchesse a grandi \u00ab\u00a0en<br \/>\nmangeant des salades \u00e0 5 dollars\u00a0\u00bb<\/p>\n<p data-start=\"1217\" data-end=\"1897\">Avec cette publication, il<br \/>\ncompte r\u00e9pondre aux accusations de Meghan Markle. <strong>\u00ab\u00a0Nous<br \/>\nn\u2019\u00e9tions pas pauvres\u00a0\u00bb<\/strong>, a-t-il lanc\u00e9 au<br \/>\nMirror. Dans une longue<br \/>\nlettre envoy\u00e9e \u00e0 des politiques am\u00e9ricains, l\u2019\u00e9pouse du <a href=\"https:\/\/www.closermag.fr\/bio-people\/biographie-prince-harry-112725\" rel=\"nofollow noopener\" target=\"_blank\"><br \/>\nprince Harry<\/a> expliquait avoir v\u00e9cu une enfance particuli\u00e8rement<br \/>\nmodeste. \u00ab\u00a0J\u2019ai grandi en mangeant des salades \u00e0 5 $ chez<br \/>\nSizzler, commen\u00e7ait-elle. Cela co\u00fbtait peut-\u00eatre moins<br \/>\ncher \u00e0 l\u2019\u00e9poque (pour \u00eatre honn\u00eate, je ne m\u2019en souviens pas) \u2013 mais<br \/>\nce dont je me souviens, c\u2019est le sentiment : je savais \u00e0 quel point<br \/>\nmes parents travaillaient dur pour se le permettre, parce que m\u00eame<br \/>\n\u00e0 cinq dollars, manger au restaurant \u00e9tait quelque chose de sp\u00e9cial<br \/>\net je me sentais chanceuse.\u00a0\u00bb<\/p>\n<p data-start=\"1899\" data-end=\"2442\">\u00ab\u00a0En tant que scout, quand<br \/>\nma troupe allait d\u00eener pour une grande f\u00eate, c\u2019\u00e9tait dans ce m\u00eame<br \/>\nbar \u00e0 salades ou The Old Spaghetti Factory, parce que c\u2019est ce que<br \/>\nces familles pouvaient se permettre, ajoutait Meghan<br \/>\nMarkle. J\u2019ai commenc\u00e9 \u00e0 travailler au magasin de yaourt glac\u00e9<br \/>\nlocal \u00e0 l\u2019\u00e2ge de 13 ans. J\u2019ai travaill\u00e9 toute ma vie et j\u2019ai<br \/>\n\u00e9conomis\u00e9 quand et o\u00f9 je le pouvais \u2013 mais m\u00eame cela \u00e9tait un luxe<br \/>\n\u2013 parce qu\u2019il s\u2019agissait g\u00e9n\u00e9ralement de <strong>joindre les deux<br \/>\nbouts<\/strong> et d\u2019avoir de quoi payer mon loyer et mettre de<br \/>\nl\u2019essence dans ma voiture.\u00a0\u00bb<\/p>\n<p>Meghan Markle prise en flagrant d\u00e9lit de mensonges ?<\/p>\n<p data-start=\"2444\" data-end=\"2848\">Des propos violemment<br \/>\ncritiqu\u00e9s par une partie de la presse. Mais aussi et surtout par la<br \/>\nfamille de Meghan Markle, notamment son p\u00e8re. \u00ab\u00a0Elle n\u2019a jamais<br \/>\neu \u00e0 s\u2019inqui\u00e9ter de quelque chose comme \u00e7a dans sa vie,<br \/>\nr\u00e9pondait Thomas Markle dans les colonnes du Sun. Nous n\u2019avons jamais eu \u00e0 compter nos<br \/>\nsous et nous contenter du bar \u00e0 salades.\u00a0\u00bb Son fr\u00e8re non plus<br \/>\nne garde pas les m\u00eames souvenirs d\u2019enfance.<\/p>\n<p data-start=\"2850\" data-end=\"3259\">\u00ab\u00a0Ce n\u2019est qu\u2019une autre de<br \/>\nces histoires bidon qu\u2019elle a vendues \u00e0 la famille royale pour<br \/>\nobtenir de la sympathie. Nous n\u2019\u00e9tions pas pauvres. Elle n\u2019avait<br \/>\npas \u00e0 se frotter les mains au bar \u00e0 salades Sizzler\u00a0\u00bb,<br \/>\nassurait-il. Alors <strong>man\u0153uvre financi\u00e8re ou v\u00e9ritable livre<br \/>\nexplosif<\/strong> ? Meghan Markle doit se poser la question. Et<br \/>\nattendre impatiemment la sortie de ce nouveau livre qui promet des<br \/>\nr\u00e9v\u00e9lations g\u00eanantes.<\/p>\n","protected":false},"excerpt":{"rendered":"\u00ab\u00a0Famille, je vous hais\u00a0\u00bb. Cette phrase, Meghan Markle pourrait la r\u00e9p\u00e9ter tous les jours. D\u00e9j\u00e0 atomis\u00e9e par son&hellip;\n","protected":false},"author":2,"featured_media":135669,"comment_status":"","ping_status":"","sticky":false,"template":"","format":"standard","meta":{"footnotes":""},"categories":[1357],"tags":[548,1379,58,59,1011,27,1380,908],"class_list":{"0":"post-135668","1":"post","2":"type-post","3":"status-publish","4":"format-standard","5":"has-post-thumbnail","7":"category-livres","8":"tag-article-simple","9":"tag-books","10":"tag-divertissement","11":"tag-entertainment","12":"tag-fr","13":"tag-france","14":"tag-livres","15":"tag-meghan-markle"},"share_on_mastodon":{"url":"https:\/\/pubeurope.com\/@fr\/114588462911049390","error":""},"_links":{"self":[{"href":"https:\/\/www.europesays.com\/fr\/wp-json\/wp\/v2\/posts\/135668","targetHints":{"allow":["GET"]}}],"collection":[{"href":"https:\/\/www.europesays.com\/fr\/wp-json\/wp\/v2\/posts"}],"about":[{"href":"https:\/\/www.europesays.com\/fr\/wp-json\/wp\/v2\/types\/post"}],"author":[{"embeddable":true,"href":"https:\/\/www.europesays.com\/fr\/wp-json\/wp\/v2\/users\/2"}],"replies":[{"embeddable":true,"href":"https:\/\/www.europesays.com\/fr\/wp-json\/wp\/v2\/comments?post=135668"}],"version-history":[{"count":0,"href":"https:\/\/www.europesays.com\/fr\/wp-json\/wp\/v2\/posts\/135668\/revisions"}],"wp:featuredmedia":[{"embeddable":true,"href":"https:\/\/www.europesays.com\/fr\/wp-json\/wp\/v2\/media\/135669"}],"wp:attachment":[{"href":"https:\/\/www.europesays.com\/fr\/wp-json\/wp\/v2\/media?parent=135668"}],"wp:term":[{"taxonomy":"category","embeddable":true,"href":"https:\/\/www.europesays.com\/fr\/wp-json\/wp\/v2\/categories?post=135668"},{"taxonomy":"post_tag","embeddable":true,"href":"https:\/\/www.europesays.com\/fr\/wp-json\/wp\/v2\/tags?post=135668"}],"curies":[{"name":"wp","href":"https:\/\/api.w.org\/{rel}","templated":true}]}}