{"id":135675,"date":"2025-05-29T01:15:13","date_gmt":"2025-05-29T01:15:13","guid":{"rendered":"https:\/\/www.europesays.com\/fr\/135675\/"},"modified":"2025-05-29T01:15:13","modified_gmt":"2025-05-29T01:15:13","slug":"un-lien-entre-microplastiques-et-risques-de-demence-plusieurs-etudes-sonnent-lalarme","status":"publish","type":"post","link":"https:\/\/www.europesays.com\/fr\/135675\/","title":{"rendered":"Un lien entre microplastiques et risques de d\u00e9mence ? Plusieurs \u00e9tudes sonnent l&rsquo;alarme"},"content":{"rendered":"<p>Plats cuisin\u00e9s, bouteilles d&rsquo;eau&#8230; Les microplastiques sont partout et au coeur de toutes les interrogations sur les effets sur la sant\u00e9. Ultra-pr\u00e9sents dans notre quotidien et notamment dans les produits ultra-transform\u00e9s, ils pourraient avoir des effets d\u00e9l\u00e9t\u00e8res sur notre sant\u00e9 mentale.<\/p>\n<p>Comme le rapporte <a data-i13n=\"cpos:1;pos:1\" href=\"https:\/\/www.franceinfo.fr\/replay-radio\/le-billet-vert\/comment-des-microplastiques-se-retrouvent-ils-dans-nos-cerveaux_7258989.html?fbclid=IwY2xjawKj-_9leHRuA2FlbQIxMABicmlkETBtRXdrWVR5SUhUamJSdVJtAR4WZ4J3WPxSpIyjPyVU_lWtoixQBqv98_R5jly7Y7QuJu6t35z9_sSIc4lBRQ_aem_35bAaaKUx9jqv_h7o7PxAg\" rel=\"nofollow noopener\" target=\"_blank\" data-ylk=\"slk:France Info;cpos:1;pos:1;elm:context_link;itc:0;sec:content-canvas\" class=\"link \">France Info<\/a>, plusieurs \u00e9tudes font le lien entre les microplastiques issus des aliments ultratransform\u00e9s et l\u2019augmentation mondiale des taux de d\u00e9pression, de d\u00e9mences et autre trouble mental.<\/p>\n<p>7g de microplastique dans le cerveau<\/p>\n<p>De l&rsquo;assiette au cerveau, il n&rsquo;y a qu&rsquo;un pas pour ces microplastiques. C&rsquo;est ce que montrent ces \u00e9tudes, qui constatent que leur pr\u00e9sence est de plus en plus accrue. Un cerveau humain contient l\u2019\u00e9quivalent d\u2019une cuill\u00e8re \u00e0 caf\u00e9 de microplastique, soit 7 grammes, selon Tamara Galloway, \u00e9cotoxicologue \u00e0 l\u2019universit\u00e9 d\u2019Exeter, au Royaume-Uni, qui publie les conclusions de ses recherches <a data-i13n=\"cpos:2;pos:1\" href=\"https:\/\/archive.md\/20250507191023\/https:\/www.newscientist.com\/article\/mg26635421-000-what-are-microplastics-doing-to-your-brain-were-starting-to-find-out\/#selection-1367.190-1375.34\" rel=\"nofollow noopener\" target=\"_blank\" data-ylk=\"slk:dans la revue &quot;New scientist;cpos:2;pos:1;elm:context_link;itc:0;sec:content-canvas\" class=\"link \">dans la revue \u00ab\u00a0New scientist<\/a>. Une concentration qui a augment\u00e9 de moiti\u00e9 en une d\u00e9cennie, \u00e0 la faveur du d\u00e9veloppement du plastique dans notre quotidien.<\/p>\n<p>En septembre dernier, <a data-i13n=\"cpos:3;pos:1\" href=\"http:\/\/jamanetwork.com\/journals\/jamanetworkopen\/fullarticle\/10.1001\/jamanetworkopen.2024.40018?utm_source=For_The_Media&amp;utm_medium=referral&amp;utm_campaign=ftm_links&amp;utm_term=091624\" rel=\"nofollow noopener\" target=\"_blank\" data-ylk=\"slk:une \u00e9tude;cpos:3;pos:1;elm:context_link;itc:0;sec:content-canvas\" class=\"link \">une \u00e9tude<\/a> de chercheurs de l\u2019universit\u00e9 de S\u00e3o Paulo (Br\u00e9sil) publi\u00e9e dans la revue m\u00e9dicale Journal of the American Medical Association montrait que des microplastiques p\u00e9n\u00e9treraient dans notre cerveau d\u00e8s que nous respirons.<\/p>\n<p>Les individus souffrant de d\u00e9mence ont 3 \u00e0 5 fois plus de microplastiques dans le cerveau<\/p>\n<p>Mais surtout, statistiquement, il existe une corr\u00e9lation entre le taux de particules de plastique dans le cerveau et la sant\u00e9 mentale. Selon une \u00e9tude men\u00e9e sur 10 millions de personnes, les individus ayant un diagnostic de d\u00e9mence affichent aussi un taux de microplastiques dans le cerveau trois \u00e0 cinq fois plus \u00e9lev\u00e9 que le reste de la population.<\/p>\n<p>Selon des \u00e9tudes men\u00e9es sur des animaux, la pr\u00e9sence de microplastiques dans le cerveau a pour effet des dysfonctionnements et des inflammations, ce qui peut expliquer l&rsquo;apparition de troubles mentaux.<\/p>\n<p>Des liens entre produits ultratransform\u00e9s et d\u00e9pression, et entre produits ultratransform\u00e9s et plastique<\/p>\n<p>D&rsquo;autant que le lien entre consommation de produits ultratransform\u00e9s et d\u00e9pression a d\u00e9j\u00e0 \u00e9t\u00e9 \u00e9tabli par une \u00e9tude, qui montre que la consommation d&rsquo;aliments ultratransform\u00e9s entrainait une augmentation de 22% du risque de faire un \u00e9pisode d\u00e9pressif par rapport \u00e0 la moyenne, et augmentait de 40% le risque d\u2019anxi\u00e9t\u00e9 et de troubles du sommeil compar\u00e9 \u00e0 la population.<\/p>\n<p>L&rsquo;auteur d&rsquo;une \u00e9tude, le docteur Nicholas Fabiano estime que \u00ab\u00a0l&rsquo;on peut logiquement supposer que s\u2019il y a des quantit\u00e9s importantes de plastique dans le cerveau, que cela aura des implications pour la sant\u00e9 mentale\u00a0\u00bb, rapporte le quotidien canadien <a data-i13n=\"cpos:4;pos:1\" href=\"https:\/\/www.lapresse.ca\/actualites\/sante\/2025-03-07\/demence\/le-cerveau-contient-une-cuilleree-de-microplastiques.php\" rel=\"nofollow noopener\" target=\"_blank\" data-ylk=\"slk:La Presse;cpos:4;pos:1;elm:context_link;itc:0;sec:content-canvas\" class=\"link \">La Presse<\/a>.<\/p>\n<p>Des effets n\u00e9fastes sur le cerveau des animaux<\/p>\n<p>S&rsquo;il n&rsquo;existe pas de lien direct entre sant\u00e9 mentale et microplastiques, il existe d&rsquo;un c\u00f4t\u00e9 un lien entre produits ultra-transform\u00e9s et microplastiques, et de l&rsquo;autre entre produits ultra-transform\u00e9s et d\u00e9pression.<\/p>\n<p>Des \u00e9tudes men\u00e9es chez des animaux donnent des r\u00e9sultats inqui\u00e9tants. Des abeilles expos\u00e9es au plastique montrent un probl\u00e8me de m\u00e9moire : elles oublient les fleurs \u00e0 butiner et parviennent difficilement \u00e0 les retrouver compar\u00e9 aux abeilles qui n&rsquo;y ont pas \u00e9t\u00e9 expos\u00e9es.<\/p>\n<p>Le corps parvient \u00e0 \u00e9liminer en partie les microplastiques<\/p>\n<p>Chez les rongeurs, l\u2019ingestion de microplastiques nuit \u00e0 la capacit\u00e9 des souris \u00e0 se d\u00e9placer dans des labyrinthes ou limite leur capacit\u00e9 \u00e0 percevoir le danger face \u00e0 des pr\u00e9dateurs naturels.<\/p>\n<p>Mais le corps a la capacit\u00e9 \u00e0 \u00e9liminer en partie les microplastiques, via la transpiration et l&rsquo;urine notamment. \u00c0 condition toutefois de limiter l&rsquo;exposition, en \u00e9vitant les bouteilles plastiques, les contenants en plastiques ou encore en limitant les aliments ultra transform\u00e9s.<\/p>\n","protected":false},"excerpt":{"rendered":"Plats cuisin\u00e9s, bouteilles d&rsquo;eau&#8230; Les microplastiques sont partout et au coeur de toutes les interrogations sur les effets&hellip;\n","protected":false},"author":2,"featured_media":135676,"comment_status":"","ping_status":"","sticky":false,"template":"","format":"standard","meta":{"footnotes":""},"categories":[10],"tags":[12608,26156,1283,1011,27,72,26157,6579,71,2072],"class_list":{"0":"post-135675","1":"post","2":"type-post","3":"status-publish","4":"format-standard","5":"has-post-thumbnail","7":"category-sante","8":"tag-bouteilles-deau","9":"tag-effets-sur-la-sante","10":"tag-etudes","11":"tag-fr","12":"tag-france","13":"tag-health","14":"tag-la-sante-mentale","15":"tag-plastique","16":"tag-sante","17":"tag-sante-mentale"},"share_on_mastodon":{"url":"https:\/\/pubeurope.com\/@fr\/114588478548825573","error":""},"_links":{"self":[{"href":"https:\/\/www.europesays.com\/fr\/wp-json\/wp\/v2\/posts\/135675","targetHints":{"allow":["GET"]}}],"collection":[{"href":"https:\/\/www.europesays.com\/fr\/wp-json\/wp\/v2\/posts"}],"about":[{"href":"https:\/\/www.europesays.com\/fr\/wp-json\/wp\/v2\/types\/post"}],"author":[{"embeddable":true,"href":"https:\/\/www.europesays.com\/fr\/wp-json\/wp\/v2\/users\/2"}],"replies":[{"embeddable":true,"href":"https:\/\/www.europesays.com\/fr\/wp-json\/wp\/v2\/comments?post=135675"}],"version-history":[{"count":0,"href":"https:\/\/www.europesays.com\/fr\/wp-json\/wp\/v2\/posts\/135675\/revisions"}],"wp:featuredmedia":[{"embeddable":true,"href":"https:\/\/www.europesays.com\/fr\/wp-json\/wp\/v2\/media\/135676"}],"wp:attachment":[{"href":"https:\/\/www.europesays.com\/fr\/wp-json\/wp\/v2\/media?parent=135675"}],"wp:term":[{"taxonomy":"category","embeddable":true,"href":"https:\/\/www.europesays.com\/fr\/wp-json\/wp\/v2\/categories?post=135675"},{"taxonomy":"post_tag","embeddable":true,"href":"https:\/\/www.europesays.com\/fr\/wp-json\/wp\/v2\/tags?post=135675"}],"curies":[{"name":"wp","href":"https:\/\/api.w.org\/{rel}","templated":true}]}}