{"id":135679,"date":"2025-05-29T01:17:12","date_gmt":"2025-05-29T01:17:12","guid":{"rendered":"https:\/\/www.europesays.com\/fr\/135679\/"},"modified":"2025-05-29T01:17:12","modified_gmt":"2025-05-29T01:17:12","slug":"ophelie-winter-la-pauvre-cest-vraiment-triste-bravo-pour-son-courage-meconnaissable-critiquee-sur-son-physique-lors-de-son-passage-sur-c-a-vous-lartiste-peut-compter-sur-ses-soutiens","status":"publish","type":"post","link":"https:\/\/www.europesays.com\/fr\/135679\/","title":{"rendered":"Oph\u00e9lie Winter &#8211; \u00ab\u00a0La pauvre, c&rsquo;est vraiment triste\u00a0\u00bb, \u00ab\u00a0Bravo pour son courage\u00a0\u00bb, \u00ab\u00a0M\u00e9connaissable\u00a0\u00bb : critiqu\u00e9e sur son physique lors de son passage sur \u00ab\u00a0C \u00e0 vous\u00a0\u00bb, l&rsquo;artiste peut compter sur ses soutiens"},"content":{"rendered":"<p>\u00ab\u00a0Ce massacre.\u00a0\u00bb Voil\u00e0 ce que l&rsquo;on peut lire sur les r\u00e9seaux sociaux depuis ce mardi 27 mai.\u00a0\u00bbElle \u00e9tait si jolie pur\u00e9e\u00a0\u00bb, Elle a 51 ans, elle fait 70 ans\u00a0\u00bb, \u00ab\u00a0M\u00e9connaissable\u00a0\u00bb, \u00ab\u00a0Il faut qu&rsquo;elle arr\u00eate la chirurgie esth\u00e9tique\u00a0\u00bb, \u00ab\u00a0C&rsquo;est affreux\u00a0\u00bb, \u00ab\u00a0Elle est juste difforme\u00a0\u00bb, \u00ab\u00a0Elle fait peur \u00e0 voir\u00a0\u00bb, \u00ab\u00a0Son chirurgien est un criminel\u00a0\u00bb, \u00ab\u00a0Quel carnage\u00a0\u00bb, &#8230; Vous en voulez encore ? Parce que depuis son apparition \u00e0 la t\u00e9l\u00e9vision, <a data-i13n=\"cpos:1;pos:1\" href=\"https:\/\/fr.news.yahoo.com\/oph%C3%A9lie-winter-quitt%C3%A9-pays-deurope-080900824.html\" data-ylk=\"slk:Oph\u00e9lie Winter;cpos:1;pos:1;elm:context_link;itc:0;sec:content-canvas;outcm:mb_qualified_link;_E:mb_qualified_link;ct:story;\" class=\"link  yahoo-link\" target=\"_blank\" rel=\"noopener\">Oph\u00e9lie Winter<\/a> ne re\u00e7oit que ce genre de remarques d\u00e9plac\u00e9es sur son physique. Sur les r\u00e9seaux sociaux, les commentaires n\u00e9gatifs pullulent.<\/p>\n<p>Et pour cause : l&rsquo;artiste \u00e9tait sur le plateau de l&rsquo;\u00e9mission C \u00e0 vous, pour la toute premi\u00e8re fois. Et c&rsquo;est <a data-i13n=\"cpos:2;pos:1\" href=\"https:\/\/fr.style.yahoo.com\/jai-%C3%A9t%C3%A9-vraiment-d%C3%A9figur%C3%A9e-oph%C3%A9lie-085800928.html\" data-ylk=\"slk:compl\u00e8tement chang\u00e9e;cpos:2;pos:1;elm:context_link;itc:0;sec:content-canvas;outcm:mb_qualified_link;_E:mb_qualified_link;ct:story;\" class=\"link  yahoo-link\" target=\"_blank\" rel=\"noopener\">compl\u00e8tement chang\u00e9e<\/a> qu&rsquo;elle est apparue \u00e0 l&rsquo;\u00e9cran. Celle qui d\u00e9teste les interviews n&rsquo;en avait pas accord\u00e9es depuis un long moment, et les t\u00e9l\u00e9spectateurs ont visiblement \u00e9t\u00e9 surpris en la (re)d\u00e9couvrant.<\/p>\n<blockquote placeholder=\"\" data-theme=\"light\" class=\"twitter-tweet\">\n<p>Outch je ne l\u2019avais pas reconnu,mais qu\u2019est ce qu\u2019elle a fait \u00e0 son visage \u2026c\u2019est horrible<\/p>\n<p>\u2014 Sylvie Delsol (@DelsolSylvie) <a href=\"https:\/\/twitter.com\/DelsolSylvie\/status\/1927538584107802663?ref_src=twsrc%5Etfw\" rel=\"nofollow noopener\" target=\"_blank\" data-ylk=\"slk:May 28, 2025;elm:context_link;itc:0;sec:content-canvas\" class=\"link \">May 28, 2025<\/a><\/p>\n<\/blockquote>\n<p>\u00ab\u00a0Elle \u00e9tait si jolie au naturel\u00a0\u00bb, lance un internaute sur X. Si certains l&rsquo;accusent d&rsquo;avoir abus\u00e9 de la chirurgie esth\u00e9tique, d&rsquo;autres sont persuad\u00e9es que l&rsquo;ex mannequin a \u00e9t\u00e9 consommatrice de drogues &#8211; dont certaines sont \u00e0 l&rsquo;origine d&rsquo;effets irr\u00e9versibles sur le nez. Oph\u00e9lie Winter, elle, assure avoir \u00e9t\u00e9 d\u00e9figur\u00e9e lors de l&rsquo;un des plus grands drames de sa vie.<\/p>\n<p>Aujourd&rsquo;hui et depuis plusieurs ann\u00e9es d\u00e9j\u00e0, elle \u00e9vite les miroirs. \u00ab\u00a0Je suis dysmorphophobique depuis la jeunesse\u00a0\u00bb, a-t-elle d&rsquo;abord d\u00e9voil\u00e9 dans l&rsquo;\u00e9mission d&rsquo;Anne-\u00c9lisabeth Lemoine. Un trouble mental qui ne l&rsquo;a jamais aid\u00e9 \u00e0 s&rsquo;accepter, et qui a \u00e9t\u00e9 accentu\u00e9 par un terrible accident. Sur le plateau de C \u00e0 vous, l&rsquo;ancienne actrice et chanteuse confie avoir \u00e9t\u00e9 victime d&rsquo;un cambriolage tr\u00e8s violent, au cours duquel les agresseurs l&rsquo;ont frapp\u00e9e au visage avec une barre de fer. Un \u00e9pisode qui l&rsquo;a laiss\u00e9e \u00ab\u00a0d\u00e9figur\u00e9e\u00a0\u00bb et qui l&rsquo;a oblig\u00e9e \u00e0 subir plusieurs op\u00e9rations de chirurgie r\u00e9paratrice. \u00ab\u00a0Maintenant que j&rsquo;ai \u00e9t\u00e9 vraiment d\u00e9figur\u00e9e pendant mon cambriolage et que je n&rsquo;ai plus de nez, j&rsquo;ai vraiment une raison de me trouver\u2026 malheureusement d\u00e9figur\u00e9e. Je me sens mieux dans mes baskets parce que je n&rsquo;ai plus de miroir chez moi\u00a0\u00bb, avoue la quinquag\u00e9naire.<\/p>\n<blockquote placeholder=\"\" data-theme=\"light\" class=\"twitter-tweet\">\n<p>\u2728 \u00ab\u00a0Je n\u2019aime pas trop les interviews, j\u2019aime bien ne pas parler. Il s\u2019est pass\u00e9 un \u00e9v\u00e9nement dans ma vie ; depuis, j\u2019ai compl\u00e8tement chang\u00e9 ma fa\u00e7on d\u2019aborder plein de trucs.\u00a0\u00bb<\/p>\n<p>Les confidences d\u2019Oph\u00e9lie Winter dans <a href=\"https:\/\/twitter.com\/hashtag\/C%C3%A0Vous?src=hash&amp;ref_src=twsrc%5Etfw\" rel=\"nofollow noopener\" target=\"_blank\" data-ylk=\"slk:#C\u00e0Vous;elm:context_link;itc:0;sec:content-canvas\" class=\"link \">#C\u00e0Vous<\/a> <a href=\"https:\/\/t.co\/Rcm7fYJAUx\" rel=\"nofollow noopener\" target=\"_blank\" data-ylk=\"slk:pic.twitter.com\/Rcm7fYJAUx;elm:context_link;itc:0;sec:content-canvas\" class=\"link \">pic.twitter.com\/Rcm7fYJAUx<\/a><\/p>\n<p>\u2014 C \u00e0 vous (@cavousf5) <a href=\"https:\/\/twitter.com\/cavousf5\/status\/1927432042817478798?ref_src=twsrc%5Etfw\" rel=\"nofollow noopener\" target=\"_blank\" data-ylk=\"slk:May 27, 2025;elm:context_link;itc:0;sec:content-canvas\" class=\"link \">May 27, 2025<\/a><\/p>\n<\/blockquote>\n<p>\u00ab\u00a0Maintenant, je m&rsquo;assume beaucoup moins, avec justement ce dont je vous ai parl\u00e9. Sur le fait de ne plus me reconna\u00eetre, d&rsquo;avoir un minuscule bout de nez, j&rsquo;ai l&rsquo;impression que tout prend une proportion \u00e9norme, donc je me sens tr\u00e8s mal \u00e0 l&rsquo;aise l\u00e0-dessus\u00a0\u00bb, explique Oph\u00e9lie Winter. Heureusement, ses fans sont l\u00e0 pour la soutenir. \u00ab\u00a0Bravo pour son courage\u00a0\u00bb, lance un internaute sur TikTok. \u00ab\u00a0La pauvre, c&rsquo;est vraiment triste\u00a0\u00bb, souffle un autre, \u00e9mu. \u00ab\u00a0C&rsquo;est pas beau de se moquer du physique des gens, surtout quand on sait comment \u00e7a lui est arriv\u00e9. Soyez bienveillants.\u00a0\u00bb Celles et ceux qui aiment la voir sur sc\u00e8ne la retrouveront les 6 et 7 juin prochains, \u00e0 l&rsquo;occasion du concert Stars 80 \/ Stars 90 &#8211; La Grande Battle \u00e0 la Decathlon Arena de Lille.<\/p>\n<p><script async src=\"https:\/\/platform.twitter.com\/widgets.js\" charset=\"utf-8\"><\/script><\/p>\n","protected":false},"excerpt":{"rendered":"\u00ab\u00a0Ce massacre.\u00a0\u00bb Voil\u00e0 ce que l&rsquo;on peut lire sur les r\u00e9seaux sociaux depuis ce mardi 27 mai.\u00a0\u00bbElle \u00e9tait&hellip;\n","protected":false},"author":2,"featured_media":135680,"comment_status":"","ping_status":"","sticky":false,"template":"","format":"standard","meta":{"footnotes":""},"categories":[8],"tags":[58,59,1011,27,25836],"class_list":{"0":"post-135679","1":"post","2":"type-post","3":"status-publish","4":"format-standard","5":"has-post-thumbnail","7":"category-divertissement","8":"tag-divertissement","9":"tag-entertainment","10":"tag-fr","11":"tag-france","12":"tag-ophelie-winter"},"share_on_mastodon":{"url":"https:\/\/pubeurope.com\/@fr\/114588486429091611","error":""},"_links":{"self":[{"href":"https:\/\/www.europesays.com\/fr\/wp-json\/wp\/v2\/posts\/135679","targetHints":{"allow":["GET"]}}],"collection":[{"href":"https:\/\/www.europesays.com\/fr\/wp-json\/wp\/v2\/posts"}],"about":[{"href":"https:\/\/www.europesays.com\/fr\/wp-json\/wp\/v2\/types\/post"}],"author":[{"embeddable":true,"href":"https:\/\/www.europesays.com\/fr\/wp-json\/wp\/v2\/users\/2"}],"replies":[{"embeddable":true,"href":"https:\/\/www.europesays.com\/fr\/wp-json\/wp\/v2\/comments?post=135679"}],"version-history":[{"count":0,"href":"https:\/\/www.europesays.com\/fr\/wp-json\/wp\/v2\/posts\/135679\/revisions"}],"wp:featuredmedia":[{"embeddable":true,"href":"https:\/\/www.europesays.com\/fr\/wp-json\/wp\/v2\/media\/135680"}],"wp:attachment":[{"href":"https:\/\/www.europesays.com\/fr\/wp-json\/wp\/v2\/media?parent=135679"}],"wp:term":[{"taxonomy":"category","embeddable":true,"href":"https:\/\/www.europesays.com\/fr\/wp-json\/wp\/v2\/categories?post=135679"},{"taxonomy":"post_tag","embeddable":true,"href":"https:\/\/www.europesays.com\/fr\/wp-json\/wp\/v2\/tags?post=135679"}],"curies":[{"name":"wp","href":"https:\/\/api.w.org\/{rel}","templated":true}]}}