{"id":135681,"date":"2025-05-29T01:18:13","date_gmt":"2025-05-29T01:18:13","guid":{"rendered":"https:\/\/www.europesays.com\/fr\/135681\/"},"modified":"2025-05-29T01:18:13","modified_gmt":"2025-05-29T01:18:13","slug":"apple-prepare-le-plus-gros-changement-de-nom-de-son-histoire","status":"publish","type":"post","link":"https:\/\/www.europesays.com\/fr\/135681\/","title":{"rendered":"Apple pr\u00e9pare le plus gros changement de nom de son histoire"},"content":{"rendered":"<p>Apple pr\u00e9pare le plus gros changement de nom de son histoire. Selon Mark Gurman de Bloomberg, la marque va abandonner les num\u00e9ros de version classiques pour adopter les ann\u00e9es. Fini iOS 19, place \u00e0 iOS 26 d\u00e8s la WWDC 2025.<\/p>\n<p><a href=\"https:\/\/images.frandroid.com\/wp-content\/uploads\/2024\/10\/iphone-16-plus-2-1-scaled.jpg\" target=\"_blank\" class=\"article-content__figure\" rel=\"nofollow noopener\"><img fetchpriority=\"high\" decoding=\"async\" loading=\"eager\" width=\"1200\" height=\"901\" src=\"https:\/\/www.europesays.com\/fr\/wp-content\/uploads\/2025\/05\/iphone-16-plus-2-1-1200x901-1.jpg\" alt=\"\" class=\"wp-image-2363218 wp-image wp-image\"  \/><\/a>La fa\u00e7ade et les bordures de l\u2019actuel iPhone 16 Plus \/\/ Source : Chlo\u00e9 Pertuis pour Frandroid<\/p>\n<p>Ce changement toucherait tous les syst\u00e8mes d\u2019exploitation Apple : iOS 26, iPadOS 26, macOS 26, watchOS 26, tvOS 26 et visionOS 26. Une refonte compl\u00e8te de la nomenclature qui accompagne une refonte importante des interfaces <a target=\"_blank\" href=\"https:\/\/www.bloomberg.com\/news\/articles\/2025-05-28\/apple-to-rebrand-device-operating-systems-ios-26-macos-26-watchos-26?srnd=undefined&amp;embedded-checkout=true\" rel=\"nofollow noopener\">selon les sources de Mark Gurman<\/a>.<\/p>\n<p>Un passage d\u2019iOS 18 \u00e0 iOS 26 surprendrait par son ampleur. Apple saute deliber\u00e9ment plusieurs versions pour aligner tous ses syst\u00e8mes sur l\u2019ann\u00e9e 2026. <\/p>\n<p>Cette approche rappelle Windows dans les ann\u00e9es 90, qui utilisait d\u00e9j\u00e0 les ann\u00e9es (Windows 95, 98, 2000). Microsoft avait ensuite abandonn\u00e9 ce syst\u00e8me.<\/p>\n<p>Apple copie enfin Windows 95 (avec 30 ans de retard)<\/p>\n<p>L\u2019id\u00e9e fait sens dans un monde o\u00f9 Apple sort ses OS annuellement. Au lieu de jongler avec iOS 18, iPadOS 18, macOS Sequoia 15, watchOS 11, l\u2019entreprise unifie tout sous la banni\u00e8re 2026. Plus simple pour les utilisateurs et les d\u00e9veloppeurs. Les ann\u00e9es cr\u00e9ent des rep\u00e8res temporels naturels, plus faciles \u00e0 m\u00e9moriser que des suites de chiffres arbitraires.<\/p>\n<p>Apple peut aussi mieux synchroniser ses annonces marketing. Tous les appareils b\u00e9n\u00e9ficient des \u00ab\u00a0innovations 2026\u00a0\u00bb simultan\u00e9ment. Une coh\u00e9rence qui renforce l\u2019image d\u2019\u00e9cosyst\u00e8me int\u00e9gr\u00e9 ch\u00e8re \u00e0 la marque.<\/p>\n<p class=\"shortcode-container see-more\">\n    Pour aller plus loin<br \/><a href=\"https:\/\/www.frandroid.com\/produits-android\/smartphone\/2604233_apple-reorganiserait-son-calendrier-des-sorties-diphone-voici-ce-que-lon-sait\" rel=\"nofollow noopener\" target=\"_blank\">Apple r\u00e9organiserait son calendrier  des sorties d\u2019iPhone : voici ce que l\u2019on sait<\/a>\n            <\/p>\n","protected":false},"excerpt":{"rendered":"Apple pr\u00e9pare le plus gros changement de nom de son histoire. Selon Mark Gurman de Bloomberg, la marque&hellip;\n","protected":false},"author":2,"featured_media":135682,"comment_status":"","ping_status":"","sticky":false,"template":"","format":"standard","meta":{"footnotes":""},"categories":[7],"tags":[1011,27,4240,43,40,41,39,42,44],"class_list":{"0":"post-135681","1":"post","2":"type-post","3":"status-publish","4":"format-standard","5":"has-post-thumbnail","7":"category-sciences-et-technologies","8":"tag-fr","9":"tag-france","10":"tag-mark-gurman","11":"tag-science","12":"tag-science-and-technology","13":"tag-sciences","14":"tag-sciences-et-technologies","15":"tag-technologies","16":"tag-technology"},"share_on_mastodon":{"url":"https:\/\/pubeurope.com\/@fr\/114588490388944465","error":""},"_links":{"self":[{"href":"https:\/\/www.europesays.com\/fr\/wp-json\/wp\/v2\/posts\/135681","targetHints":{"allow":["GET"]}}],"collection":[{"href":"https:\/\/www.europesays.com\/fr\/wp-json\/wp\/v2\/posts"}],"about":[{"href":"https:\/\/www.europesays.com\/fr\/wp-json\/wp\/v2\/types\/post"}],"author":[{"embeddable":true,"href":"https:\/\/www.europesays.com\/fr\/wp-json\/wp\/v2\/users\/2"}],"replies":[{"embeddable":true,"href":"https:\/\/www.europesays.com\/fr\/wp-json\/wp\/v2\/comments?post=135681"}],"version-history":[{"count":0,"href":"https:\/\/www.europesays.com\/fr\/wp-json\/wp\/v2\/posts\/135681\/revisions"}],"wp:featuredmedia":[{"embeddable":true,"href":"https:\/\/www.europesays.com\/fr\/wp-json\/wp\/v2\/media\/135682"}],"wp:attachment":[{"href":"https:\/\/www.europesays.com\/fr\/wp-json\/wp\/v2\/media?parent=135681"}],"wp:term":[{"taxonomy":"category","embeddable":true,"href":"https:\/\/www.europesays.com\/fr\/wp-json\/wp\/v2\/categories?post=135681"},{"taxonomy":"post_tag","embeddable":true,"href":"https:\/\/www.europesays.com\/fr\/wp-json\/wp\/v2\/tags?post=135681"}],"curies":[{"name":"wp","href":"https:\/\/api.w.org\/{rel}","templated":true}]}}