{"id":135683,"date":"2025-05-29T01:19:10","date_gmt":"2025-05-29T01:19:10","guid":{"rendered":"https:\/\/www.europesays.com\/fr\/135683\/"},"modified":"2025-05-29T01:19:10","modified_gmt":"2025-05-29T01:19:10","slug":"avec-trump-le-milieu-des-cryptomonnaies-a-un-defenseur-et-un-allie-selon-vance-actualites","status":"publish","type":"post","link":"https:\/\/www.europesays.com\/fr\/135683\/","title":{"rendered":"Avec Trump, le milieu des cryptomonnaies a un \u00ab\u00a0d\u00e9fenseur\u00a0\u00bb et un \u00ab\u00a0alli\u00e9\u00a0\u00bb, selon Vance : Actualit\u00e9s"},"content":{"rendered":"<p class=\"lead \">Le milieu des cryptomonnaies dispose d\u00e9sormais d&rsquo;un \u00ab\u00a0d\u00e9fenseur\u00a0\u00bb et d&rsquo;un \u00ab\u00a0alli\u00e9\u00a0\u00bb \u00e0 la Maison Blanche en la personne de Donald Trump, a clam\u00e9 mercredi le vice-pr\u00e9sident des Etats-Unis, JD Vance, alors que les critiques fustigent l&rsquo;implication du milliardaire dans divers projets personnels autour des devises num\u00e9riques.<\/p>\n<p class=\"lead \">\u00ab\u00a0Nous donnons priorit\u00e9 \u00e0 l&rsquo;\u00e9limination des r\u00e8gles, de la bureaucratie et des lois qui, selon nous, \u00e9taient dirig\u00e9es contre les cryptos par nos pr\u00e9d\u00e9cesseurs\u00a0\u00bb, a profess\u00e9 l&rsquo;ancien s\u00e9nateur de l&rsquo;Ohio lors d&rsquo;une intervention \u00e0 l&rsquo;occasion de la conf\u00e9rence Bitcoin 2025 \u00e0 Las Vegas (Nevada).<\/p>\n<p class=\"lead \">Depuis son investiture, Donald Trump a nomm\u00e9 \u00e0 la t\u00eate de l&rsquo;Autorit\u00e9 am\u00e9ricaine de r\u00e9gulation des march\u00e9s financiers, la SEC, un partisan des cryptomonnaies, Paul Atkins, qui a succ\u00e9d\u00e9 \u00e0 Gary Gensler, adepte d&rsquo;une ligne dure et r\u00e9pressive.<\/p>\n<p class=\"lead \">\u00ab\u00a0Nous allons virer tous les gens comme lui\u00a0\u00bb, a lanc\u00e9 JD Vance au sujet de Gary Gensler, accus\u00e9 d'\u00a0\u00bbattaquer la moindre initiative pour d\u00e9mocratiser nos march\u00e9s financiers (&#8230;) sous pr\u00e9texte de prot\u00e9ger les consommateurs\u00a0\u00bb.<\/p>\n<p class=\"lead \">Le pr\u00e9sident des Etats-Unis a \u00e9galement institu\u00e9 une \u00ab\u00a0r\u00e9serve strat\u00e9gique\u00a0\u00bb f\u00e9d\u00e9rale aliment\u00e9e par des bitcoins saisis par la justice am\u00e9ricaine et amen\u00e9 l&rsquo;un des r\u00e9gulateurs bancaires am\u00e9ricains, l&rsquo;OCC, \u00e0 clairement autoriser les \u00e9tablissements financiers traditionnels \u00e0 utiliser les devises num\u00e9riques.<\/p>\n<p class=\"lead \">Il milite aussi pour le vote de deux textes en cours d&rsquo;examen au Congr\u00e8s.<\/p>\n<p class=\"lead \">Le premier, qui instaure un cadre l\u00e9gal pour les \u00ab\u00a0stablecoins\u00a0\u00bb, devrait faire prochainement l&rsquo;objet d&rsquo;un examen final au S\u00e9nat.<\/p>\n<p class=\"lead \">\u00ab\u00a0Nous voulons simplement que nos compatriotes prennent conscience que les cryptos et les actifs num\u00e9riques font d\u00e9sormais partie de l&rsquo;\u00e9conomie r\u00e9elle et sont l\u00e0 pour longtemps\u00a0\u00bb, a martel\u00e9 JD Vance.<\/p>\n<p class=\"lead \">Longtemps oppos\u00e9 aux cryptomonnaies, Donald Trump a fait volte-face l&rsquo;an dernier, un revirement qui lui a valu des contributions colossales du secteur \u00e0 sa campagne pr\u00e9sidentielle.<\/p>\n<p class=\"lead \">Sur le plan personnel, il a multipli\u00e9 les projets autour de ces actifs d&rsquo;un nouveau genre.<\/p>\n<p class=\"lead \">Il a pr\u00eat\u00e9 son nom \u00e0 une nouvelle plateforme d&rsquo;\u00e9changes, appel\u00e9e World Liberty Financial, et mis sur le march\u00e9 sa propre devise num\u00e9rique, le $TRUMP, quelques heures avant son investiture, en janvier.<\/p>\n<p class=\"lead \">Le 22 mai, il a invit\u00e9 \u00e0 d\u00eener les 220 plus gros d\u00e9tenteurs de $TRUMP, suscitant de vives critiques relatives \u00e0 un possible conflit d&rsquo;int\u00e9r\u00eat.<\/p>\n<p class=\"lead \">Mardi, la soci\u00e9t\u00e9 de m\u00e9dias qui porte son nom, Trump Media and Technology Group (TMTG), a annonc\u00e9 la lev\u00e9e de 2,5 milliards de dollars pour investir dans des cryptomonnaies.<\/p>\n<p class=\"small font-weight-bold text-gray3 \"> publi\u00e9 le 28 mai \u00e0 20h57, AFP<\/p>\n<p>                             Partager<\/p>\n","protected":false},"excerpt":{"rendered":"Le milieu des cryptomonnaies dispose d\u00e9sormais d&rsquo;un \u00ab\u00a0d\u00e9fenseur\u00a0\u00bb et d&rsquo;un \u00ab\u00a0alli\u00e9\u00a0\u00bb \u00e0 la Maison Blanche en la personne&hellip;\n","protected":false},"author":2,"featured_media":135684,"comment_status":"","ping_status":"","sticky":false,"template":"","format":"standard","meta":{"footnotes":""},"categories":[6],"tags":[35,33,34,1011,27,418,311,6205,17050,24357,308],"class_list":{"0":"post-135683","1":"post","2":"type-post","3":"status-publish","4":"format-standard","5":"has-post-thumbnail","7":"category-economie","8":"tag-business","9":"tag-economie","10":"tag-economy","11":"tag-fr","12":"tag-france","13":"tag-gouvernement","14":"tag-informatique","15":"tag-marchs","16":"tag-paiement","17":"tag-services-financiers","18":"tag-usa"},"share_on_mastodon":{"url":"https:\/\/pubeurope.com\/@fr\/114588494295283667","error":""},"_links":{"self":[{"href":"https:\/\/www.europesays.com\/fr\/wp-json\/wp\/v2\/posts\/135683","targetHints":{"allow":["GET"]}}],"collection":[{"href":"https:\/\/www.europesays.com\/fr\/wp-json\/wp\/v2\/posts"}],"about":[{"href":"https:\/\/www.europesays.com\/fr\/wp-json\/wp\/v2\/types\/post"}],"author":[{"embeddable":true,"href":"https:\/\/www.europesays.com\/fr\/wp-json\/wp\/v2\/users\/2"}],"replies":[{"embeddable":true,"href":"https:\/\/www.europesays.com\/fr\/wp-json\/wp\/v2\/comments?post=135683"}],"version-history":[{"count":0,"href":"https:\/\/www.europesays.com\/fr\/wp-json\/wp\/v2\/posts\/135683\/revisions"}],"wp:featuredmedia":[{"embeddable":true,"href":"https:\/\/www.europesays.com\/fr\/wp-json\/wp\/v2\/media\/135684"}],"wp:attachment":[{"href":"https:\/\/www.europesays.com\/fr\/wp-json\/wp\/v2\/media?parent=135683"}],"wp:term":[{"taxonomy":"category","embeddable":true,"href":"https:\/\/www.europesays.com\/fr\/wp-json\/wp\/v2\/categories?post=135683"},{"taxonomy":"post_tag","embeddable":true,"href":"https:\/\/www.europesays.com\/fr\/wp-json\/wp\/v2\/tags?post=135683"}],"curies":[{"name":"wp","href":"https:\/\/api.w.org\/{rel}","templated":true}]}}