{"id":135690,"date":"2025-05-29T01:23:27","date_gmt":"2025-05-29T01:23:27","guid":{"rendered":"https:\/\/www.europesays.com\/fr\/135690\/"},"modified":"2025-05-29T01:23:27","modified_gmt":"2025-05-29T01:23:27","slug":"saint-etienne-pres-de-70-nouveaux-espaces-sans-tabac-mis-en-place","status":"publish","type":"post","link":"https:\/\/www.europesays.com\/fr\/135690\/","title":{"rendered":"Saint-\u00c9tienne : pr\u00e8s de 70 nouveaux espaces sans tabac mis en place"},"content":{"rendered":"<p>\u00c0 quelques jours de la journ\u00e9e mondiale sans tabac, ce samedi 31 mai, la Ville de Saint-\u00c9tienne annonce l&rsquo;instauration d&rsquo;une interdiction de fumer au sein et aux abords de 70 \u00e9quipements municipaux.<\/p>\n<p>Une nouvelle \u00e9tape franchie.<\/p>\n<p>Apr\u00e8s les parcs et jardins, les \u00e9coles et les cr\u00e8ches, il est d\u00e9sormais <b>interdit de fumer<\/b> (y compris la cigarette \u00e9lectronique) <b>dans l&rsquo;enceinte et aux abords des \u00e9quipements culturels et sportifs<\/b> de la ville de <b>Saint-\u00c9tienne<\/b>.<\/p>\n<p>\u00ab\u00a0Cr\u00e9er un cadre de vie plus sain\u00a0\u00bb<\/p>\n<p>Le maire, <b>Ga\u00ebl Perdriau<\/b>, a, en effet, sign\u00e9 deux arr\u00eat\u00e9s pour acter cette d\u00e9cision \u00ab\u00a0allant dans le sens de l&rsquo;int\u00e9r\u00eat g\u00e9n\u00e9ral et de la sant\u00e9 pour tous\u00a0\u00bb, alors que la ville dispose depuis 2023 du label \u00ab\u00a0Espaces sans tabac\u00a0\u00bb attribu\u00e9 par la Ligue contre le cancer.<\/p>\n<p>La zone d&rsquo;interdiction, en cours de r\u00e9alisation, sera mat\u00e9rialis\u00e9e par des panneaux de signalisation. Au total, <b>pr\u00e8s de 70 \u00e9quipements municipaux<\/b> sont concern\u00e9s (lire ci-dessous).\u00a0<\/p>\n<p>\u00ab\u00a0L&rsquo;id\u00e9e, c&rsquo;est de cr\u00e9er un cadre de vie plus sain, protecteur, confie Nadia Semache, adjointe en charge de la sant\u00e9. Aujourd&rsquo;hui, <b>on n&rsquo;ose pas dire aux gens d&rsquo;arr\u00eater de fumer quand ils sont \u00e0 c\u00f4t\u00e9 de nous<\/b>. L&rsquo;objectif est d&rsquo;accompagner ces personnes pour qu&rsquo;elles ne subissent plus ce tabagisme \u00e0 proximit\u00e9 de tous ces lieux culturels et sportifs\u00a0\u00bb.<\/p>\n<p>Les \u00e9quipements culturels<\/p>\n<p>&#8211; La Com\u00e8te<br \/>&#8211; La Maison du Patrimoine et des Lettres<br \/>&#8211; Le mus\u00e9e d&rsquo;Art et d&rsquo;industrie<br \/>&#8211; Le mus\u00e9e de la Mine<br \/>&#8211; L&rsquo;Op\u00e9ra<br \/>&#8211; Le Plan\u00e9tarium<br \/>&#8211; Le Conservatoire Massenet<br \/>&#8211; Les Archives municipales<br \/>&#8211; La m\u00e9diath\u00e8que de Tarentaize<br \/>&#8211; Les biblioth\u00e8ques de proximit\u00e9 de Beaulieu, Carnot, Terrenoire, Solaure, Tr\u00e9filerie, la Cotonne<br \/>&#8211; Parc Explora<br \/>&#8211; Le Fil<br \/>&#8211; La Com\u00e9die<\/p>\n<p>Les salles et les gymnases municipaux<\/p>\n<p>&#8211; M\u00e9tare Sud-Est<br \/>&#8211; Attache aux B\u0153ufs<br \/>&#8211; Beaubrun<br \/>&#8211; Beaulieu<br \/>&#8211; Gounod<br \/>&#8211; La Cotonne<br \/>&#8211; La Jomay\u00e8re<br \/>&#8211; La Perroti\u00e8re<br \/>&#8211; La Rivi\u00e8re<br \/>&#8211; La Ve\u00fce<br \/>&#8211; Molina\u00a0<br \/>&#8211; Tardy<br \/>&#8211; Duchamp-Coignet<br \/>&#8211; Fauriel<br \/>&#8211; Georges Cl\u00e9menceau<br \/>&#8211; Puillet<br \/>&#8211; G\u00e9rard Philippe<br \/>&#8211; Gilles Bousquet<br \/>&#8211; Jean Gachet<br \/>&#8211; Lamartine<br \/>&#8211; La Treyve<br \/>&#8211; Les Champs<br \/>&#8211; Les Condamines<br \/>&#8211; Marc Seguin<br \/>&#8211; Paul Michelon<br \/>&#8211; Puits de la Loire<br \/>&#8211; Puits Thibaud<br \/>&#8211; Les Ovides Giraudet<br \/>&#8211; S\u00e9raph Berland<br \/>&#8211; Saint-Louis<br \/>&#8211; Villeboeuf<br \/>&#8211; Virgile<br \/>&#8211; Vivaraize<br \/>&#8211; Salle Omnisports<br \/>&#8211; Boxe Andr\u00e9 Guyon<br \/>&#8211; Pierre Maisonnial<br \/>&#8211; Montaud<\/p>\n<p>Les stades municipaux<\/p>\n<p>&#8211; Alexandre de Fraissinette\u00a0<br \/>&#8211; Auguste Dury<br \/>&#8211; Eric Theylli\u00e8re<br \/>&#8211; L&rsquo;\u00c9tivalli\u00e8re<br \/>&#8211; M\u00e9ons<br \/>&#8211; Puits de la Loire<br \/>&#8211; Virgile<br \/>&#8211; Fr\u00e8res Grail<br \/>&#8211; G\u00e9rard Farison<br \/>&#8211; Michon<br \/>&#8211; Peyrard (La Cotonne)<br \/>&#8211; Roger Rocher\u00a0<br \/>&#8211; Saint-Sa\u00ebns<br \/>&#8211; Puits Thibaud<br \/>\n    <\/p>\n","protected":false},"excerpt":{"rendered":"\u00c0 quelques jours de la journ\u00e9e mondiale sans tabac, ce samedi 31 mai, la Ville de Saint-\u00c9tienne annonce&hellip;\n","protected":false},"author":2,"featured_media":135691,"comment_status":"","ping_status":"","sticky":false,"template":"","format":"standard","meta":{"footnotes":""},"categories":[9653],"tags":[1111,11,2430,6583,7019,386,1777,674,1011,27,5138,12,25,9920,4001,7499,2858,6582],"class_list":{"0":"post-135690","1":"post","2":"type-post","3":"status-publish","4":"format-standard","5":"has-post-thumbnail","7":"category-saint-etienne","8":"tag-actu","9":"tag-actualites","10":"tag-auvergne-rhone-alpes","11":"tag-cigarette","12":"tag-culturel","13":"tag-espace","14":"tag-eu","15":"tag-europe","16":"tag-fr","17":"tag-france","18":"tag-gymnase","19":"tag-news","20":"tag-republique-francaise","21":"tag-saint-tienne","22":"tag-saint-etienne","23":"tag-sportif","24":"tag-stade","25":"tag-tabac"},"share_on_mastodon":{"url":"https:\/\/pubeurope.com\/@fr\/114588510238749207","error":""},"_links":{"self":[{"href":"https:\/\/www.europesays.com\/fr\/wp-json\/wp\/v2\/posts\/135690","targetHints":{"allow":["GET"]}}],"collection":[{"href":"https:\/\/www.europesays.com\/fr\/wp-json\/wp\/v2\/posts"}],"about":[{"href":"https:\/\/www.europesays.com\/fr\/wp-json\/wp\/v2\/types\/post"}],"author":[{"embeddable":true,"href":"https:\/\/www.europesays.com\/fr\/wp-json\/wp\/v2\/users\/2"}],"replies":[{"embeddable":true,"href":"https:\/\/www.europesays.com\/fr\/wp-json\/wp\/v2\/comments?post=135690"}],"version-history":[{"count":0,"href":"https:\/\/www.europesays.com\/fr\/wp-json\/wp\/v2\/posts\/135690\/revisions"}],"wp:featuredmedia":[{"embeddable":true,"href":"https:\/\/www.europesays.com\/fr\/wp-json\/wp\/v2\/media\/135691"}],"wp:attachment":[{"href":"https:\/\/www.europesays.com\/fr\/wp-json\/wp\/v2\/media?parent=135690"}],"wp:term":[{"taxonomy":"category","embeddable":true,"href":"https:\/\/www.europesays.com\/fr\/wp-json\/wp\/v2\/categories?post=135690"},{"taxonomy":"post_tag","embeddable":true,"href":"https:\/\/www.europesays.com\/fr\/wp-json\/wp\/v2\/tags?post=135690"}],"curies":[{"name":"wp","href":"https:\/\/api.w.org\/{rel}","templated":true}]}}