{"id":135717,"date":"2025-05-29T01:39:09","date_gmt":"2025-05-29T01:39:09","guid":{"rendered":"https:\/\/www.europesays.com\/fr\/135717\/"},"modified":"2025-05-29T01:39:09","modified_gmt":"2025-05-29T01:39:09","slug":"nice-lhelicoptere-du-samu-cloue-au-sol-pour-une-duree-illimitee-voici-pourquoi","status":"publish","type":"post","link":"https:\/\/www.europesays.com\/fr\/135717\/","title":{"rendered":"Nice. L&rsquo;h\u00e9licopt\u00e8re du Samu clou\u00e9 au sol pour une dur\u00e9e illimit\u00e9e : voici pourquoi"},"content":{"rendered":"<p>            Par<br \/>\n        <strong><br \/>\n            <a href=\"https:\/\/actu.fr\/auteur\/manon-reinhardt\" title=\"Consulter tous les articles de Manon Reinhardt\" target=\"_blank\" rel=\"noopener\">Manon Reinhardt<\/a><br \/>\n        <\/strong><\/p>\n<p>        Publi\u00e9 le<\/p>\n<p>            28 mai 2025 \u00e0 17h11        <\/p>\n<p>Ils sont rarement sur le devant de la sc\u00e8ne et pourtant, la profession est d\u00e9crite comme pr\u00e9caire. De mani\u00e8re tout \u00e0 fait exceptionnelle, les pilotes de l\u2019h\u00e9licopt\u00e8re du Samu 06 ont d\u00e9cid\u00e9 de faire gr\u00e8ve pour une dur\u00e9e illimit\u00e9e, rejoignant ainsi un mouvement national, rapporte <a href=\"https:\/\/www.nicematin.com\/greve-mouvements-sociaux\/greve-a-partir-du-29-mai-l-helico-du-samu-06-restera-au-sol-987631?utm_content=link&amp;t=1748441093\" target=\"_blank\" rel=\"noopener\">Nice-Matin<\/a>. L\u2019appareil, bas\u00e9 \u00e0 <a href=\"https:\/\/actu.fr\/provence-alpes-cote-d-azur\/nice_06088\" target=\"_blank\" rel=\"noopener\">Nice<\/a>, restera donc <strong>clou\u00e9 au sol<\/strong> \u00e0 partir de ce jeudi 29\u00a0mai 2025 et ne partira pas en intervention.<\/p>\n<p class=\" wall-content\">Les gr\u00e9vistes d\u00e9noncent leurs conditions de travail et surtout leur bas salaire, pour le m\u00e9tier \u00e0 risque qu\u2019il exerce.<\/p>\n<p>L\u2019appareil ne volera plus \u00e0 partir de ce jeudi<\/p>\n<p class=\" wall-content\">L\u2019h\u00e9licopt\u00e8re du Samu 06 ne quittera pas le toit de l\u2019h\u00f4pital de l\u2019Archet 2. Les pilotes ont annonc\u00e9 \u00e0 nos confr\u00e8res entamer une gr\u00e8ve illimit\u00e9e <strong>\u00e0 partir de ce jeudi 29\u00a0mai 2025<\/strong>. Vous l\u2019avez compris, l\u2019appareil, pr\u00e9cieux lors d\u2019intervention p\u00e9rilleuse ou en cas d\u2019extr\u00eame urgence, restera clou\u00e9 au sol.<\/p>\n<p class=\" wall-content\">\u00ab\u2009Notre pr\u00e9occupation premi\u00e8re, c\u2019est de faire du secours. Mais, face \u00e0 l\u2019indiff\u00e9rence du minist\u00e8re et de notre patron, nous n\u2019avons d\u2019autre choix que de faire gr\u00e8ve\u2009\u00bb, confie Jean-Bernard Petroni, l\u2019un des pilotes, \u00e0 Nice-Matin.<\/p>\n<p class=\" wall-content\">En effet, les pilotes sont pay\u00e9s\u2026 <strong>au smic<\/strong>, soit environ 1\u2009420\u00a0euros net par mois. \u00ab\u2009\u00c0 travail \u00e9gal, sur la base des r\u00e9mun\u00e9rations europ\u00e9ennes, nous sommes le pays le moins bien r\u00e9mun\u00e9r\u00e9\u2009\u00bb, explique \u00e9galement Jean-Bernard Petroni, chef de base Samu 06, au journal local. Moins qu\u2019en Roumanie, pr\u00e9cise-t-il.<\/p>\n<p>Vid\u00e9os : en ce moment sur ActuSalaire, conditions de travail, pr\u00e9carit\u00e9\u2026<\/p>\n<p class=\" wall-content\">Ils d\u00e9noncent aussi des conditions de travail inadapt\u00e9es, avec un canap\u00e9 en guise de lit pour se reposer durant plusieurs jours de garde. Salari\u00e9s en <strong>CDI int\u00e9rimaire <\/strong>pour la soci\u00e9t\u00e9 priv\u00e9e Backock, ils restent toutefois sous tutelle du minist\u00e8re de la Sant\u00e9 et soumis aux contraintes budg\u00e9taires.<\/p>\n<blockquote class=\"ac-article-quote wall-content\">\n<p>Ce qu\u2019il faut comprendre, c\u2019est que nous sommes des CDI int\u00e9rimaires. Le contrat d\u00e9croch\u00e9 par notre entreprise n\u2019est que de dix ans. Et il n\u2019y a aucune obligation de faire de reprendre les \u00e9quipages si notre soci\u00e9t\u00e9 perd le contrat au moment du renouvellement. Dans ces conditions-l\u00e0 vous imaginez bien qu\u2019il est compliqu\u00e9 de d\u00e9crocher un cr\u00e9dit aupr\u00e8s d\u2019une banque&#8230;<\/p>\n<p>    <strong>Jean-Bernard Petroni<\/strong><br \/>\n        Pilote du Samu 06 depuis 32 ans    <\/p><\/blockquote>\n<p class=\" wall-content\">Aujourd\u2019hui, sa r\u00e9mun\u00e9ration ne prend pas en compte les ann\u00e9es d\u2019anciennement et n\u2019a pas \u00e9t\u00e9 revue depuis huit ans. Le pr\u00e9avis d\u00e9pos\u00e9 est pour une dur\u00e9e <strong>illimit\u00e9e<\/strong>, mais la pr\u00e9fecture peut les obliger \u00e0 reprendre du service.<\/p>\n<p class=\" wall-content\">\u00ab\u2009Nous verrons bien, mais nous voulons nous faire entendre\u2009\u00bb, ont-ils martel\u00e9 \u00e0 nos confr\u00e8res.<\/p>\n<p class=\" wall-content\">Suivez toute l\u2019actualit\u00e9 de vos villes et m\u00e9dias favoris en vous inscrivant \u00e0 <a href=\"https:\/\/moncompte.actu.fr\" title=\"D\u00e9couvez Mon Actu\" rel=\"nofollow noopener\" data-trk=\"{&quot;cta&quot;:{&quot;action&quot;:&quot;https:\\\/\\\/moncompte.actu.fr&quot;,&quot;category&quot;:&quot;mon compte&quot;,&quot;from&quot;:&quot;article footer&quot;,&quot;name&quot;:&quot;Mon actu&quot;,&quot;type&quot;:&quot;cta&quot;}}\" target=\"_blank\">Mon Actu<\/a>.<\/p>\n","protected":false},"excerpt":{"rendered":"Par Manon Reinhardt Publi\u00e9 le 28 mai 2025 \u00e0 17h11 Ils sont rarement sur le devant de la&hellip;\n","protected":false},"author":2,"featured_media":135718,"comment_status":"","ping_status":"","sticky":false,"template":"","format":"standard","meta":{"footnotes":""},"categories":[2819],"tags":[1111,11,1777,674,1011,27,6151,100,12,2401,882,25,71,104],"class_list":{"0":"post-135717","1":"post","2":"type-post","3":"status-publish","4":"format-standard","5":"has-post-thumbnail","7":"category-nice","8":"tag-actu","9":"tag-actualites","10":"tag-eu","11":"tag-europe","12":"tag-fr","13":"tag-france","14":"tag-greve","15":"tag-hopital","16":"tag-news","17":"tag-nice","18":"tag-provence-alpes-cote-dazur","19":"tag-republique-francaise","20":"tag-sante","21":"tag-societe"},"share_on_mastodon":{"url":"https:\/\/pubeurope.com\/@fr\/114588573009241285","error":""},"_links":{"self":[{"href":"https:\/\/www.europesays.com\/fr\/wp-json\/wp\/v2\/posts\/135717","targetHints":{"allow":["GET"]}}],"collection":[{"href":"https:\/\/www.europesays.com\/fr\/wp-json\/wp\/v2\/posts"}],"about":[{"href":"https:\/\/www.europesays.com\/fr\/wp-json\/wp\/v2\/types\/post"}],"author":[{"embeddable":true,"href":"https:\/\/www.europesays.com\/fr\/wp-json\/wp\/v2\/users\/2"}],"replies":[{"embeddable":true,"href":"https:\/\/www.europesays.com\/fr\/wp-json\/wp\/v2\/comments?post=135717"}],"version-history":[{"count":0,"href":"https:\/\/www.europesays.com\/fr\/wp-json\/wp\/v2\/posts\/135717\/revisions"}],"wp:featuredmedia":[{"embeddable":true,"href":"https:\/\/www.europesays.com\/fr\/wp-json\/wp\/v2\/media\/135718"}],"wp:attachment":[{"href":"https:\/\/www.europesays.com\/fr\/wp-json\/wp\/v2\/media?parent=135717"}],"wp:term":[{"taxonomy":"category","embeddable":true,"href":"https:\/\/www.europesays.com\/fr\/wp-json\/wp\/v2\/categories?post=135717"},{"taxonomy":"post_tag","embeddable":true,"href":"https:\/\/www.europesays.com\/fr\/wp-json\/wp\/v2\/tags?post=135717"}],"curies":[{"name":"wp","href":"https:\/\/api.w.org\/{rel}","templated":true}]}}