{"id":135720,"date":"2025-05-29T01:43:27","date_gmt":"2025-05-29T01:43:27","guid":{"rendered":"https:\/\/www.europesays.com\/fr\/135720\/"},"modified":"2025-05-29T01:43:27","modified_gmt":"2025-05-29T01:43:27","slug":"le-fc-nantes-annonce-un-record-de-maillots-vendus","status":"publish","type":"post","link":"https:\/\/www.europesays.com\/fr\/135720\/","title":{"rendered":"Le FC Nantes annonce un record de maillots vendus"},"content":{"rendered":"<p><img fetchpriority=\"high\" decoding=\"async\" width=\"620\" height=\"413\" src=\"https:\/\/www.europesays.com\/fr\/wp-content\/uploads\/2025\/05\/Maillot-FC-Nantes-620x413.jpeg\" alt=\"\" class=\"wp-image-310571\"  \/>Un bon cru pour la collection 2024-2025 des maillots du FC Nantes.<\/p>\n<p>Suite des (bons) chiffres du <a href=\"https:\/\/sportune.20minutes.fr\/fc-nantes\" target=\"_blank\" rel=\"noopener\">FC Nantes<\/a> sur la saison 2024-2025 qui s\u2019ach\u00e8ve bient\u00f4t, apr\u00e8s <a href=\"https:\/\/sportune.20minutes.fr\/fc-nantes-les-chiffres-de-performance-du-fc-nantes-sur-le-digital-367112\" target=\"_blank\" rel=\"noopener\">les performances enregistr\u00e9es sur la partie digitale<\/a> et les r\u00e9seaux sociaux, le club de la Loire s\u2019attarde sur les donn\u00e9es li\u00e9es \u00e0 l\u2019engagement physique de ses fans. En s\u2019attardant d\u2019abord sur leur pr\u00e9sence \u00e0 La Beaujoire, les jours de matchs \u00e0 domicile.<\/p>\n<p>La meilleure affluence depuis 20 ans \u00e0 La Beaujoire<\/p>\n<p>A ce titre, le <a href=\"https:\/\/sportune.20minutes.fr\/fc-nantes\" target=\"_blank\" rel=\"noopener\">FC Nantes<\/a> rappelle l\u2019affluence moyenne de 30 269 spectateurs par match (pour un taux d\u2019occupation de 85%), qui <a href=\"https:\/\/sportune.20minutes.fr\/affluences-et-taux-doccupation-records-au-terme-de-la-ligue-1-2024-25-selon-la-lfp-366517\" target=\"_blank\" rel=\"noopener\">la sixi\u00e8me plus \u00e9lev\u00e9 en championnat de Ligue 1<\/a>. Presque un tiers des matchs s\u2019est disput\u00e9 \u00e0 guichets ferm\u00e9s et c\u2019est la visite du <a href=\"https:\/\/sportune.20minutes.fr\/montpellier-hsc-mhsc\" target=\"_blank\" rel=\"noopener\">Montpellier HSC<\/a> qui a g\u00e9n\u00e9r\u00e9 le plus grand nombre de visiteurs en tribunes (34 780).<\/p>\n<p>Un record de ventes sur les maillots officiels du FC Nantes<\/p>\n<p>Le <a href=\"https:\/\/sportune.20minutes.fr\/fc-nantes\" target=\"_blank\" rel=\"noopener\">FC Nantes<\/a> a ainsi enregistr\u00e9 sa meilleure affluence moyenne de puis la saison 2004-2005, qui r\u00e9sonne plus largement sur les achats de ses fans, en produits d\u00e9riv\u00e9s. Plus sp\u00e9cifiquement au niveau des maillots, qui ont \u00e9t\u00e9 vendus \u00e0 un niveau record indique le club, sans toutefois donner le volume des tuniques \u00e9coul\u00e9es<\/p>\n","protected":false},"excerpt":{"rendered":"Un bon cru pour la collection 2024-2025 des maillots du FC Nantes. Suite des (bons) chiffres du FC&hellip;\n","protected":false},"author":2,"featured_media":135721,"comment_status":"","ping_status":"","sticky":false,"template":"","format":"standard","meta":{"footnotes":""},"categories":[2818],"tags":[1111,11,1777,674,462,1011,27,10274,9020,766,12,2636,25],"class_list":{"0":"post-135720","1":"post","2":"type-post","3":"status-publish","4":"format-standard","5":"has-post-thumbnail","7":"category-nantes","8":"tag-actu","9":"tag-actualites","10":"tag-eu","11":"tag-europe","12":"tag-fc-nantes","13":"tag-fr","14":"tag-france","15":"tag-maillot","16":"tag-merchandising","17":"tag-nantes","18":"tag-news","19":"tag-pays-de-la-loire","20":"tag-republique-francaise"},"share_on_mastodon":{"url":"https:\/\/pubeurope.com\/@fr\/114588588809576178","error":""},"_links":{"self":[{"href":"https:\/\/www.europesays.com\/fr\/wp-json\/wp\/v2\/posts\/135720","targetHints":{"allow":["GET"]}}],"collection":[{"href":"https:\/\/www.europesays.com\/fr\/wp-json\/wp\/v2\/posts"}],"about":[{"href":"https:\/\/www.europesays.com\/fr\/wp-json\/wp\/v2\/types\/post"}],"author":[{"embeddable":true,"href":"https:\/\/www.europesays.com\/fr\/wp-json\/wp\/v2\/users\/2"}],"replies":[{"embeddable":true,"href":"https:\/\/www.europesays.com\/fr\/wp-json\/wp\/v2\/comments?post=135720"}],"version-history":[{"count":0,"href":"https:\/\/www.europesays.com\/fr\/wp-json\/wp\/v2\/posts\/135720\/revisions"}],"wp:featuredmedia":[{"embeddable":true,"href":"https:\/\/www.europesays.com\/fr\/wp-json\/wp\/v2\/media\/135721"}],"wp:attachment":[{"href":"https:\/\/www.europesays.com\/fr\/wp-json\/wp\/v2\/media?parent=135720"}],"wp:term":[{"taxonomy":"category","embeddable":true,"href":"https:\/\/www.europesays.com\/fr\/wp-json\/wp\/v2\/categories?post=135720"},{"taxonomy":"post_tag","embeddable":true,"href":"https:\/\/www.europesays.com\/fr\/wp-json\/wp\/v2\/tags?post=135720"}],"curies":[{"name":"wp","href":"https:\/\/api.w.org\/{rel}","templated":true}]}}