{"id":135728,"date":"2025-05-29T01:47:11","date_gmt":"2025-05-29T01:47:11","guid":{"rendered":"https:\/\/www.europesays.com\/fr\/135728\/"},"modified":"2025-05-29T01:47:11","modified_gmt":"2025-05-29T01:47:11","slug":"a-toulouse-lenorme-coup-de-gueule-de-thomas-brail-figure-de-la-lutte","status":"publish","type":"post","link":"https:\/\/www.europesays.com\/fr\/135728\/","title":{"rendered":"\u00e0 Toulouse, l&rsquo;\u00e9norme coup de gueule de Thomas Brail, figure de la lutte"},"content":{"rendered":"<p>            Par<br \/>\n        <strong><br \/>\n            <a href=\"https:\/\/actu.fr\/auteur\/marie-lamarque\" title=\"Consulter tous les articles de Marie Lamarque\" target=\"_blank\" rel=\"noopener\">Marie Lamarque<\/a><br \/>\n        <\/strong><\/p>\n<p>        Publi\u00e9 le<\/p>\n<p>            28 mai 2025 \u00e0 20h08        <\/p>\n<p>Il n\u2019aura pas fallu longtemps pour que la grogne se fasse entendre dans la Ville rose. Ce mercredi 28 mai 2025, la cour administrative d\u2019appel de Toulouse <a href=\"https:\/\/actu.fr\/occitanie\/toulouse_31555\/autoroute-a69-castres-toulouse-voici-quand-reprendra-le-chantier-selon-le-ministre-des-transports_62698566.html\" target=\"_blank\" rel=\"noopener\">a act\u00e9 la reprise du chantier<\/a> de la tr\u00e8s contest\u00e9e <a href=\"https:\/\/actu.fr\/tag\/autoroute-castres-toulouse-a69\" target=\"_blank\" rel=\"noopener\">A69 qui doit relier la capitale occitane \u00e0 Castres<\/a>.<\/p>\n<p class=\" wall-content\">Rapidement, les opposants <a href=\"https:\/\/actu.fr\/occitanie\/toulouse_31555\/reprise-du-chantier-de-l-a69-toulouse-castres-sideres-les-opposants-vont-manifester-en-centre-ville_62700062.html\" target=\"_blank\" rel=\"noopener\">ont appel\u00e9 au rassemblement<\/a>. <strong>Environ 150 personnes<\/strong> se sont donn\u00e9 rendez-vous devant la gare Matabiau aux alentours de 18h30, constate notre journaliste sur place.<\/p>\n<p>\u00ab\u00a0L\u2019A69 demeure ill\u00e9gale\u00a0\u00bb pour les opposants<\/p>\n<p class=\" wall-content\">\u00ab\u00a0Apr\u00e8s la joie de l\u2019arr\u00eat du chantier le 27 f\u00e9vrier dernier, beaucoup d\u2019entre nous sont pris-e-s par la sid\u00e9ration en cette p\u00e9riode o\u00f9 nous luttons avec acharnement et o\u00f9 les pouvoirs publics \u2013 de l\u2019artificialisation des terres aux pesticides \u2013 pi\u00e9tinent l\u2019ensemble des mesures \u00e9cologiques et poussent \u00e0 la destruction acc\u00e9l\u00e9r\u00e9e de nos milieux de vie.\u00a0 Ce soir, il est essentiel de nous retrouver, pour crier notre rage d\u00e9noncer la mainmise du pouvoir sur la justice, son acharnement, sa violence\u2026 et pr\u00e9parer ensemble la riposte\u00a0\u00bb, avait \u00e9crit les membres du mouvement Teuf contre l\u2019A69.<\/p>\n<p class=\" wall-content\">\u00ab\u00a0Il aura fallu neuf lignes pour balayer des centaines de pages produites en d\u00e9fense, qui sont une insulte au justiciable et t\u00e9moignent du caract\u00e8re politique du projet\u00a0\u00bb, d\u00e9noncent les manifestants \u00e0 Toulouse ce mercredi soir.<\/p>\n<p class=\" wall-content\">\u00ab\u00a0<strong>L\u2019A69 demeure ill\u00e9gale.<\/strong> Le jugement en premi\u00e8re instance vaut toujours et nous sommes confiants sur l\u2019appel au fond\u00a0\u00bb, souligne M\u00e9lanie du groupe juridique des opposants.<\/p>\n<p>Vid\u00e9os : en ce moment sur Actu<br \/>\n    <img   decoding=\"async\" loading=\"lazy\" src=\"https:\/\/www.europesays.com\/fr\/wp-content\/uploads\/2025\/05\/manif-a69-toulouse-960x640.jpg\" alt=\"Environ 150 personnes \u00e9taient pr\u00e9sentes \u00e0 Toulouse.\" width=\"960\" height=\"640\"\/><br \/>\n    Environ 150 personnes \u00e9taient pr\u00e9sentes \u00e0 Toulouse. (\u00a9Guillaume Laurens \/ Actu Toulouse)Thomas Brail envisage \u00ab\u00a0une gr\u00e8ve de la soif\u00a0\u00bb<\/p>\n<p class=\" wall-content\">Parmi les opposants r\u00e9unis \u00e0 Toulouse, <a href=\"https:\/\/actu.fr\/occitanie\/toulouse_31555\/toulouse-a69-perche-dans-un-arbre-a-12-metres-de-haut-un-militant-secouru-autoroute-ecologie-travaux_60069884.html\" target=\"_blank\" rel=\"noopener\">une figure<\/a> : celle de <strong>Thomas Brail<\/strong>, fondateur du Groupe national de surveillance des arbres (GNSA), qui d\u00e9nonce ce mercredi \u00ab\u00a0un passage en force\u00a0\u00bb.\u00a0Il appelle l\u2019\u00c9tat \u00e0 \u00ab\u00a0ne pas reprendre les travaux tant que l\u2019appel sur le fond n\u2019est pas jug\u00e9. Ils sont en train de remettre un bidon d\u2019essence sur le projet\u00a0\u00bb.<\/p>\n<p class=\" wall-content\">Le militant pourrait entamer une <strong>gr\u00e8ve de la soif<\/strong> \u00ab\u00a0s\u2019ils remettent un engin sur le chantier\u00a0\u00bb.<\/p>\n<p>    <img   decoding=\"async\" loading=\"lazy\" src=\"https:\/\/www.europesays.com\/fr\/wp-content\/uploads\/2025\/05\/thomas-brail-toulouse-militants-a69-960x640.jpg\" alt=\"Thomas Baril, l'une des figures de la lutte contre l'A69.\" width=\"960\" height=\"640\"\/><br \/>\n    Thomas Brail, l\u2019une des figures de la lutte contre l\u2019A69. (\u00a9Guillaume Laurens \/ Actu Toulouse)\u00ab\u00a0On parle d\u2019utilit\u00e9 publique, mais c\u2019est pour un projet priv\u00e9\u00a0\u00bb<\/p>\n<p class=\" wall-content\">\u00ab\u00a0On ne fait pas une autoroute pour <a href=\"https:\/\/actu.fr\/occitanie\/castres_81065\/arret-du-chantier-de-l-a69-le-groupe-pierre-fabre-s-agace-et-menace-d-aller-voir-ailleurs_62310183.html\" target=\"_blank\" rel=\"noopener\">les laboratoires Pierre Fabre<\/a> [le si\u00e8ge social du g\u00e9ant pharmaceutique doit \u00eatre desservi par la future autoroute, NDLR]. Je suis d\u00e9sol\u00e9 de le dire. On parle d\u2019utilit\u00e9 publique, mais c\u2019est pour un projet priv\u00e9\u00a0\u00bb, a-t-il \u00e9galement d\u00e9nonc\u00e9.<\/p>\n<p class=\" wall-content\">Et d\u2019ajouter : \u00ab\u00a0on trouve de l\u2019argent pour des projets stupides, mais pour r\u00e9pondre aux probl\u00e9matiques du peuple, on n\u2019en a pas\u00a0\u00bb.<\/p>\n<blockquote class=\"tiktok-embed\" cite=\"https:\/\/www.tiktok.com\/@actutoulouse\/video\/7509565633265143062\" data-video-id=\"7509565633265143062\" data-embed-from=\"oembed\" style=\"max-width:605px; min-width:325px;\"><p>\n<a target=\"_blank\" title=\"@actutoulouse\" href=\"https:\/\/www.tiktok.com\/@actutoulouse?refer=embed\" rel=\"noopener\">@actutoulouse<\/a> <\/p>\n<p>\u270a\ufe0f Environ 150 manifestants ont exprim\u00e9 leur col\u00e8re \u00e0 <a title=\"toulouse\" target=\"_blank\" href=\"https:\/\/www.tiktok.com\/tag\/toulouse?refer=embed\" rel=\"noopener\">#Toulouse<\/a> face \u00e0 la d\u00e9cision de justice qui permet la reprise du chantier de l\u2019A69. Parmi eux, Thomas Brail, fondateur du GNSA, et figure de la lutte contre l\u2019autoroute entre Toulouse et Castres. Il menace de se mettre \u00ab\u00a0en gr\u00e8ve de la soif\u00a0\u00bb\u2026 <a title=\"toulouse31\" target=\"_blank\" href=\"https:\/\/www.tiktok.com\/tag\/toulouse31?refer=embed\" rel=\"noopener\">#toulouse31<\/a> <a title=\"toulousemaville\" target=\"_blank\" href=\"https:\/\/www.tiktok.com\/tag\/toulousemaville?refer=embed\" rel=\"noopener\">#toulousemaville<\/a> <a title=\"sinformersurtiktok\" target=\"_blank\" href=\"https:\/\/www.tiktok.com\/tag\/sinformersurtiktok?refer=embed\" rel=\"noopener\">#sinformersurtiktok<\/a> <a title=\"f\u270a\ufe0f\" target=\"_blank\" href=\"https:\/\/www.tiktok.com\/tag\/f%E2%9C%8A%EF%B8%8F?refer=embed\" rel=\"noopener\">#f\u270a\ufe0f<\/a> Environ 150 manifestants ont exprim\u00e9 leur col\u00e8re \u00e0 <a title=\"toulouse\" target=\"_blank\" href=\"https:\/\/www.tiktok.com\/tag\/toulouse?refer=embed\" rel=\"noopener\">#Toulouse<\/a> face \u00e0 la d\u00e9cision de justice qui permet la reprise du chantier de l\u2019A69. Parmi eux, Thomas Brail, fondateur du GNSA, et figure de la lutte contre l\u2019autoroute entre Toulouse et Castres. Il menace de se mettre \u00ab\u00a0en gr\u00e8ve de la soif\u00a0\u00bb\u2026 <a title=\"toulouse31\" target=\"_blank\" href=\"https:\/\/www.tiktok.com\/tag\/toulouse31?refer=embed\" rel=\"noopener\">#toulouse31<\/a> <a title=\"toulousemaville\" target=\"_blank\" href=\"https:\/\/www.tiktok.com\/tag\/toulousemaville?refer=embed\" rel=\"noopener\">#toulousemaville<\/a> <a title=\"sinformersurtiktok\" target=\"_blank\" href=\"https:\/\/www.tiktok.com\/tag\/sinformersurtiktok?refer=embed\" rel=\"noopener\">#sinformersurtiktok<\/a> <a title=\"fyp\" target=\"_blank\" href=\"https:\/\/www.tiktok.com\/tag\/fyp?refer=embed\" rel=\"noopener\">#fyp<\/a> <a title=\"pourtoi\" target=\"_blank\" href=\"https:\/\/www.tiktok.com\/tag\/pourtoi?refer=embed\" rel=\"noopener\">#pourtoi<\/a>  <a title=\"apprendresurtiktok\" target=\"_blank\" href=\"https:\/\/www.tiktok.com\/tag\/apprendresurtiktok?refer=embed\" rel=\"noopener\">#ApprendresurTiktok<\/a> <a title=\"pourtoi\" target=\"_blank\" href=\"https:\/\/www.tiktok.com\/tag\/pourtoi?refer=embed\" rel=\"noopener\">#pourtoi<\/a> <a title=\"fyp\" target=\"_blank\" href=\"https:\/\/www.tiktok.com\/tag\/fyp?refer=embed\" rel=\"noopener\">#fyp<\/a> <a title=\"apprendresurtiktok\" target=\"_blank\" href=\"https:\/\/www.tiktok.com\/tag\/apprendresurtiktok?refer=embed\" rel=\"noopener\">#ApprendresurTiktok<\/a> <\/p>\n<p> <a target=\"_blank\" title=\"\u266c Ready - Official Sound Studio\" href=\"https:\/\/www.tiktok.com\/music\/Ready-6756879114637934600?refer=embed\" rel=\"noopener\">\u266c Ready \u2013 Official Sound Studio<\/a> <\/p>\n<\/blockquote>\n<p>\u00ab\u00a0Nous appelons \u00e0 la raison\u00a0\u00bb, lance R\u00e9gis Godec<\/p>\n<p class=\" wall-content\">Parmi les personnalit\u00e9s politiques pr\u00e9sentes, <strong>R\u00e9gis Godec<\/strong>, <a href=\"https:\/\/actu.fr\/occitanie\/toulouse_31555\/toulouse-les-ecologistes-ont-choisi-leur-chef-de-file-pour-les-municipales-2026_61851341.html\" target=\"_blank\" rel=\"noopener\">le chef de file des \u00c9cologistes<\/a> pour les Municipales 2026 \u00e0 Toulouse.<\/p>\n<p class=\" wall-content\">Pour lui, \u00ab\u00a0le combat est long. Cela fait des ann\u00e9es que nous nous battons contre l\u2019A69 et son monde. Le chemin de la victoire est marqu\u00e9 de plusieurs \u00e9tapes\u00a0\u00bb, a-t-il insist\u00e9. Consid\u00e9rant que \u00ab\u00a0l\u2019A69 reste ill\u00e9gale\u00a0\u00bb en attendant la d\u00e9cision sur le fond, il lance : \u00ab\u00a0Nous appelons l\u2019ensemble des porteurs de projet \u00e0 la raison et \u00e0 ne pas relancer les travaux\u00a0\u00bb.<\/p>\n<p>    <img   decoding=\"async\" loading=\"lazy\" src=\"https:\/\/www.europesays.com\/fr\/wp-content\/uploads\/2025\/05\/regis-godec-toulouse-a69-960x640.jpg\" alt=\"Parmi les personnalit\u00e9s politiques pr\u00e9sentes, R\u00e9gis Godec.\" width=\"960\" height=\"640\"\/><br \/>\n    Parmi les personnalit\u00e9s politiques pr\u00e9sentes, R\u00e9gis Godec. (\u00a9Guillaume Laurens \/ Actu Toulouse)Un autre grand rassemblement de deux jours<\/p>\n<p class=\" wall-content\">Une \u00ab\u2009grande convergence\u2009\u00bb des collectifs aura \u00e9galement lieu du 4 au 6 juillet, \u00e0 l\u2019appel des Soul\u00e8vements de la Terre. Pendant deux jours, \u00ab\u2009on se mobilise ensemble contre la reprise des travaux dans un grand moment de convergence quelque part pr\u00e8s du trac\u00e9\u2009\u00bb de l\u2019A69, ont expliqu\u00e9 les opposants.<\/p>\n<p><strong>Avec Guillaume Laurens<\/strong><\/p>\n<p class=\" wall-content\">Suivez toute l\u2019actualit\u00e9 de vos villes et m\u00e9dias favoris en vous inscrivant \u00e0 <a href=\"https:\/\/moncompte.actu.fr\" title=\"D\u00e9couvez Mon Actu\" rel=\"nofollow noopener\" data-trk=\"{&quot;cta&quot;:{&quot;action&quot;:&quot;https:\\\/\\\/moncompte.actu.fr&quot;,&quot;category&quot;:&quot;mon compte&quot;,&quot;from&quot;:&quot;article footer&quot;,&quot;name&quot;:&quot;Mon actu&quot;,&quot;type&quot;:&quot;cta&quot;}}\" target=\"_blank\">Mon Actu<\/a>.<\/p>\n<ul class=\"ac-article-tag wall-content\">\n<li><a href=\"https:\/\/actu.fr\/tag\/autoroute-castres-toulouse-a69\" data-trk=\"{&quot;cta&quot;:{&quot;action&quot;:&quot;Autoroute Castres-Toulouse (A69)&quot;,&quot;category&quot;:&quot;tag&quot;,&quot;from&quot;:&quot;article footer&quot;,&quot;name&quot;:&quot;Autoroute Castres-Toulouse (A69)&quot;,&quot;type&quot;:&quot;cta&quot;}}\" target=\"_blank\" rel=\"noopener\">#Autoroute Castres-Toulouse (A69)<\/a><\/li>\n<\/ul>\n<p>                    <script async src=\"\/\/www.tiktok.com\/embed.js\"><\/script><\/p>\n","protected":false},"excerpt":{"rendered":"Par Marie Lamarque Publi\u00e9 le 28 mai 2025 \u00e0 20h08 Il n\u2019aura pas fallu longtemps pour que la&hellip;\n","protected":false},"author":2,"featured_media":135729,"comment_status":"","ping_status":"","sticky":false,"template":"","format":"standard","meta":{"footnotes":""},"categories":[2816],"tags":[1111,11,5728,1777,674,1011,27,12,2680,25,104,2312],"class_list":{"0":"post-135728","1":"post","2":"type-post","3":"status-publish","4":"format-standard","5":"has-post-thumbnail","7":"category-toulouse","8":"tag-actu","9":"tag-actualites","10":"tag-autoroute-castres-toulouse-a69","11":"tag-eu","12":"tag-europe","13":"tag-fr","14":"tag-france","15":"tag-news","16":"tag-occitanie","17":"tag-republique-francaise","18":"tag-societe","19":"tag-toulouse"},"share_on_mastodon":{"url":"https:\/\/pubeurope.com\/@fr\/114588604431875987","error":""},"_links":{"self":[{"href":"https:\/\/www.europesays.com\/fr\/wp-json\/wp\/v2\/posts\/135728","targetHints":{"allow":["GET"]}}],"collection":[{"href":"https:\/\/www.europesays.com\/fr\/wp-json\/wp\/v2\/posts"}],"about":[{"href":"https:\/\/www.europesays.com\/fr\/wp-json\/wp\/v2\/types\/post"}],"author":[{"embeddable":true,"href":"https:\/\/www.europesays.com\/fr\/wp-json\/wp\/v2\/users\/2"}],"replies":[{"embeddable":true,"href":"https:\/\/www.europesays.com\/fr\/wp-json\/wp\/v2\/comments?post=135728"}],"version-history":[{"count":0,"href":"https:\/\/www.europesays.com\/fr\/wp-json\/wp\/v2\/posts\/135728\/revisions"}],"wp:featuredmedia":[{"embeddable":true,"href":"https:\/\/www.europesays.com\/fr\/wp-json\/wp\/v2\/media\/135729"}],"wp:attachment":[{"href":"https:\/\/www.europesays.com\/fr\/wp-json\/wp\/v2\/media?parent=135728"}],"wp:term":[{"taxonomy":"category","embeddable":true,"href":"https:\/\/www.europesays.com\/fr\/wp-json\/wp\/v2\/categories?post=135728"},{"taxonomy":"post_tag","embeddable":true,"href":"https:\/\/www.europesays.com\/fr\/wp-json\/wp\/v2\/tags?post=135728"}],"curies":[{"name":"wp","href":"https:\/\/api.w.org\/{rel}","templated":true}]}}