{"id":135732,"date":"2025-05-29T01:50:15","date_gmt":"2025-05-29T01:50:15","guid":{"rendered":"https:\/\/www.europesays.com\/fr\/135732\/"},"modified":"2025-05-29T01:50:15","modified_gmt":"2025-05-29T01:50:15","slug":"un-accident-impliquant-3-vehicules-provoque-un-fort-bouchon-dans-le-vaucluse-en-direction-de-marseille","status":"publish","type":"post","link":"https:\/\/www.europesays.com\/fr\/135732\/","title":{"rendered":"un accident, impliquant 3 v\u00e9hicules, provoque un fort bouchon dans le Vaucluse, en direction de Marseille"},"content":{"rendered":"<p>Dans le secteur de Mondragon\/Boll\u00e8ne, sur l\u2019autoroute A7 et en direction de Marseille, un accident a eu lieu ce mercredi matin 28 mai \u00e0 9h20. Pas moins de quatre voitures se sont t\u00e9lescop\u00e9es, au niveau de l&rsquo;aire de Mornas.<\/p>\n<p>Sur les douze personnes impliqu\u00e9es dans le carambolage, cinq ont \u00e9t\u00e9 l\u00e9g\u00e8rement bless\u00e9es et transport\u00e9es vers les centres hospitaliers d&rsquo;Orange et d&rsquo;Avignon.<\/p>\n<p>On comptait, dans cette zone, pr\u00e8s de 15 kilom\u00e8tres de bouchon. Les pompiers et les patrouilleurs de Vinci ont \u00e9t\u00e9 d\u00e9ploy\u00e9es sur place afin de s\u2019occuper des victimes et de s\u00e9curiser la zone.<\/p>\n<p>Vu l&rsquo;ampleur de l&rsquo;accident, les pompiers vauclusiens ont d\u00fb mettre en place le plan NOVI (Nombreuses Victimes). 26 pompiers et treize v\u00e9hicules ont \u00e9t\u00e9 d\u00e9ploy\u00e9s jusqu&rsquo;\u00e0 11 heures.<\/p>\n<p>La vigilance est de mise ce week-end<\/p>\n<p>La vigilance est de mise, en ce week-end de Pont de l&rsquo;Ascension, car le trafic s&rsquo;annonce particuli\u00e8rement dense. En particulier sur l&rsquo;A7.<\/p>\n","protected":false},"excerpt":{"rendered":"Dans le secteur de Mondragon\/Boll\u00e8ne, sur l\u2019autoroute A7 et en direction de Marseille, un accident a eu lieu&hellip;\n","protected":false},"author":2,"featured_media":135733,"comment_status":"","ping_status":"","sticky":false,"template":"","format":"standard","meta":{"footnotes":""},"categories":[2814],"tags":[17,1111,11,4901,7725,1777,674,1011,27,5239,26158,12091,884,26159,12,882,16,25,3356],"class_list":{"0":"post-135732","1":"post","2":"type-post","3":"status-publish","4":"format-standard","5":"has-post-thumbnail","7":"category-marseille","8":"tag-17","9":"tag-actu","10":"tag-actualites","11":"tag-blesses","12":"tag-carambolage","13":"tag-eu","14":"tag-europe","15":"tag-fr","16":"tag-france","17":"tag-gros","18":"tag-la7","19":"tag-legers","20":"tag-marseille","21":"tag-mondragon","22":"tag-news","23":"tag-provence-alpes-cote-dazur","24":"tag-region","25":"tag-republique-francaise","26":"tag-sur"},"share_on_mastodon":{"url":"https:\/\/pubeurope.com\/@fr\/114588616193029834","error":""},"_links":{"self":[{"href":"https:\/\/www.europesays.com\/fr\/wp-json\/wp\/v2\/posts\/135732","targetHints":{"allow":["GET"]}}],"collection":[{"href":"https:\/\/www.europesays.com\/fr\/wp-json\/wp\/v2\/posts"}],"about":[{"href":"https:\/\/www.europesays.com\/fr\/wp-json\/wp\/v2\/types\/post"}],"author":[{"embeddable":true,"href":"https:\/\/www.europesays.com\/fr\/wp-json\/wp\/v2\/users\/2"}],"replies":[{"embeddable":true,"href":"https:\/\/www.europesays.com\/fr\/wp-json\/wp\/v2\/comments?post=135732"}],"version-history":[{"count":0,"href":"https:\/\/www.europesays.com\/fr\/wp-json\/wp\/v2\/posts\/135732\/revisions"}],"wp:featuredmedia":[{"embeddable":true,"href":"https:\/\/www.europesays.com\/fr\/wp-json\/wp\/v2\/media\/135733"}],"wp:attachment":[{"href":"https:\/\/www.europesays.com\/fr\/wp-json\/wp\/v2\/media?parent=135732"}],"wp:term":[{"taxonomy":"category","embeddable":true,"href":"https:\/\/www.europesays.com\/fr\/wp-json\/wp\/v2\/categories?post=135732"},{"taxonomy":"post_tag","embeddable":true,"href":"https:\/\/www.europesays.com\/fr\/wp-json\/wp\/v2\/tags?post=135732"}],"curies":[{"name":"wp","href":"https:\/\/api.w.org\/{rel}","templated":true}]}}